{"id":26004,"date":"2018-12-03T15:51:29","date_gmt":"2018-12-03T12:51:29","guid":{"rendered":"http:\/\/arantv.az\/?p=26004"},"modified":"2018-12-03T15:51:29","modified_gmt":"2018-12-03T12:51:29","slug":"s%c9%99kid%c9%99-evd%c9%99n-%c9%99r-v%c9%99-arvadin-meyiti-tapilib","status":"publish","type":"post","link":"https:\/\/arantv.az\/?p=26004","title":{"rendered":"\u015e\u0259kid\u0259 evd\u0259n \u0259r v\u0259 arvad\u0131n meyiti tap\u0131l\u0131b"},"content":{"rendered":"<p>\u015e\u0259ki rayonunda evd\u0259n ya\u015fl\u0131 \u0259r-arvad\u0131n meyiti tap\u0131l\u0131b.<\/p>\n<p><b>ARANTV.AZ<\/b>-\u0131n Report-a istinad\u0259n\u00a0m\u0259lumat\u0131na g\u00f6r\u0259, hadis\u0259 bu g\u00fcn g\u00fcnorta saatlar\u0131nda \u015e\u0259ki \u015f\u0259h\u0259ri, Salman M\u00fcmtaz k\u00fc\u00e7\u0259sind\u0259ki f\u0259rdi ya\u015fay\u0131\u015f evl\u0259rind\u0259n birind\u0259 qeyd\u0259 al\u0131n\u0131b.<\/p>\n<p>Bel\u0259 ki, 1937-ci il t\u0259v\u0259ll\u00fcdl\u00fc\u00a0<strong>Bahad\u0131r Zalov<\/strong>un v\u0259 onun h\u0259yat yolda\u015f\u0131, 1955-ci il t\u0259v\u0259ll\u00fcdl\u00fc\u00a0<strong>Elmira \u018fhm\u0259diyy\u0259 q\u0131z\u0131 Zalova<\/strong>n\u0131n \u00fcz\u0259rind\u0259 zorak\u0131l\u0131q \u0259lam\u0259tl\u0259ri olmayan meyitl\u0259ri ya\u015fad\u0131\u011f\u0131 \u00fcnvanda tap\u0131l\u0131b.<\/p>\n<div id=\"AdributorNativeVideo0\" class=\"AdributorNativeVideo\"><\/div>\n<p>Faktla ba\u011fl\u0131 ara\u015fd\u0131rma apar\u0131l\u0131r.<\/p>\n","protected":false},"excerpt":{"rendered":"<p>\u015e\u0259ki rayonunda evd\u0259n ya\u015fl\u0131 \u0259r-arvad\u0131n meyiti tap\u0131l\u0131b. ARANTV.AZ-\u0131n Report-a istinad\u0259n\u00a0m\u0259lumat\u0131na g\u00f6r\u0259, hadis\u0259 bu g\u00fcn g\u00fcnorta saatlar\u0131nda \u015e\u0259ki \u015f\u0259h\u0259ri, Salman M\u00fcmtaz k\u00fc\u00e7\u0259sind\u0259ki f\u0259rdi ya\u015fay\u0131\u015f evl\u0259rind\u0259n birind\u0259 qeyd\u0259 al\u0131n\u0131b. Bel\u0259 ki, 1937-ci il t\u0259v\u0259ll\u00fcdl\u00fc\u00a0Bahad\u0131r Zalovun v\u0259 onun h\u0259yat yolda\u015f\u0131, 1955-ci il t\u0259v\u0259ll\u00fcdl\u00fc\u00a0Elmira \u018fhm\u0259diyy\u0259 q\u0131z\u0131 Zalovan\u0131n \u00fcz\u0259rind\u0259 zorak\u0131l\u0131q \u0259lam\u0259tl\u0259ri olmayan meyitl\u0259ri ya\u015fad\u0131\u011f\u0131 \u00fcnvanda tap\u0131l\u0131b. Faktla ba\u011fl\u0131 ara\u015fd\u0131rma apar\u0131l\u0131r.<\/p>\n","protected":false},"author":2,"featured_media":26005,"comment_status":"closed","ping_status":"closed","sticky":false,"template":"","format":"standard","meta":{"om_disable_all_campaigns":false,"_monsterinsights_skip_tracking":false,"_monsterinsights_sitenote_active":false,"_monsterinsights_sitenote_note":"","_monsterinsights_sitenote_category":0},"categories":[5],"tags":[],"aioseo_notices":[],"gutentor_comment":0,"rttpg_featured_image_url":{"full":["https:\/\/arantv.az\/wp-content\/uploads\/2018\/12\/meyit.jpg",620,389,false],"landscape":["https:\/\/arantv.az\/wp-content\/uploads\/2018\/12\/meyit.jpg",620,389,false],"portraits":["https:\/\/arantv.az\/wp-content\/uploads\/2018\/12\/meyit.jpg",620,389,false],"thumbnail":["https:\/\/arantv.az\/wp-content\/uploads\/2018\/12\/meyit-150x150.jpg",150,150,true],"medium":["https:\/\/arantv.az\/wp-content\/uploads\/2018\/12\/meyit-300x188.jpg",300,188,true],"large":["https:\/\/arantv.az\/wp-content\/uploads\/2018\/12\/meyit.jpg",620,389,false],"1536x1536":["https:\/\/arantv.az\/wp-content\/uploads\/2018\/12\/meyit.jpg",620,389,false],"2048x2048":["https:\/\/arantv.az\/wp-content\/uploads\/2018\/12\/meyit.jpg",620,389,false],"post-thumbnail":["https:\/\/arantv.az\/wp-content\/uploads\/2018\/12\/meyit-240x172.jpg",240,172,true],"advps-thumb-one":["https:\/\/arantv.az\/wp-content\/uploads\/2018\/12\/meyit.jpg",620,389,false]},"rttpg_author":{"display_name":"V\u00fcsal Rafiqo\u011flu","author_link":"https:\/\/arantv.az\/?author=2"},"rttpg_comment":0,"rttpg_category":"<a href=\"https:\/\/arantv.az\/?cat=5\" rel=\"category\">Hadis\u0259<\/a>","rttpg_excerpt":"\u015e\u0259ki rayonunda evd\u0259n ya\u015fl\u0131 \u0259r-arvad\u0131n meyiti tap\u0131l\u0131b. ARANTV.AZ-\u0131n Report-a istinad\u0259n\u00a0m\u0259lumat\u0131na g\u00f6r\u0259, hadis\u0259 bu g\u00fcn g\u00fcnorta saatlar\u0131nda \u015e\u0259ki \u015f\u0259h\u0259ri, Salman M\u00fcmtaz k\u00fc\u00e7\u0259sind\u0259ki f\u0259rdi ya\u015fay\u0131\u015f evl\u0259rind\u0259n birind\u0259 qeyd\u0259 al\u0131n\u0131b. Bel\u0259 ki, 1937-ci il t\u0259v\u0259ll\u00fcdl\u00fc\u00a0Bahad\u0131r Zalovun v\u0259 onun h\u0259yat yolda\u015f\u0131, 1955-ci il t\u0259v\u0259ll\u00fcdl\u00fc\u00a0Elmira \u018fhm\u0259diyy\u0259 q\u0131z\u0131 Zalovan\u0131n \u00fcz\u0259rind\u0259 zorak\u0131l\u0131q \u0259lam\u0259tl\u0259ri olmayan meyitl\u0259ri ya\u015fad\u0131\u011f\u0131 \u00fcnvanda tap\u0131l\u0131b. Faktla ba\u011fl\u0131 ara\u015fd\u0131rma apar\u0131l\u0131r.","_links":{"self":[{"href":"https:\/\/arantv.az\/index.php?rest_route=\/wp\/v2\/posts\/26004"}],"collection":[{"href":"https:\/\/arantv.az\/index.php?rest_route=\/wp\/v2\/posts"}],"about":[{"href":"https:\/\/arantv.az\/index.php?rest_route=\/wp\/v2\/types\/post"}],"author":[{"embeddable":true,"href":"https:\/\/arantv.az\/index.php?rest_route=\/wp\/v2\/users\/2"}],"replies":[{"embeddable":true,"href":"https:\/\/arantv.az\/index.php?rest_route=%2Fwp%2Fv2%2Fcomments&post=26004"}],"version-history":[{"count":0,"href":"https:\/\/arantv.az\/index.php?rest_route=\/wp\/v2\/posts\/26004\/revisions"}],"wp:featuredmedia":[{"embeddable":true,"href":"https:\/\/arantv.az\/index.php?rest_route=\/wp\/v2\/media\/26005"}],"wp:attachment":[{"href":"https:\/\/arantv.az\/index.php?rest_route=%2Fwp%2Fv2%2Fmedia&parent=26004"}],"wp:term":[{"taxonomy":"category","embeddable":true,"href":"https:\/\/arantv.az\/index.php?rest_route=%2Fwp%2Fv2%2Fcategories&post=26004"},{"taxonomy":"post_tag","embeddable":true,"href":"https:\/\/arantv.az\/index.php?rest_route=%2Fwp%2Fv2%2Ftags&post=26004"}],"curies":[{"name":"wp","href":"https:\/\/api.w.org\/{rel}","templated":true}]}}