{"id":26015,"date":"2018-12-04T08:03:10","date_gmt":"2018-12-04T05:03:10","guid":{"rendered":"http:\/\/arantv.az\/?p=26015"},"modified":"2018-12-04T08:03:10","modified_gmt":"2018-12-04T05:03:10","slug":"h%c9%99bs-yerl%c9%99rinin-daxili-intizam-qaydalarinin-t%c9%99sdiq-edilm%c9%99si-bar%c9%99d%c9%99-q%c9%99rara-d%c9%99yisiklikl%c9%99r-olunub","status":"publish","type":"post","link":"https:\/\/arantv.az\/?p=26015","title":{"rendered":"&#8220;H\u0259bs yerl\u0259rinin daxili intizam Qaydalar\u0131n\u0131n t\u0259sdiq edilm\u0259si bar\u0259d\u0259\u201d q\u0259rara d\u0259yi\u015fiklikl\u0259r olunub"},"content":{"rendered":"<p>Nazirl\u0259r Kabineti &#8220;H\u0259bs yerl\u0259rinin daxili intizam Qaydalar\u0131n\u0131n t\u0259sdiq edilm\u0259si bar\u0259d\u0259&#8221;\u00a0 2014-c\u00fc il 26 fevral tarixli q\u0259rarda d\u0259yi\u015fiklikl\u0259r edilib.<\/p>\n<p><strong>ARANTV.AZ<\/strong>\u00a0 bildirir ki,\u00a0m\u00fcvafiq q\u0259rar\u0131 ba\u015f nazir Novruz M\u0259mm\u0259dov imzalay\u0131b.<\/p>\n<p>D\u0259yi\u015fikliy\u0259 \u0259sas\u0259n q\u0259rara yeni 2-1-ci hiss\u0259 &#8211; &#8220;bu q\u0259rarda d\u0259yi\u015fiklikl\u0259r Az\u0259rbaycan Prezidentinin 2002-ci il 24 avqust tarixli f\u0259rman\u0131 il\u0259 t\u0259sdiq edilmi\u015f &#8220;\u0130cra hakimiyy\u0259ti orqanlar\u0131n\u0131n normativ h\u00fcquqi aktlar\u0131n\u0131n haz\u0131rlanmas\u0131 v\u0259 q\u0259bul edilm\u0259si qaydas\u0131 haqq\u0131nda \u018fsasnam\u0259&#8221;nin 2.6-1-ci b\u0259ndin\u0259 uy\u011fun edil\u0259 bil\u0259r&#8221; &#8211; \u0259lav\u0259 olunub.<\/p>\n<p>H\u0259min q\u0259rarla t\u0259sdiq edilmi\u015f &#8220;M\u00fcv\u0259qq\u0259ti saxlama yerl\u0259rinin daxili intizam Qaydalar\u0131&#8221;n\u0131n 1.7-ci b\u0259ndin\u0259 &#8220;Daxili \u0130\u015fl\u0259r Nazirliyi&#8221; s\u00f6zl\u0259rind\u0259n sonra &#8220;, Az\u0259rbaycan Respublikas\u0131n\u0131n Vergil\u0259r Nazirliyi&#8221; s\u00f6zl\u0259ri \u0259lav\u0259 edilib. D\u0259yi\u015fikliy\u0259 \u0259sas\u0259n MSY-d\u0259 idar\u0259daxili n\u0259zar\u0259t qanunvericilikl\u0259 m\u00fc\u0259yy\u0259n edilmi\u015f qaydada tabeliyind\u0259 olan MSY-y\u0259 m\u00fcnasib\u0259td\u0259 Az\u0259rbaycan Respublikas\u0131n\u0131n D\u00f6vl\u0259t T\u0259hl\u00fck\u0259sizlik Xidm\u0259ti, Az\u0259rbaycan Respublikas\u0131n\u0131n Daxili \u0130\u015fl\u0259r Nazirliyi il\u0259 yana\u015f\u0131, Az\u0259rbaycan Respublikas\u0131n\u0131n Vergil\u0259r Nazirliyi v\u0259 Az\u0259rbaycan Respublikas\u0131n\u0131n D\u00f6vl\u0259t S\u0259rh\u0259d Xidm\u0259ti, idar\u0259d\u0259nk\u0259nar n\u0259zar\u0259t is\u0259 m\u0259hk\u0259m\u0259 v\u0259 prokurorluq orqanlar\u0131 t\u0259r\u0259find\u0259n h\u0259yata ke\u00e7irilir.milli.az<\/p>\n","protected":false},"excerpt":{"rendered":"<p>Nazirl\u0259r Kabineti &#8220;H\u0259bs yerl\u0259rinin daxili intizam Qaydalar\u0131n\u0131n t\u0259sdiq edilm\u0259si bar\u0259d\u0259&#8221;\u00a0 2014-c\u00fc il 26 fevral tarixli q\u0259rarda d\u0259yi\u015fiklikl\u0259r edilib. ARANTV.AZ\u00a0 bildirir ki,\u00a0m\u00fcvafiq q\u0259rar\u0131 ba\u015f nazir Novruz M\u0259mm\u0259dov imzalay\u0131b. D\u0259yi\u015fikliy\u0259 \u0259sas\u0259n q\u0259rara yeni 2-1-ci hiss\u0259 &#8211; &#8220;bu q\u0259rarda d\u0259yi\u015fiklikl\u0259r Az\u0259rbaycan Prezidentinin 2002-ci il 24 avqust tarixli f\u0259rman\u0131 il\u0259 t\u0259sdiq edilmi\u015f &#8220;\u0130cra hakimiyy\u0259ti orqanlar\u0131n\u0131n normativ h\u00fcquqi aktlar\u0131n\u0131n haz\u0131rlanmas\u0131 v\u0259 q\u0259bul edilm\u0259si qaydas\u0131 haqq\u0131nda \u018fsasnam\u0259&#8221;nin 2.6-1-ci b\u0259ndin\u0259 uy\u011fun edil\u0259 bil\u0259r&#8221; &#8211; \u0259lav\u0259 olunub. H\u0259min q\u0259rarla t\u0259sdiq edilmi\u015f &#8220;M\u00fcv\u0259qq\u0259ti saxlama yerl\u0259rinin daxili intizam Qaydalar\u0131&#8221;n\u0131n 1.7-ci b\u0259ndin\u0259 &#8220;Daxili \u0130\u015fl\u0259r Nazirliyi&#8221; s\u00f6zl\u0259rind\u0259n sonra &#8220;, Az\u0259rbaycan Respublikas\u0131n\u0131n Vergil\u0259r&hellip;<\/p>\n","protected":false},"author":2,"featured_media":26016,"comment_status":"closed","ping_status":"closed","sticky":false,"template":"","format":"standard","meta":{"om_disable_all_campaigns":false,"_monsterinsights_skip_tracking":false,"_monsterinsights_sitenote_active":false,"_monsterinsights_sitenote_note":"","_monsterinsights_sitenote_category":0},"categories":[1],"tags":[],"aioseo_notices":[],"gutentor_comment":0,"rttpg_featured_image_url":{"full":["https:\/\/arantv.az\/wp-content\/uploads\/2018\/12\/qandal_11.jpg",800,600,false],"landscape":["https:\/\/arantv.az\/wp-content\/uploads\/2018\/12\/qandal_11.jpg",800,600,false],"portraits":["https:\/\/arantv.az\/wp-content\/uploads\/2018\/12\/qandal_11.jpg",800,600,false],"thumbnail":["https:\/\/arantv.az\/wp-content\/uploads\/2018\/12\/qandal_11-150x150.jpg",150,150,true],"medium":["https:\/\/arantv.az\/wp-content\/uploads\/2018\/12\/qandal_11-300x225.jpg",300,225,true],"large":["https:\/\/arantv.az\/wp-content\/uploads\/2018\/12\/qandal_11.jpg",640,480,false],"1536x1536":["https:\/\/arantv.az\/wp-content\/uploads\/2018\/12\/qandal_11.jpg",800,600,false],"2048x2048":["https:\/\/arantv.az\/wp-content\/uploads\/2018\/12\/qandal_11.jpg",800,600,false],"post-thumbnail":["https:\/\/arantv.az\/wp-content\/uploads\/2018\/12\/qandal_11-240x172.jpg",240,172,true],"advps-thumb-one":["https:\/\/arantv.az\/wp-content\/uploads\/2018\/12\/qandal_11.jpg",800,600,false]},"rttpg_author":{"display_name":"V\u00fcsal Rafiqo\u011flu","author_link":"https:\/\/arantv.az\/?author=2"},"rttpg_comment":0,"rttpg_category":"<a href=\"https:\/\/arantv.az\/?cat=1\" rel=\"category\">C\u0259miyy\u0259t<\/a>","rttpg_excerpt":"Nazirl\u0259r Kabineti &#8220;H\u0259bs yerl\u0259rinin daxili intizam Qaydalar\u0131n\u0131n t\u0259sdiq edilm\u0259si bar\u0259d\u0259&#8221;\u00a0 2014-c\u00fc il 26 fevral tarixli q\u0259rarda d\u0259yi\u015fiklikl\u0259r edilib. ARANTV.AZ\u00a0 bildirir ki,\u00a0m\u00fcvafiq q\u0259rar\u0131 ba\u015f nazir Novruz M\u0259mm\u0259dov imzalay\u0131b. D\u0259yi\u015fikliy\u0259 \u0259sas\u0259n q\u0259rara yeni 2-1-ci hiss\u0259 &#8211; &#8220;bu q\u0259rarda d\u0259yi\u015fiklikl\u0259r Az\u0259rbaycan Prezidentinin 2002-ci il 24 avqust tarixli f\u0259rman\u0131 il\u0259 t\u0259sdiq edilmi\u015f &#8220;\u0130cra hakimiyy\u0259ti orqanlar\u0131n\u0131n normativ h\u00fcquqi aktlar\u0131n\u0131n haz\u0131rlanmas\u0131&hellip;","_links":{"self":[{"href":"https:\/\/arantv.az\/index.php?rest_route=\/wp\/v2\/posts\/26015"}],"collection":[{"href":"https:\/\/arantv.az\/index.php?rest_route=\/wp\/v2\/posts"}],"about":[{"href":"https:\/\/arantv.az\/index.php?rest_route=\/wp\/v2\/types\/post"}],"author":[{"embeddable":true,"href":"https:\/\/arantv.az\/index.php?rest_route=\/wp\/v2\/users\/2"}],"replies":[{"embeddable":true,"href":"https:\/\/arantv.az\/index.php?rest_route=%2Fwp%2Fv2%2Fcomments&post=26015"}],"version-history":[{"count":0,"href":"https:\/\/arantv.az\/index.php?rest_route=\/wp\/v2\/posts\/26015\/revisions"}],"wp:featuredmedia":[{"embeddable":true,"href":"https:\/\/arantv.az\/index.php?rest_route=\/wp\/v2\/media\/26016"}],"wp:attachment":[{"href":"https:\/\/arantv.az\/index.php?rest_route=%2Fwp%2Fv2%2Fmedia&parent=26015"}],"wp:term":[{"taxonomy":"category","embeddable":true,"href":"https:\/\/arantv.az\/index.php?rest_route=%2Fwp%2Fv2%2Fcategories&post=26015"},{"taxonomy":"post_tag","embeddable":true,"href":"https:\/\/arantv.az\/index.php?rest_route=%2Fwp%2Fv2%2Ftags&post=26015"}],"curies":[{"name":"wp","href":"https:\/\/api.w.org\/{rel}","templated":true}]}}