{"id":260234,"date":"2020-12-25T14:49:02","date_gmt":"2020-12-25T11:49:02","guid":{"rendered":"http:\/\/arantv.az\/?p=260234"},"modified":"2020-12-25T14:49:02","modified_gmt":"2020-12-25T11:49:02","slug":"nazir-dsmf-nin-%c9%99leyhin%c9%99-cixarilan-m%c9%99hk%c9%99m%c9%99-q%c9%99rarlarinin-sayi-azalib","status":"publish","type":"post","link":"https:\/\/arantv.az\/?p=260234","title":{"rendered":"Nazir: \u201cDSMF-nin \u0259leyhin\u0259 \u00e7\u0131xar\u0131lan m\u0259hk\u0259m\u0259 q\u0259rarlar\u0131n\u0131n say\u0131 azal\u0131b\u201d"},"content":{"rendered":"<p>\u201c\u00d6t\u0259n m\u00fcdd\u0259t \u0259rzind\u0259 D\u00f6vl\u0259t Sosial M\u00fcdafi\u0259 Fondunun \u0259leyhin\u0259 \u00e7\u0131xar\u0131lm\u0131\u015f m\u0259hk\u0259m\u0259 q\u0259rarlar\u0131 il\u0259 ba\u011fl\u0131 aktiv i\u015f apar\u0131l\u0131b\u201d.<\/p>\n<p><strong>ARANTV.AZ<\/strong> x\u0259b\u0259r verir ki, bunu parlamentin bu g\u00fcn ke\u00e7iril\u0259n iclas\u0131nda \u018fm\u0259k v\u0259 \u018fhalinin Sosial M\u00fcdafi\u0259si naziri Sahil Babayev deyib.<\/p>\n<div id=\"AdviadNativeVideo0\" class=\"AdviadNativeVideo\"><\/div>\n<p>Nazirin s\u00f6zl\u0259rin\u0259 g\u00f6r\u0259, 2017 v\u0259 2018-ci ill\u0259rd\u0259 fondun \u0259leyhin\u0259 10 min 200 m\u0259hk\u0259m\u0259 q\u0259rar\u0131 \u00e7\u0131xar\u0131l\u0131b. \u0130ndi is\u0259 bu r\u0259q\u0259m 1200-\u0259 enib:<\/p>\n<p>\u201cEyni zamanda fonda qar\u015f\u0131 qald\u0131r\u0131lan iddialar \u00fczr\u0259 uduzulan m\u0259bl\u0259\u011f is\u0259 50,7 milyon manatdan 3,6 milyon manata d\u00fc\u015f\u00fcb. \u0130llik t\u0259qrib\u0259n 93 faizlik azalma var. M\u0259hk\u0259m\u0259 q\u0259rarlar\u0131 \u0259sas\u0131nda fondun itkil\u0259ri ciddi \u015f\u0259kild\u0259 azald\u0131l\u0131b\u201d.<\/p>\n","protected":false},"excerpt":{"rendered":"<p>\u201c\u00d6t\u0259n m\u00fcdd\u0259t \u0259rzind\u0259 D\u00f6vl\u0259t Sosial M\u00fcdafi\u0259 Fondunun \u0259leyhin\u0259 \u00e7\u0131xar\u0131lm\u0131\u015f m\u0259hk\u0259m\u0259 q\u0259rarlar\u0131 il\u0259 ba\u011fl\u0131 aktiv i\u015f apar\u0131l\u0131b\u201d. ARANTV.AZ x\u0259b\u0259r verir ki, bunu parlamentin bu g\u00fcn ke\u00e7iril\u0259n iclas\u0131nda \u018fm\u0259k v\u0259 \u018fhalinin Sosial M\u00fcdafi\u0259si naziri Sahil Babayev deyib. Nazirin s\u00f6zl\u0259rin\u0259 g\u00f6r\u0259, 2017 v\u0259 2018-ci ill\u0259rd\u0259 fondun \u0259leyhin\u0259 10 min 200 m\u0259hk\u0259m\u0259 q\u0259rar\u0131 \u00e7\u0131xar\u0131l\u0131b. \u0130ndi is\u0259 bu r\u0259q\u0259m 1200-\u0259 enib: \u201cEyni zamanda fonda qar\u015f\u0131 qald\u0131r\u0131lan iddialar \u00fczr\u0259 uduzulan m\u0259bl\u0259\u011f is\u0259 50,7 milyon manatdan 3,6 milyon manata d\u00fc\u015f\u00fcb. \u0130llik t\u0259qrib\u0259n 93 faizlik azalma var. M\u0259hk\u0259m\u0259 q\u0259rarlar\u0131 \u0259sas\u0131nda fondun itkil\u0259ri ciddi \u015f\u0259kild\u0259 azald\u0131l\u0131b\u201d.<\/p>\n","protected":false},"author":2,"featured_media":260235,"comment_status":"closed","ping_status":"closed","sticky":false,"template":"","format":"standard","meta":{"om_disable_all_campaigns":false,"_monsterinsights_skip_tracking":false,"_monsterinsights_sitenote_active":false,"_monsterinsights_sitenote_note":"","_monsterinsights_sitenote_category":0},"categories":[26],"tags":[],"aioseo_notices":[],"gutentor_comment":0,"rttpg_featured_image_url":{"full":["https:\/\/arantv.az\/wp-content\/uploads\/2020\/12\/sahilll-2.jpg",620,413,false],"landscape":["https:\/\/arantv.az\/wp-content\/uploads\/2020\/12\/sahilll-2.jpg",620,413,false],"portraits":["https:\/\/arantv.az\/wp-content\/uploads\/2020\/12\/sahilll-2.jpg",620,413,false],"thumbnail":["https:\/\/arantv.az\/wp-content\/uploads\/2020\/12\/sahilll-2-150x150.jpg",150,150,true],"medium":["https:\/\/arantv.az\/wp-content\/uploads\/2020\/12\/sahilll-2-300x200.jpg",300,200,true],"large":["https:\/\/arantv.az\/wp-content\/uploads\/2020\/12\/sahilll-2.jpg",620,413,false],"1536x1536":["https:\/\/arantv.az\/wp-content\/uploads\/2020\/12\/sahilll-2.jpg",620,413,false],"2048x2048":["https:\/\/arantv.az\/wp-content\/uploads\/2020\/12\/sahilll-2.jpg",620,413,false],"post-thumbnail":["https:\/\/arantv.az\/wp-content\/uploads\/2020\/12\/sahilll-2-240x172.jpg",240,172,true],"advps-thumb-one":["https:\/\/arantv.az\/wp-content\/uploads\/2020\/12\/sahilll-2.jpg",620,413,false]},"rttpg_author":{"display_name":"V\u00fcsal Rafiqo\u011flu","author_link":"https:\/\/arantv.az\/?author=2"},"rttpg_comment":0,"rttpg_category":"<a href=\"https:\/\/arantv.az\/?cat=26\" rel=\"category\">Sosial<\/a>","rttpg_excerpt":"\u201c\u00d6t\u0259n m\u00fcdd\u0259t \u0259rzind\u0259 D\u00f6vl\u0259t Sosial M\u00fcdafi\u0259 Fondunun \u0259leyhin\u0259 \u00e7\u0131xar\u0131lm\u0131\u015f m\u0259hk\u0259m\u0259 q\u0259rarlar\u0131 il\u0259 ba\u011fl\u0131 aktiv i\u015f apar\u0131l\u0131b\u201d. ARANTV.AZ x\u0259b\u0259r verir ki, bunu parlamentin bu g\u00fcn ke\u00e7iril\u0259n iclas\u0131nda \u018fm\u0259k v\u0259 \u018fhalinin Sosial M\u00fcdafi\u0259si naziri Sahil Babayev deyib. Nazirin s\u00f6zl\u0259rin\u0259 g\u00f6r\u0259, 2017 v\u0259 2018-ci ill\u0259rd\u0259 fondun \u0259leyhin\u0259 10 min 200 m\u0259hk\u0259m\u0259 q\u0259rar\u0131 \u00e7\u0131xar\u0131l\u0131b. \u0130ndi is\u0259 bu r\u0259q\u0259m 1200-\u0259&hellip;","_links":{"self":[{"href":"https:\/\/arantv.az\/index.php?rest_route=\/wp\/v2\/posts\/260234"}],"collection":[{"href":"https:\/\/arantv.az\/index.php?rest_route=\/wp\/v2\/posts"}],"about":[{"href":"https:\/\/arantv.az\/index.php?rest_route=\/wp\/v2\/types\/post"}],"author":[{"embeddable":true,"href":"https:\/\/arantv.az\/index.php?rest_route=\/wp\/v2\/users\/2"}],"replies":[{"embeddable":true,"href":"https:\/\/arantv.az\/index.php?rest_route=%2Fwp%2Fv2%2Fcomments&post=260234"}],"version-history":[{"count":0,"href":"https:\/\/arantv.az\/index.php?rest_route=\/wp\/v2\/posts\/260234\/revisions"}],"wp:featuredmedia":[{"embeddable":true,"href":"https:\/\/arantv.az\/index.php?rest_route=\/wp\/v2\/media\/260235"}],"wp:attachment":[{"href":"https:\/\/arantv.az\/index.php?rest_route=%2Fwp%2Fv2%2Fmedia&parent=260234"}],"wp:term":[{"taxonomy":"category","embeddable":true,"href":"https:\/\/arantv.az\/index.php?rest_route=%2Fwp%2Fv2%2Fcategories&post=260234"},{"taxonomy":"post_tag","embeddable":true,"href":"https:\/\/arantv.az\/index.php?rest_route=%2Fwp%2Fv2%2Ftags&post=260234"}],"curies":[{"name":"wp","href":"https:\/\/api.w.org\/{rel}","templated":true}]}}