{"id":260238,"date":"2020-12-25T15:01:12","date_gmt":"2020-12-25T12:01:12","guid":{"rendered":"http:\/\/arantv.az\/?p=260238"},"modified":"2020-12-25T15:01:12","modified_gmt":"2020-12-25T12:01:12","slug":"%c9%99rdogan-putin-verdiyi-soz%c9%99-%c9%99m%c9%99l-ed%c9%99n-durust-insandir","status":"publish","type":"post","link":"https:\/\/arantv.az\/?p=260238","title":{"rendered":"\u018frdo\u011fan: \u201cPutin verdiyi s\u00f6z\u0259 \u0259m\u0259l ed\u0259n d\u00fcr\u00fcst insand\u0131r\u201d"},"content":{"rendered":"<p>T\u00fcrkiy\u0259 Prezidenti R\u0259c\u0259b Tayyib \u018frdo\u011fan rusiyal\u0131 h\u0259mkar\u0131 Vladimir Putini d\u00fcr\u00fcst v\u0259 s\u00f6z\u00fcn\u0259\u00a0\u0259m\u0259l ed\u0259n bir insan kimi xarakteriz\u0259 edib.<\/p>\n<p>Bu bar\u0259d\u0259 TASS m\u0259lumat yay\u0131b.<\/p>\n<div id=\"AdviadNativeVideo0\" class=\"AdviadNativeVideo\"><\/div>\n<p>\u201cC\u0259nab Putinin bu fikirl\u0259ri,\u00a0\u0259slind\u0259, onun \u00f6z\u00fcn\u00fc d\u0259 ifad\u0259 edir. Tan\u0131d\u0131qdan sonra m\u0259n d\u0259 onu eynil\u0259 bu c\u00fcr tan\u0131d\u0131m. O, h\u0259qiq\u0259t\u0259n, d\u00fcr\u00fcst insand\u0131r\u201d, &#8211; dey\u0259 R.T.\u018frdo\u011fan bildirib.<\/p>\n<p>Qeyd ed\u0259k ki, Rusiya lideri \u0259n\u0259n\u0259vi illik b\u00f6y\u00fck m\u0259tbuat konfrans\u0131 zaman\u0131 \u018frdo\u011fan\u0131 verdiyi s\u00f6z\u00fc tutan insan kimi tan\u0131d\u0131\u011f\u0131n\u0131 bildirmi\u015fdi.<\/p>\n","protected":false},"excerpt":{"rendered":"<p>T\u00fcrkiy\u0259 Prezidenti R\u0259c\u0259b Tayyib \u018frdo\u011fan rusiyal\u0131 h\u0259mkar\u0131 Vladimir Putini d\u00fcr\u00fcst v\u0259 s\u00f6z\u00fcn\u0259\u00a0\u0259m\u0259l ed\u0259n bir insan kimi xarakteriz\u0259 edib. Bu bar\u0259d\u0259 TASS m\u0259lumat yay\u0131b. \u201cC\u0259nab Putinin bu fikirl\u0259ri,\u00a0\u0259slind\u0259, onun \u00f6z\u00fcn\u00fc d\u0259 ifad\u0259 edir. Tan\u0131d\u0131qdan sonra m\u0259n d\u0259 onu eynil\u0259 bu c\u00fcr tan\u0131d\u0131m. O, h\u0259qiq\u0259t\u0259n, d\u00fcr\u00fcst insand\u0131r\u201d, &#8211; dey\u0259 R.T.\u018frdo\u011fan bildirib. Qeyd ed\u0259k ki, Rusiya lideri \u0259n\u0259n\u0259vi illik b\u00f6y\u00fck m\u0259tbuat konfrans\u0131 zaman\u0131 \u018frdo\u011fan\u0131 verdiyi s\u00f6z\u00fc tutan insan kimi tan\u0131d\u0131\u011f\u0131n\u0131 bildirmi\u015fdi.<\/p>\n","protected":false},"author":2,"featured_media":260239,"comment_status":"closed","ping_status":"closed","sticky":false,"template":"","format":"standard","meta":{"om_disable_all_campaigns":false,"_monsterinsights_skip_tracking":false,"_monsterinsights_sitenote_active":false,"_monsterinsights_sitenote_note":"","_monsterinsights_sitenote_category":0},"categories":[7],"tags":[],"aioseo_notices":[],"gutentor_comment":0,"rttpg_featured_image_url":{"full":["https:\/\/arantv.az\/wp-content\/uploads\/2020\/12\/5fdb3e4aae5ac94f4a3e30d1_181.jpg",620,349,false],"landscape":["https:\/\/arantv.az\/wp-content\/uploads\/2020\/12\/5fdb3e4aae5ac94f4a3e30d1_181.jpg",620,349,false],"portraits":["https:\/\/arantv.az\/wp-content\/uploads\/2020\/12\/5fdb3e4aae5ac94f4a3e30d1_181.jpg",620,349,false],"thumbnail":["https:\/\/arantv.az\/wp-content\/uploads\/2020\/12\/5fdb3e4aae5ac94f4a3e30d1_181-150x150.jpg",150,150,true],"medium":["https:\/\/arantv.az\/wp-content\/uploads\/2020\/12\/5fdb3e4aae5ac94f4a3e30d1_181-300x169.jpg",300,169,true],"large":["https:\/\/arantv.az\/wp-content\/uploads\/2020\/12\/5fdb3e4aae5ac94f4a3e30d1_181.jpg",620,349,false],"1536x1536":["https:\/\/arantv.az\/wp-content\/uploads\/2020\/12\/5fdb3e4aae5ac94f4a3e30d1_181.jpg",620,349,false],"2048x2048":["https:\/\/arantv.az\/wp-content\/uploads\/2020\/12\/5fdb3e4aae5ac94f4a3e30d1_181.jpg",620,349,false],"post-thumbnail":["https:\/\/arantv.az\/wp-content\/uploads\/2020\/12\/5fdb3e4aae5ac94f4a3e30d1_181-240x172.jpg",240,172,true],"advps-thumb-one":["https:\/\/arantv.az\/wp-content\/uploads\/2020\/12\/5fdb3e4aae5ac94f4a3e30d1_181.jpg",620,349,false]},"rttpg_author":{"display_name":"V\u00fcsal Rafiqo\u011flu","author_link":"https:\/\/arantv.az\/?author=2"},"rttpg_comment":0,"rttpg_category":"<a href=\"https:\/\/arantv.az\/?cat=7\" rel=\"category\">D\u00fcnya<\/a>","rttpg_excerpt":"T\u00fcrkiy\u0259 Prezidenti R\u0259c\u0259b Tayyib \u018frdo\u011fan rusiyal\u0131 h\u0259mkar\u0131 Vladimir Putini d\u00fcr\u00fcst v\u0259 s\u00f6z\u00fcn\u0259\u00a0\u0259m\u0259l ed\u0259n bir insan kimi xarakteriz\u0259 edib. Bu bar\u0259d\u0259 TASS m\u0259lumat yay\u0131b. \u201cC\u0259nab Putinin bu fikirl\u0259ri,\u00a0\u0259slind\u0259, onun \u00f6z\u00fcn\u00fc d\u0259 ifad\u0259 edir. Tan\u0131d\u0131qdan sonra m\u0259n d\u0259 onu eynil\u0259 bu c\u00fcr tan\u0131d\u0131m. O, h\u0259qiq\u0259t\u0259n, d\u00fcr\u00fcst insand\u0131r\u201d, &#8211; dey\u0259 R.T.\u018frdo\u011fan bildirib. Qeyd ed\u0259k ki, Rusiya lideri \u0259n\u0259n\u0259vi&hellip;","_links":{"self":[{"href":"https:\/\/arantv.az\/index.php?rest_route=\/wp\/v2\/posts\/260238"}],"collection":[{"href":"https:\/\/arantv.az\/index.php?rest_route=\/wp\/v2\/posts"}],"about":[{"href":"https:\/\/arantv.az\/index.php?rest_route=\/wp\/v2\/types\/post"}],"author":[{"embeddable":true,"href":"https:\/\/arantv.az\/index.php?rest_route=\/wp\/v2\/users\/2"}],"replies":[{"embeddable":true,"href":"https:\/\/arantv.az\/index.php?rest_route=%2Fwp%2Fv2%2Fcomments&post=260238"}],"version-history":[{"count":0,"href":"https:\/\/arantv.az\/index.php?rest_route=\/wp\/v2\/posts\/260238\/revisions"}],"wp:featuredmedia":[{"embeddable":true,"href":"https:\/\/arantv.az\/index.php?rest_route=\/wp\/v2\/media\/260239"}],"wp:attachment":[{"href":"https:\/\/arantv.az\/index.php?rest_route=%2Fwp%2Fv2%2Fmedia&parent=260238"}],"wp:term":[{"taxonomy":"category","embeddable":true,"href":"https:\/\/arantv.az\/index.php?rest_route=%2Fwp%2Fv2%2Fcategories&post=260238"},{"taxonomy":"post_tag","embeddable":true,"href":"https:\/\/arantv.az\/index.php?rest_route=%2Fwp%2Fv2%2Ftags&post=260238"}],"curies":[{"name":"wp","href":"https:\/\/api.w.org\/{rel}","templated":true}]}}