{"id":260246,"date":"2020-12-25T15:05:57","date_gmt":"2020-12-25T12:05:57","guid":{"rendered":"http:\/\/arantv.az\/?p=260246"},"modified":"2020-12-25T15:05:57","modified_gmt":"2020-12-25T12:05:57","slug":"heyd%c9%99r-%c9%99liyev-fondu-100-min%c9%99d%c9%99k-ail%c9%99y%c9%99-sovqat-gond%c9%99rir-c%c9%99dv%c9%99l","status":"publish","type":"post","link":"https:\/\/arantv.az\/?p=260246","title":{"rendered":"Heyd\u0259r \u018fliyev Fondu 100 min\u0259d\u0259k ail\u0259y\u0259 sovqat g\u00f6nd\u0259rir &#8211; C\u018fDV\u018fL"},"content":{"rendered":"<p>Az\u0259rbaycan Respublikas\u0131n\u0131n Birinci vitse-prezidenti, Heyd\u0259r \u018fliyev Fondunun prezidenti Mehriban \u018fliyevan\u0131n t\u0259\u015f\u0259bb\u00fcs\u00fc il\u0259 azt\u0259minatl\u0131 v\u0259 dig\u0259r h\u0259ssas qruplardan olan ail\u0259l\u0259r\u0259 D\u00fcnya Az\u0259rbaycanl\u0131lar\u0131n\u0131n H\u0259mr\u0259yliyi G\u00fcn\u00fc v\u0259 Yeni il bayram\u0131 m\u00fcnasib\u0259ti il\u0259 sovqatlar\u0131n \u00e7atd\u0131r\u0131lmas\u0131na ba\u015flan\u0131l\u0131b.<\/p>\n<p>Trend-in m\u0259lumat\u0131na g\u00f6r\u0259, Heyd\u0259r \u018fliyev Fondunun v\u0259 \u201cRegional \u0130nki\u015faf\u201d \u0130ctimai Birliyinin h\u0259yata ke\u00e7irdiyi aksiya respublika \u00fczr\u0259 100 min\u0259d\u0259k ail\u0259ni \u0259hat\u0259 ed\u0259c\u0259k. Bura azt\u0259minatl\u0131 ail\u0259l\u0259rl\u0259 yana\u015f\u0131, sa\u011flaml\u0131q imkanlar\u0131 m\u0259hdud u\u015faqlar, be\u015f\u00a0v\u0259 daha art\u0131q u\u015faql\u0131, Erm\u0259nistan\u0131n h\u0259rbi t\u0259cav\u00fcz\u00fc zaman\u0131 d\u0259ymi\u015f z\u0259r\u0259rl\u0259r n\u0259tic\u0259sind\u0259 evl\u0259rini t\u0259rk ed\u0259n ail\u0259l\u0259r daxildir.<\/p>\n<p>\u018frzaq m\u0259hsullar\u0131ndan ibar\u0259t sovqatlar\u0131n v\u0259t\u0259nda\u015flara \u00e7atd\u0131r\u0131lmas\u0131 m\u00f6vcud karantin rejiminin t\u0259l\u0259bl\u0259rin\u0259 \u0259m\u0259l olunmaqla, \u018fm\u0259k v\u0259 \u018fhalinin Sosial M\u00fcdafi\u0259si Nazirliyinin d\u0259st\u0259yi il\u0259 h\u0259yata ke\u00e7irilir. \u201cRegional \u0130nki\u015faf\u201d \u0130ctimai Birliyinin k\u00f6n\u00fcll\u00fcl\u0259ri aksiyan\u0131n h\u0259yata ke\u00e7irilm\u0259sind\u0259 yax\u0131ndan i\u015ftirak edirl\u0259r.<\/p>\n<p>Sovqatlar\u0131n paylan\u0131lmas\u0131 dekabr\u0131n sonunad\u0259k davam ed\u0259c\u0259k.<\/p>\n<p>Qeyd ed\u0259k ki, azt\u0259minatl\u0131 ail\u0259l\u0259ri v\u0259 x\u00fcsusi qay\u011f\u0131ya ehtiyac\u0131 olan \u015f\u0259xsl\u0259ri daim diqq\u0259td\u0259 saxlayan Heyd\u0259r \u018fliyev Fondu onlarla ba\u011fl\u0131 m\u00fct\u0259madi olaraq m\u00fcxt\u0259lif layih\u0259l\u0259r h\u0259yata ke\u00e7irir.<\/p>\n<p>\u0130ndiy\u0259d\u0259k respublika \u00fczr\u0259 sosial yard\u0131m alan ail\u0259l\u0259r\u0259 Yeni il, Novruz v\u0259 Ramazan bayramlar\u0131nda sovqatlar \u00e7atd\u0131r\u0131l\u0131b, sosial yard\u0131ma ehtiyac\u0131 olan minl\u0259rl\u0259 \u015f\u0259xs \u00fc\u00e7\u00fcn bayram s\u00fcfr\u0259l\u0259ri t\u0259\u015fkil edilib, h\u0259diyy\u0259l\u0259r verilib. El\u0259c\u0259 d\u0259 yeni n\u00f6v koronavirus (COVID-19) pandemiyas\u0131 il\u0259 \u0259laq\u0259dar \u00f6lk\u0259d\u0259 elan olunmu\u015f x\u00fcsusi karantin rejimi d\u00f6vr\u00fcnd\u0259 evd\u0259n \u00e7\u0131xmas\u0131 qada\u011fan edil\u0259n ya\u015f\u0131 65-d\u0259n yuxar\u0131 t\u0259nha ya\u015fayan \u015f\u0259xsl\u0259r\u0259 v\u0259 \u201cBiz birlikd\u0259 g\u00fccl\u00fcy\u00fck\u201d layih\u0259si \u00e7\u0259r\u00e7iv\u0259sind\u0259 azt\u0259minatl\u0131 ail\u0259l\u0259r\u0259 \u0259rzaq paylar\u0131 \u00e7atd\u0131r\u0131l\u0131b.<\/p>\n<div class=\"gallery\">\n<div class=\"gallery-i\"><img src=\"https:\/\/cdn.oxu.az\/uploads\/W1siZiIsIjIwMjAvMTIvMjUvMTUvNTgvNTkvZDYzNDhhMmMtOWI0MS00NzRjLWEzNTMtMTc4NDkwNGUxZGMyLzEyLlBORyJdLFsicCIsImVuY29kZSIsImpwZyIsIi1xdWFsaXR5IDgwIl0sWyJwIiwidGh1bWIiLCI1OTB4NTkwXHUwMDNlIl1d?sha=f53ce2d852c53d41\" alt=\"\" \/><\/p>\n<div class=\"gallery-i-caption\"><\/div>\n<\/div>\n<div class=\"gallery-i\"><img src=\"https:\/\/cdn.oxu.az\/uploads\/W1siZiIsIjIwMjAvMTIvMjUvMTUvNTcvNTkvNjFiOWNkOGUtOWI3OC00YmNlLTkxMzItNDI4NmRiODAyYzgyL2ZvbmRfeWFyZGltXzI1MTIyMC5qcGciXSxbInAiLCJlbmNvZGUiLCJqcGciLCItcXVhbGl0eSA4MCJdLFsicCIsInRodW1iIiwiNTkweDU5MFx1MDAzZSJdXQ?sha=5ec181946ea7f647\" alt=\"\" \/><\/div>\n<\/div>\n","protected":false},"excerpt":{"rendered":"<p>Az\u0259rbaycan Respublikas\u0131n\u0131n Birinci vitse-prezidenti, Heyd\u0259r \u018fliyev Fondunun prezidenti Mehriban \u018fliyevan\u0131n t\u0259\u015f\u0259bb\u00fcs\u00fc il\u0259 azt\u0259minatl\u0131 v\u0259 dig\u0259r h\u0259ssas qruplardan olan ail\u0259l\u0259r\u0259 D\u00fcnya Az\u0259rbaycanl\u0131lar\u0131n\u0131n H\u0259mr\u0259yliyi G\u00fcn\u00fc v\u0259 Yeni il bayram\u0131 m\u00fcnasib\u0259ti il\u0259 sovqatlar\u0131n \u00e7atd\u0131r\u0131lmas\u0131na ba\u015flan\u0131l\u0131b. Trend-in m\u0259lumat\u0131na g\u00f6r\u0259, Heyd\u0259r \u018fliyev Fondunun v\u0259 \u201cRegional \u0130nki\u015faf\u201d \u0130ctimai Birliyinin h\u0259yata ke\u00e7irdiyi aksiya respublika \u00fczr\u0259 100 min\u0259d\u0259k ail\u0259ni \u0259hat\u0259 ed\u0259c\u0259k. Bura azt\u0259minatl\u0131 ail\u0259l\u0259rl\u0259 yana\u015f\u0131, sa\u011flaml\u0131q imkanlar\u0131 m\u0259hdud u\u015faqlar, be\u015f\u00a0v\u0259 daha art\u0131q u\u015faql\u0131, Erm\u0259nistan\u0131n h\u0259rbi t\u0259cav\u00fcz\u00fc zaman\u0131 d\u0259ymi\u015f z\u0259r\u0259rl\u0259r n\u0259tic\u0259sind\u0259 evl\u0259rini t\u0259rk ed\u0259n ail\u0259l\u0259r daxildir. \u018frzaq m\u0259hsullar\u0131ndan ibar\u0259t sovqatlar\u0131n v\u0259t\u0259nda\u015flara \u00e7atd\u0131r\u0131lmas\u0131 m\u00f6vcud karantin rejiminin t\u0259l\u0259bl\u0259rin\u0259 \u0259m\u0259l olunmaqla, \u018fm\u0259k&hellip;<\/p>\n","protected":false},"author":2,"featured_media":260247,"comment_status":"closed","ping_status":"closed","sticky":false,"template":"","format":"standard","meta":{"om_disable_all_campaigns":false,"_monsterinsights_skip_tracking":false,"_monsterinsights_sitenote_active":false,"_monsterinsights_sitenote_note":"","_monsterinsights_sitenote_category":0},"categories":[26],"tags":[],"aioseo_notices":[],"gutentor_comment":0,"rttpg_featured_image_url":{"full":["https:\/\/arantv.az\/wp-content\/uploads\/2020\/12\/1608895434769_tSS25o5A.jpg",620,413,false],"landscape":["https:\/\/arantv.az\/wp-content\/uploads\/2020\/12\/1608895434769_tSS25o5A.jpg",620,413,false],"portraits":["https:\/\/arantv.az\/wp-content\/uploads\/2020\/12\/1608895434769_tSS25o5A.jpg",620,413,false],"thumbnail":["https:\/\/arantv.az\/wp-content\/uploads\/2020\/12\/1608895434769_tSS25o5A-150x150.jpg",150,150,true],"medium":["https:\/\/arantv.az\/wp-content\/uploads\/2020\/12\/1608895434769_tSS25o5A-300x200.jpg",300,200,true],"large":["https:\/\/arantv.az\/wp-content\/uploads\/2020\/12\/1608895434769_tSS25o5A.jpg",620,413,false],"1536x1536":["https:\/\/arantv.az\/wp-content\/uploads\/2020\/12\/1608895434769_tSS25o5A.jpg",620,413,false],"2048x2048":["https:\/\/arantv.az\/wp-content\/uploads\/2020\/12\/1608895434769_tSS25o5A.jpg",620,413,false],"post-thumbnail":["https:\/\/arantv.az\/wp-content\/uploads\/2020\/12\/1608895434769_tSS25o5A-240x172.jpg",240,172,true],"advps-thumb-one":["https:\/\/arantv.az\/wp-content\/uploads\/2020\/12\/1608895434769_tSS25o5A.jpg",620,413,false]},"rttpg_author":{"display_name":"V\u00fcsal Rafiqo\u011flu","author_link":"https:\/\/arantv.az\/?author=2"},"rttpg_comment":0,"rttpg_category":"<a href=\"https:\/\/arantv.az\/?cat=26\" rel=\"category\">Sosial<\/a>","rttpg_excerpt":"Az\u0259rbaycan Respublikas\u0131n\u0131n Birinci vitse-prezidenti, Heyd\u0259r \u018fliyev Fondunun prezidenti Mehriban \u018fliyevan\u0131n t\u0259\u015f\u0259bb\u00fcs\u00fc il\u0259 azt\u0259minatl\u0131 v\u0259 dig\u0259r h\u0259ssas qruplardan olan ail\u0259l\u0259r\u0259 D\u00fcnya Az\u0259rbaycanl\u0131lar\u0131n\u0131n H\u0259mr\u0259yliyi G\u00fcn\u00fc v\u0259 Yeni il bayram\u0131 m\u00fcnasib\u0259ti il\u0259 sovqatlar\u0131n \u00e7atd\u0131r\u0131lmas\u0131na ba\u015flan\u0131l\u0131b. Trend-in m\u0259lumat\u0131na g\u00f6r\u0259, Heyd\u0259r \u018fliyev Fondunun v\u0259 \u201cRegional \u0130nki\u015faf\u201d \u0130ctimai Birliyinin h\u0259yata ke\u00e7irdiyi aksiya respublika \u00fczr\u0259 100 min\u0259d\u0259k ail\u0259ni \u0259hat\u0259 ed\u0259c\u0259k. Bura azt\u0259minatl\u0131&hellip;","_links":{"self":[{"href":"https:\/\/arantv.az\/index.php?rest_route=\/wp\/v2\/posts\/260246"}],"collection":[{"href":"https:\/\/arantv.az\/index.php?rest_route=\/wp\/v2\/posts"}],"about":[{"href":"https:\/\/arantv.az\/index.php?rest_route=\/wp\/v2\/types\/post"}],"author":[{"embeddable":true,"href":"https:\/\/arantv.az\/index.php?rest_route=\/wp\/v2\/users\/2"}],"replies":[{"embeddable":true,"href":"https:\/\/arantv.az\/index.php?rest_route=%2Fwp%2Fv2%2Fcomments&post=260246"}],"version-history":[{"count":0,"href":"https:\/\/arantv.az\/index.php?rest_route=\/wp\/v2\/posts\/260246\/revisions"}],"wp:featuredmedia":[{"embeddable":true,"href":"https:\/\/arantv.az\/index.php?rest_route=\/wp\/v2\/media\/260247"}],"wp:attachment":[{"href":"https:\/\/arantv.az\/index.php?rest_route=%2Fwp%2Fv2%2Fmedia&parent=260246"}],"wp:term":[{"taxonomy":"category","embeddable":true,"href":"https:\/\/arantv.az\/index.php?rest_route=%2Fwp%2Fv2%2Fcategories&post=260246"},{"taxonomy":"post_tag","embeddable":true,"href":"https:\/\/arantv.az\/index.php?rest_route=%2Fwp%2Fv2%2Ftags&post=260246"}],"curies":[{"name":"wp","href":"https:\/\/api.w.org\/{rel}","templated":true}]}}