{"id":260250,"date":"2020-12-25T15:06:41","date_gmt":"2020-12-25T12:06:41","guid":{"rendered":"http:\/\/arantv.az\/?p=260250"},"modified":"2020-12-25T15:06:41","modified_gmt":"2020-12-25T12:06:41","slug":"az%c9%99rbaycan-g%c9%99ncl%c9%99rinin-ix-forumu-oz-isini-yekunlasdirdi-foto","status":"publish","type":"post","link":"https:\/\/arantv.az\/?p=260250","title":{"rendered":"Az\u0259rbaycan G\u0259ncl\u0259rinin IX Forumu \u00f6z i\u015fini yekunla\u015fd\u0131rd\u0131 &#8211; FOTO"},"content":{"rendered":"<p>Az\u0259rbaycan g\u0259ncl\u0259ri IX Forum \u00e7\u0259r\u00e7iv\u0259sind\u0259 bir araya g\u0259libl\u0259r. M\u0259qs\u0259d \u00f6t\u0259n \u00fc\u00e7\u00a0il \u0259rzind\u0259 g\u00f6r\u00fclm\u00fc\u015f i\u015fl\u0259rin hesabat\u0131n\u0131 dinl\u0259m\u0259k, n\u00f6vb\u0259ti \u00fc\u00e7\u00a0il \u00fc\u00e7\u00fcn konsepsiyan\u0131 i\u015fl\u0259m\u0259k v\u0259 t\u0259klifl\u0259ri s\u0259sl\u0259ndirm\u0259k idi.<\/p>\n<p>G\u0259ncl\u0259r v\u0259 \u0130dman Nazirliyind\u0259n veril\u0259n m\u0259lumata g\u00f6r\u0259, onlayn \u015f\u0259kild\u0259 ke\u00e7iril\u0259n forumda G\u0259ncl\u0259r v\u0259 \u0130dman nazirinin m\u00fcavini \u0130ntiqam Babayev, Az\u0259rbaycan Respublikas\u0131 Prezidenti Administraisyas\u0131n\u0131n G\u0259ncl\u0259r siyas\u0259ti v\u0259 idman m\u0259s\u0259l\u0259l\u0259ri \u015f\u00f6b\u0259sinin sektor m\u00fcdiri H\u0259mid N\u0259sibov, G\u0259ncl\u0259r Fondunun icra\u00e7\u0131 direktoru F\u0259rid C\u0259f\u0259rov, Nax\u00e7\u0131van MR G\u0259ncl\u0259r v\u0259 \u0130dman naziri Azad Cabbarov, YAP G\u0259ncl\u0259r Birliyinin s\u0259drini \u0259v\u0259z ed\u0259n Milli M\u0259clisin deputat\u0131 Ramin M\u0259mm\u0259dov, G\u0259ncl\u0259r T\u0259\u015fkilatlar\u0131 Milli \u015euras\u0131n\u0131n s\u0259dri Az\u0259r \u018fliyev, Az\u0259rbaycan T\u0259l\u0259b\u0259 G\u0259ncl\u0259r T\u0259\u015fkilatlar\u0131 \u0130ttifaq\u0131n\u0131n s\u0259dri P\u0259rviz Mir\u0259l\u0259mli v\u0259\u00a0regionu t\u0259msil ed\u0259n g\u0259ncl\u0259r (alim, h\u0259rb\u00e7i, qazi, h\u0259kim, yarad\u0131c\u0131 g\u0259ncl\u0259r) \u00e7\u0131x\u0131\u015f edibl\u0259r.<\/p>\n<p>V\u0259t\u0259n m\u00fcharib\u0259sin\u0259 h\u0259sr olunmu\u015f video\u00e7arx\u0131n n\u00fcmayi\u015fi il\u0259 ba\u015flayan t\u0259dbird\u0259, Az\u0259rbaycan Respublikas\u0131 G\u0259ncl\u0259r v\u0259 \u0130dman nazirinin m\u00fcavini \u0130ntiqam Babayev\u00a0ilk olaraq forum i\u015ftirak\u00e7\u0131lar\u0131n\u0131 salamlay\u0131b.<\/p>\n<p>Daha sonra Az\u0259rbaycan\u0131n m\u00fcst\u0259qilliyi v\u0259 \u0259razi b\u00fct\u00f6vl\u00fcy\u00fc u\u011frunda canlar\u0131ndan ke\u00e7mi\u015f q\u0259hr\u0259man V\u0259t\u0259n \u00f6vladlar\u0131n\u0131n xatir\u0259si bir d\u0259qiq\u0259lik s\u00fckutla yad edilib\u00a0v\u0259 Az\u0259rbaycan Respublikas\u0131n\u0131n d\u00f6vl\u0259t himni s\u0259sl\u0259ndirilib. Sonra Az\u0259rbaycan G\u0259ncl\u0259rinin VIII Forumundan \u00f6t\u0259n m\u00fcdd\u0259td\u0259 \u00f6lk\u0259mizd\u0259 g\u0259ncl\u0259r sah\u0259sind\u0259 h\u0259yata ke\u00e7iril\u0259n t\u0259dbirl\u0259r bar\u0259d\u0259 haz\u0131rlanan video\u00e7arx n\u00fcmayi\u015f etdirilib.<\/p>\n<p>T\u0259dbird\u0259 \u00e7\u0131x\u0131\u015f ed\u0259n g\u0259ncl\u0259r v\u0259 idman nazirinin m\u00fcavini \u0130ntiqam Babayev IX Forumun \u00f6lk\u0259miz \u00fc\u00e7\u00fcn \u0259lam\u0259tdar tarixd\u0259 &#8211; q\u0259l\u0259b\u0259mizin qeyd olundu\u011fu ild\u0259 ke\u00e7irilm\u0259sinin x\u00fcsusi\u00a0\u00f6n\u0259m da\u015f\u0131d\u0131\u011f\u0131n\u0131 bildirib.<\/p>\n<p>Nazir m\u00fcavini qeyd edib\u00a0ki, 2020-ci ild\u0259 g\u0259ncl\u0259rimizin qazand\u0131\u011f\u0131 \u0259n b\u00f6y\u00fck u\u011fur\u00a0V\u0259t\u0259n m\u00fcharib\u0259sind\u0259 g\u00f6st\u0259rdikl\u0259ri \u015f\u00fcca\u0259t v\u0259 Ali Ba\u015f Komandan\u0131n r\u0259hb\u0259rliyi il\u0259 qazand\u0131\u011f\u0131m\u0131z tarixi q\u0259l\u0259b\u0259mizdir.<\/p>\n<p>M\u0259lumat \u00fc\u00e7\u00fcn bildirildi ki,\u00a0 2018-ci ilin noyabr, dekabr -2020-ci ilin noyabr, dekabr aylar\u0131 \u0259rzind\u0259 G\u0259ncl\u0259r v\u0259 \u0130dman Nazirliyi t\u0259r\u0259find\u0259n 274 t\u0259dbir\u00a0h\u0259yata ke\u00e7irilib ki, onlardan 241-i yerli, 33-\u00fc beyn\u0259lxalq olub. 2019-cu ild\u0259 1308, 2020-ci ild\u0259 is\u0259\u00a0 95 \u0259cn\u0259bi g\u0259nc nazirliyin h\u0259yata ke\u00e7irdiyi t\u0259dbirl\u0259rd\u0259 i\u015ftirak \u00fc\u00e7\u00fcn \u00f6lk\u0259miz\u0259 s\u0259f\u0259r edib. Beyn\u0259lxalq \u0259laq\u0259l\u0259rin inki\u015faf\u0131, m\u00fcxt\u0259lif layih\u0259l\u0259rd\u0259 i\u015ftirak m\u0259qs\u0259di il\u0259 2019-cu ild\u0259 206, 2020-ci ild\u0259 is\u0259 14 g\u0259nc xaric\u0259 ezam olunub.<\/p>\n<p>Forumun davam\u0131nda i\u015ftirak\u00e7\u0131lar\u00a0Az\u0259rbaycan\u0131n yeni tarixinin yarad\u0131c\u0131s\u0131, G\u0259ncl\u0259rin v\u0259t\u0259np\u0259rv\u0259rlik t\u0259rbiy\u0259sind\u0259 yeni m\u0259rh\u0259l\u0259, \u201cB\u00f6y\u00fck Qay\u0131d\u0131\u015f\u201dda g\u0259ncl\u0259rin v\u0259zif\u0259l\u0259ri, G\u0259ncl\u0259rin sa\u011flaml\u0131\u011f\u0131 \u2013 xalq\u0131n sa\u011flaml\u0131\u011f\u0131 m\u00f6vzular\u0131 \u0259traf\u0131nda \u00e7\u0131x\u0131\u015f edibl\u0259r.<\/p>\n<p>Yekunda t\u0259dbirin q\u0259tnam\u0259si v\u0259 IX Forum i\u015ftirak\u00e7\u0131lar\u0131n\u0131n ad\u0131ndan Az\u0259rbaycan Respublikas\u0131n\u0131n Prezidenti \u0130lham \u018fliyev\u0259 m\u00fcraci\u0259t q\u0259bul edilib.<\/p>\n<p>Qeyd ed\u0259k ki, g\u0259ncl\u0259rin geni\u015f i\u015ftirak\u0131n\u0131 t\u0259min etm\u0259k m\u0259qs\u0259di il\u0259 Forum \u0259n\u0259n\u0259vi olaraq iki m\u0259rh\u0259l\u0259d\u0259\u00a0 2-18 dekabr tarixl\u0259rind\u0259 zona toplant\u0131lar\u0131, 24 dekabr tarixd\u0259 is\u0259 Respublika toplant\u0131s\u0131 ke\u00e7irilib.<\/p>\n<div class=\"gallery\">\n<div class=\"gallery-i\"><img src=\"https:\/\/cdn.oxu.az\/uploads\/W1siZiIsIjIwMjAvMTIvMjUvMTUvNDYvMjYvMDUxMTViNDMtMDNmMS00N2UzLThkOTUtYmRhYTg2N2Q3OWIwL1doYXRzQXBwIEltYWdlIDIwMjAtMTItMjUgYXQgMTUuMjIuNDkuanBlZyJdLFsicCIsImVuY29kZSIsImpwZyIsIi1xdWFsaXR5IDgwIl0sWyJwIiwidGh1bWIiLCI1OTB4NTkwXHUwMDNlIl1d?sha=f4cf420c87672c85\" alt=\"\" \/><\/p>\n<div class=\"gallery-i-caption\"><\/div>\n<\/div>\n<div class=\"gallery-i\"><img src=\"https:\/\/cdn.oxu.az\/uploads\/W1siZiIsIjIwMjAvMTIvMjUvMTUvNDYvMjYvNjJhMzMyODMtMjg3Ni00ZDRmLWE5OGItNjk4NDEyY2EwMzlmL1doYXRzQXBwIEltYWdlIDIwMjAtMTItMjUgYXQgMTUuMjIuNDggKDEpLmpwZWciXSxbInAiLCJlbmNvZGUiLCJqcGciLCItcXVhbGl0eSA4MCJdLFsicCIsInRodW1iIiwiNTkweDU5MFx1MDAzZSJdXQ?sha=add20acafa7044f7\" alt=\"\" \/><\/p>\n<div class=\"gallery-i-caption\"><\/div>\n<\/div>\n<div class=\"gallery-i\"><img src=\"https:\/\/cdn.oxu.az\/uploads\/W1siZiIsIjIwMjAvMTIvMjUvMTUvNDYvMjYvOWIwOWEyMDgtMWZkNS00MDc0LThmNzctMDIyMDJhYTU1NDFlL1doYXRzQXBwIEltYWdlIDIwMjAtMTItMjUgYXQgMTUuMjIuNDguanBlZyJdLFsicCIsImVuY29kZSIsImpwZyIsIi1xdWFsaXR5IDgwIl0sWyJwIiwidGh1bWIiLCI1OTB4NTkwXHUwMDNlIl1d?sha=d2dec266773162db\" alt=\"\" \/><\/p>\n<div class=\"gallery-i-caption\"><\/div>\n<\/div>\n<div class=\"gallery-i\"><img src=\"https:\/\/cdn.oxu.az\/uploads\/W1siZiIsIjIwMjAvMTIvMjUvMTUvNDYvMjYvYTI3YzJmNDUtMjMyNC00Mzc0LTk5MzUtNjU4ODM4N2NjYzc0L1doYXRzQXBwIEltYWdlIDIwMjAtMTItMjUgYXQgMTUuMjIuNDcgKDIpLmpwZWciXSxbInAiLCJlbmNvZGUiLCJqcGciLCItcXVhbGl0eSA4MCJdLFsicCIsInRodW1iIiwiNTkweDU5MFx1MDAzZSJdXQ?sha=1ac3d018c93e69af\" alt=\"\" \/><\/p>\n<div class=\"gallery-i-caption\"><\/div>\n<\/div>\n<div class=\"gallery-i\"><img src=\"https:\/\/cdn.oxu.az\/uploads\/W1siZiIsIjIwMjAvMTIvMjUvMTUvNDYvMjYvZjZlZWViZTItZTBlYS00MzUwLWIzYTAtMmQ3ZWRlZmVhZmQ1L1doYXRzQXBwIEltYWdlIDIwMjAtMTItMjUgYXQgMTUuMjIuNDYgKDEpLmpwZWciXSxbInAiLCJlbmNvZGUiLCJqcGciLCItcXVhbGl0eSA4MCJdLFsicCIsInRodW1iIiwiNTkweDU5MFx1MDAzZSJdXQ?sha=89d2df8f293ee89f\" alt=\"\" \/><\/p>\n<div class=\"gallery-i-caption\"><\/div>\n<\/div>\n<div class=\"gallery-i\"><img src=\"https:\/\/cdn.oxu.az\/uploads\/W1siZiIsIjIwMjAvMTIvMjUvMTUvNDYvMjcvZDM5NTdjYzMtY2I5Ny00ODRhLTg4ZDgtOGYxZjA5OThlNTE1L1doYXRzQXBwIEltYWdlIDIwMjAtMTItMjUgYXQgMTUuMjIuNDcuanBlZyJdLFsicCIsImVuY29kZSIsImpwZyIsIi1xdWFsaXR5IDgwIl0sWyJwIiwidGh1bWIiLCI1OTB4NTkwXHUwMDNlIl1d?sha=6823e44adfdc4d4c\" alt=\"\" \/><\/p>\n<div class=\"gallery-i-caption\"><\/div>\n<\/div>\n<div class=\"gallery-i\"><img src=\"https:\/\/cdn.oxu.az\/uploads\/W1siZiIsIjIwMjAvMTIvMjUvMTUvNDYvMjcvNjNjNTM4NTAtODEyNC00YWU1LTljYTEtNDIyOWE2MTZkODliL1doYXRzQXBwIEltYWdlIDIwMjAtMTItMjUgYXQgMTUuMjIuNDYuanBlZyJdLFsicCIsImVuY29kZSIsImpwZyIsIi1xdWFsaXR5IDgwIl0sWyJwIiwidGh1bWIiLCI1OTB4NTkwXHUwMDNlIl1d?sha=9cc87a906538464c\" alt=\"\" \/><\/div>\n<\/div>\n","protected":false},"excerpt":{"rendered":"<p>Az\u0259rbaycan g\u0259ncl\u0259ri IX Forum \u00e7\u0259r\u00e7iv\u0259sind\u0259 bir araya g\u0259libl\u0259r. M\u0259qs\u0259d \u00f6t\u0259n \u00fc\u00e7\u00a0il \u0259rzind\u0259 g\u00f6r\u00fclm\u00fc\u015f i\u015fl\u0259rin hesabat\u0131n\u0131 dinl\u0259m\u0259k, n\u00f6vb\u0259ti \u00fc\u00e7\u00a0il \u00fc\u00e7\u00fcn konsepsiyan\u0131 i\u015fl\u0259m\u0259k v\u0259 t\u0259klifl\u0259ri s\u0259sl\u0259ndirm\u0259k idi. G\u0259ncl\u0259r v\u0259 \u0130dman Nazirliyind\u0259n veril\u0259n m\u0259lumata g\u00f6r\u0259, onlayn \u015f\u0259kild\u0259 ke\u00e7iril\u0259n forumda G\u0259ncl\u0259r v\u0259 \u0130dman nazirinin m\u00fcavini \u0130ntiqam Babayev, Az\u0259rbaycan Respublikas\u0131 Prezidenti Administraisyas\u0131n\u0131n G\u0259ncl\u0259r siyas\u0259ti v\u0259 idman m\u0259s\u0259l\u0259l\u0259ri \u015f\u00f6b\u0259sinin sektor m\u00fcdiri H\u0259mid N\u0259sibov, G\u0259ncl\u0259r Fondunun icra\u00e7\u0131 direktoru F\u0259rid C\u0259f\u0259rov, Nax\u00e7\u0131van MR G\u0259ncl\u0259r v\u0259 \u0130dman naziri Azad Cabbarov, YAP G\u0259ncl\u0259r Birliyinin s\u0259drini \u0259v\u0259z ed\u0259n Milli M\u0259clisin deputat\u0131 Ramin M\u0259mm\u0259dov, G\u0259ncl\u0259r T\u0259\u015fkilatlar\u0131 Milli \u015euras\u0131n\u0131n s\u0259dri Az\u0259r \u018fliyev, Az\u0259rbaycan&hellip;<\/p>\n","protected":false},"author":2,"featured_media":260251,"comment_status":"closed","ping_status":"closed","sticky":false,"template":"","format":"standard","meta":{"om_disable_all_campaigns":false,"_monsterinsights_skip_tracking":false,"_monsterinsights_sitenote_active":false,"_monsterinsights_sitenote_note":"","_monsterinsights_sitenote_category":0},"categories":[26],"tags":[],"aioseo_notices":[],"gutentor_comment":0,"rttpg_featured_image_url":{"full":["https:\/\/arantv.az\/wp-content\/uploads\/2020\/12\/WhatsApp-Image-2020-12-25-at-15.22.47-1.jpg",620,334,false],"landscape":["https:\/\/arantv.az\/wp-content\/uploads\/2020\/12\/WhatsApp-Image-2020-12-25-at-15.22.47-1.jpg",620,334,false],"portraits":["https:\/\/arantv.az\/wp-content\/uploads\/2020\/12\/WhatsApp-Image-2020-12-25-at-15.22.47-1.jpg",620,334,false],"thumbnail":["https:\/\/arantv.az\/wp-content\/uploads\/2020\/12\/WhatsApp-Image-2020-12-25-at-15.22.47-1-150x150.jpg",150,150,true],"medium":["https:\/\/arantv.az\/wp-content\/uploads\/2020\/12\/WhatsApp-Image-2020-12-25-at-15.22.47-1-300x162.jpg",300,162,true],"large":["https:\/\/arantv.az\/wp-content\/uploads\/2020\/12\/WhatsApp-Image-2020-12-25-at-15.22.47-1.jpg",620,334,false],"1536x1536":["https:\/\/arantv.az\/wp-content\/uploads\/2020\/12\/WhatsApp-Image-2020-12-25-at-15.22.47-1.jpg",620,334,false],"2048x2048":["https:\/\/arantv.az\/wp-content\/uploads\/2020\/12\/WhatsApp-Image-2020-12-25-at-15.22.47-1.jpg",620,334,false],"post-thumbnail":["https:\/\/arantv.az\/wp-content\/uploads\/2020\/12\/WhatsApp-Image-2020-12-25-at-15.22.47-1-240x172.jpg",240,172,true],"advps-thumb-one":["https:\/\/arantv.az\/wp-content\/uploads\/2020\/12\/WhatsApp-Image-2020-12-25-at-15.22.47-1.jpg",620,334,false]},"rttpg_author":{"display_name":"V\u00fcsal Rafiqo\u011flu","author_link":"https:\/\/arantv.az\/?author=2"},"rttpg_comment":0,"rttpg_category":"<a href=\"https:\/\/arantv.az\/?cat=26\" rel=\"category\">Sosial<\/a>","rttpg_excerpt":"Az\u0259rbaycan g\u0259ncl\u0259ri IX Forum \u00e7\u0259r\u00e7iv\u0259sind\u0259 bir araya g\u0259libl\u0259r. M\u0259qs\u0259d \u00f6t\u0259n \u00fc\u00e7\u00a0il \u0259rzind\u0259 g\u00f6r\u00fclm\u00fc\u015f i\u015fl\u0259rin hesabat\u0131n\u0131 dinl\u0259m\u0259k, n\u00f6vb\u0259ti \u00fc\u00e7\u00a0il \u00fc\u00e7\u00fcn konsepsiyan\u0131 i\u015fl\u0259m\u0259k v\u0259 t\u0259klifl\u0259ri s\u0259sl\u0259ndirm\u0259k idi. G\u0259ncl\u0259r v\u0259 \u0130dman Nazirliyind\u0259n veril\u0259n m\u0259lumata g\u00f6r\u0259, onlayn \u015f\u0259kild\u0259 ke\u00e7iril\u0259n forumda G\u0259ncl\u0259r v\u0259 \u0130dman nazirinin m\u00fcavini \u0130ntiqam Babayev, Az\u0259rbaycan Respublikas\u0131 Prezidenti Administraisyas\u0131n\u0131n G\u0259ncl\u0259r siyas\u0259ti v\u0259 idman m\u0259s\u0259l\u0259l\u0259ri \u015f\u00f6b\u0259sinin sektor m\u00fcdiri&hellip;","_links":{"self":[{"href":"https:\/\/arantv.az\/index.php?rest_route=\/wp\/v2\/posts\/260250"}],"collection":[{"href":"https:\/\/arantv.az\/index.php?rest_route=\/wp\/v2\/posts"}],"about":[{"href":"https:\/\/arantv.az\/index.php?rest_route=\/wp\/v2\/types\/post"}],"author":[{"embeddable":true,"href":"https:\/\/arantv.az\/index.php?rest_route=\/wp\/v2\/users\/2"}],"replies":[{"embeddable":true,"href":"https:\/\/arantv.az\/index.php?rest_route=%2Fwp%2Fv2%2Fcomments&post=260250"}],"version-history":[{"count":0,"href":"https:\/\/arantv.az\/index.php?rest_route=\/wp\/v2\/posts\/260250\/revisions"}],"wp:featuredmedia":[{"embeddable":true,"href":"https:\/\/arantv.az\/index.php?rest_route=\/wp\/v2\/media\/260251"}],"wp:attachment":[{"href":"https:\/\/arantv.az\/index.php?rest_route=%2Fwp%2Fv2%2Fmedia&parent=260250"}],"wp:term":[{"taxonomy":"category","embeddable":true,"href":"https:\/\/arantv.az\/index.php?rest_route=%2Fwp%2Fv2%2Fcategories&post=260250"},{"taxonomy":"post_tag","embeddable":true,"href":"https:\/\/arantv.az\/index.php?rest_route=%2Fwp%2Fv2%2Ftags&post=260250"}],"curies":[{"name":"wp","href":"https:\/\/api.w.org\/{rel}","templated":true}]}}