{"id":260258,"date":"2020-12-25T15:08:31","date_gmt":"2020-12-25T12:08:31","guid":{"rendered":"http:\/\/arantv.az\/?p=260258"},"modified":"2020-12-25T15:08:31","modified_gmt":"2020-12-25T12:08:31","slug":"fuzulinin-s%c9%99hid-giziri-atasinin-%c9%99n-boyuk-arzusu-oglunun-adinin-musiqi-m%c9%99kt%c9%99bin%c9%99-verilm%c9%99sidir-foto","status":"publish","type":"post","link":"https:\/\/arantv.az\/?p=260258","title":{"rendered":"F\u00fczulinin \u015f\u0259hid giziri: Atas\u0131n\u0131n \u0259n b\u00f6y\u00fck arzusu o\u011flunun ad\u0131n\u0131n musiqi m\u0259kt\u0259bin\u0259 verilm\u0259sidir &#8211; FOTO"},"content":{"rendered":"<p>Az\u0259rbaycan\u0131n 44 g\u00fcn davam ed\u0259n v\u0259 ordumuzun inaml\u0131 q\u0259l\u0259b\u0259si il\u0259 ba\u015fa \u00e7atan V\u0259t\u0259n M\u00fcharib\u0259si ne\u00e7\u0259-ne\u00e7\u0259 h\u0259yat hekay\u0259si, q\u0259hr\u0259manl\u0131q salnam\u0259si il\u0259 yadda\u015flara h\u0259kk olundu.<\/p>\n<p>Qar\u015f\u0131lar\u0131na 30 ilin h\u0259sr\u0259tin\u0259 son qoyma\u011f\u0131 m\u0259qs\u0259d qoyanlar \u00f6m\u00fcrl\u0259rinin bahar\u0131nda, g\u0259nc ya\u015flar\u0131nda bu amal u\u011frunda q\u0259hr\u0259mancas\u0131na canlar\u0131n\u0131 f\u0259da etdil\u0259r. G\u00f6zl\u0259rini d\u0259 q\u0131rpmadan \u201cV\u0259t\u0259n sa\u011f olsun\u201d dedil\u0259r.<\/p>\n<p>El\u0259 20 ya\u015fl\u0131 \u015f\u0259hid gizirimiz R\u00fcst\u0259mov Zamin S\u0259xav\u0259t o\u011flu kimi&#8230;<\/p>\n<p>\u015e\u0259hid gizirimiz 2000-ci il oktyabr\u0131n 17-d\u0259 F\u00fczuli rayonu A\u015fa\u011f\u0131 Ya\u011fl\u0131v\u0259nd k\u0259ndind\u0259 do\u011fulub.<\/p>\n<p>Zamin h\u0259rbi xidm\u0259t zaman\u0131 y\u00fcks\u0259k nizam intizam\u0131, m\u0259rdliyi v\u0259 c\u0259surlu\u011fu il\u0259 se\u00e7ilib.<\/p>\n<p>O, \u0130kinci Qaraba\u011f M\u00fcharib\u0259sin\u0259 k\u00f6n\u00fcll\u00fc yollananlardand\u0131r. C\u0259bray\u0131l, Z\u0259ngilan v\u0259 Horadiz u\u011frunda ged\u0259n d\u00f6y\u00fc\u015fl\u0259rd\u0259 i\u015ftirak ed\u0259n gizir \u00e7ox sayda d\u00fc\u015fm\u0259ni m\u0259hv edib.<\/p>\n<p>Zamin oktyabr ay\u0131n\u0131n 23-d\u0259 d\u00f6y\u00fc\u015f tap\u015f\u0131r\u0131\u011f\u0131n\u0131 yerin\u0259 yetir\u0259rk\u0259n Z\u0259ngilan rayonu A\u011fb\u0259nd q\u0259s\u0259b\u0259sind\u0259 q\u0259hr\u0259mancas\u0131na \u015f\u0259hid olub.<\/p>\n<p>Qeyd ed\u0259k ki, Zamin R\u00fcst\u0259mov \u00f6l\u00fcm\u00fcnd\u0259n sonra Ali Ba\u015f Komandan, Prezident \u0130lham \u018fliyevin s\u0259r\u0259ncam\u0131 il\u0259 \u201cV\u0259t\u0259n u\u011frunda\u201d medal\u0131 il\u0259 t\u0259ltif edilib.<\/p>\n<p>\u015e\u0259hidimiz atas\u0131 S\u0259xav\u0259t R\u00fcst\u0259movun \u0259n b\u00f6y\u00fck arzusu is\u0259 evin t\u0259k o\u011ful \u00f6vlad\u0131n\u0131n ad\u0131n\u0131n, onun bitirdiyi F\u00fczuli rayon A\u015fa\u011f\u0131 Ya\u011fl\u0131v\u0259nd k\u0259nd U\u015faq Musiqi M\u0259kt\u0259bin\u0259 verilm\u0259sidir.<\/p>\n<div class=\"gallery\">\n<div class=\"gallery-i\"><img src=\"https:\/\/cdn.oxu.az\/uploads\/W1siZiIsIjIwMjAvMTIvMjUvMTUvMDMvMzIvN2E0MjNmNmMtODZiYS00NjMwLWEyZjctNjIwMWZiZDM0MWM0LzI5MzEyMjUwLWM2Y2YtNGY2Mi05NjFiLWM4NGVlNjZkN2VjYy5qcGciXSxbInAiLCJlbmNvZGUiLCJqcGciLCItcXVhbGl0eSA4MCJdLFsicCIsInRodW1iIiwiNTkweDU5MFx1MDAzZSJdXQ?sha=1e1b05bc75e507ef\" alt=\"\" \/><\/div>\n<\/div>\n","protected":false},"excerpt":{"rendered":"<p>Az\u0259rbaycan\u0131n 44 g\u00fcn davam ed\u0259n v\u0259 ordumuzun inaml\u0131 q\u0259l\u0259b\u0259si il\u0259 ba\u015fa \u00e7atan V\u0259t\u0259n M\u00fcharib\u0259si ne\u00e7\u0259-ne\u00e7\u0259 h\u0259yat hekay\u0259si, q\u0259hr\u0259manl\u0131q salnam\u0259si il\u0259 yadda\u015flara h\u0259kk olundu. Qar\u015f\u0131lar\u0131na 30 ilin h\u0259sr\u0259tin\u0259 son qoyma\u011f\u0131 m\u0259qs\u0259d qoyanlar \u00f6m\u00fcrl\u0259rinin bahar\u0131nda, g\u0259nc ya\u015flar\u0131nda bu amal u\u011frunda q\u0259hr\u0259mancas\u0131na canlar\u0131n\u0131 f\u0259da etdil\u0259r. G\u00f6zl\u0259rini d\u0259 q\u0131rpmadan \u201cV\u0259t\u0259n sa\u011f olsun\u201d dedil\u0259r. El\u0259 20 ya\u015fl\u0131 \u015f\u0259hid gizirimiz R\u00fcst\u0259mov Zamin S\u0259xav\u0259t o\u011flu kimi&#8230; \u015e\u0259hid gizirimiz 2000-ci il oktyabr\u0131n 17-d\u0259 F\u00fczuli rayonu A\u015fa\u011f\u0131 Ya\u011fl\u0131v\u0259nd k\u0259ndind\u0259 do\u011fulub. Zamin h\u0259rbi xidm\u0259t zaman\u0131 y\u00fcks\u0259k nizam intizam\u0131, m\u0259rdliyi v\u0259 c\u0259surlu\u011fu il\u0259 se\u00e7ilib. O, \u0130kinci Qaraba\u011f M\u00fcharib\u0259sin\u0259 k\u00f6n\u00fcll\u00fc yollananlardand\u0131r. C\u0259bray\u0131l,&hellip;<\/p>\n","protected":false},"author":2,"featured_media":260259,"comment_status":"closed","ping_status":"closed","sticky":false,"template":"","format":"standard","meta":{"om_disable_all_campaigns":false,"_monsterinsights_skip_tracking":false,"_monsterinsights_sitenote_active":false,"_monsterinsights_sitenote_note":"","_monsterinsights_sitenote_category":0},"categories":[26],"tags":[],"aioseo_notices":[],"gutentor_comment":0,"rttpg_featured_image_url":{"full":["https:\/\/arantv.az\/wp-content\/uploads\/2020\/12\/58e28607-fe35-45b4-ad51-62e7c9c39c27.jpg",595,465,false],"landscape":["https:\/\/arantv.az\/wp-content\/uploads\/2020\/12\/58e28607-fe35-45b4-ad51-62e7c9c39c27.jpg",595,465,false],"portraits":["https:\/\/arantv.az\/wp-content\/uploads\/2020\/12\/58e28607-fe35-45b4-ad51-62e7c9c39c27.jpg",595,465,false],"thumbnail":["https:\/\/arantv.az\/wp-content\/uploads\/2020\/12\/58e28607-fe35-45b4-ad51-62e7c9c39c27-150x150.jpg",150,150,true],"medium":["https:\/\/arantv.az\/wp-content\/uploads\/2020\/12\/58e28607-fe35-45b4-ad51-62e7c9c39c27-300x234.jpg",300,234,true],"large":["https:\/\/arantv.az\/wp-content\/uploads\/2020\/12\/58e28607-fe35-45b4-ad51-62e7c9c39c27.jpg",595,465,false],"1536x1536":["https:\/\/arantv.az\/wp-content\/uploads\/2020\/12\/58e28607-fe35-45b4-ad51-62e7c9c39c27.jpg",595,465,false],"2048x2048":["https:\/\/arantv.az\/wp-content\/uploads\/2020\/12\/58e28607-fe35-45b4-ad51-62e7c9c39c27.jpg",595,465,false],"post-thumbnail":["https:\/\/arantv.az\/wp-content\/uploads\/2020\/12\/58e28607-fe35-45b4-ad51-62e7c9c39c27-240x172.jpg",240,172,true],"advps-thumb-one":["https:\/\/arantv.az\/wp-content\/uploads\/2020\/12\/58e28607-fe35-45b4-ad51-62e7c9c39c27.jpg",595,465,false]},"rttpg_author":{"display_name":"V\u00fcsal Rafiqo\u011flu","author_link":"https:\/\/arantv.az\/?author=2"},"rttpg_comment":0,"rttpg_category":"<a href=\"https:\/\/arantv.az\/?cat=26\" rel=\"category\">Sosial<\/a>","rttpg_excerpt":"Az\u0259rbaycan\u0131n 44 g\u00fcn davam ed\u0259n v\u0259 ordumuzun inaml\u0131 q\u0259l\u0259b\u0259si il\u0259 ba\u015fa \u00e7atan V\u0259t\u0259n M\u00fcharib\u0259si ne\u00e7\u0259-ne\u00e7\u0259 h\u0259yat hekay\u0259si, q\u0259hr\u0259manl\u0131q salnam\u0259si il\u0259 yadda\u015flara h\u0259kk olundu. Qar\u015f\u0131lar\u0131na 30 ilin h\u0259sr\u0259tin\u0259 son qoyma\u011f\u0131 m\u0259qs\u0259d qoyanlar \u00f6m\u00fcrl\u0259rinin bahar\u0131nda, g\u0259nc ya\u015flar\u0131nda bu amal u\u011frunda q\u0259hr\u0259mancas\u0131na canlar\u0131n\u0131 f\u0259da etdil\u0259r. G\u00f6zl\u0259rini d\u0259 q\u0131rpmadan \u201cV\u0259t\u0259n sa\u011f olsun\u201d dedil\u0259r. El\u0259 20 ya\u015fl\u0131 \u015f\u0259hid gizirimiz R\u00fcst\u0259mov&hellip;","_links":{"self":[{"href":"https:\/\/arantv.az\/index.php?rest_route=\/wp\/v2\/posts\/260258"}],"collection":[{"href":"https:\/\/arantv.az\/index.php?rest_route=\/wp\/v2\/posts"}],"about":[{"href":"https:\/\/arantv.az\/index.php?rest_route=\/wp\/v2\/types\/post"}],"author":[{"embeddable":true,"href":"https:\/\/arantv.az\/index.php?rest_route=\/wp\/v2\/users\/2"}],"replies":[{"embeddable":true,"href":"https:\/\/arantv.az\/index.php?rest_route=%2Fwp%2Fv2%2Fcomments&post=260258"}],"version-history":[{"count":0,"href":"https:\/\/arantv.az\/index.php?rest_route=\/wp\/v2\/posts\/260258\/revisions"}],"wp:featuredmedia":[{"embeddable":true,"href":"https:\/\/arantv.az\/index.php?rest_route=\/wp\/v2\/media\/260259"}],"wp:attachment":[{"href":"https:\/\/arantv.az\/index.php?rest_route=%2Fwp%2Fv2%2Fmedia&parent=260258"}],"wp:term":[{"taxonomy":"category","embeddable":true,"href":"https:\/\/arantv.az\/index.php?rest_route=%2Fwp%2Fv2%2Fcategories&post=260258"},{"taxonomy":"post_tag","embeddable":true,"href":"https:\/\/arantv.az\/index.php?rest_route=%2Fwp%2Fv2%2Ftags&post=260258"}],"curies":[{"name":"wp","href":"https:\/\/api.w.org\/{rel}","templated":true}]}}