{"id":260274,"date":"2020-12-25T15:10:58","date_gmt":"2020-12-25T12:10:58","guid":{"rendered":"http:\/\/arantv.az\/?p=260274"},"modified":"2020-12-25T15:10:58","modified_gmt":"2020-12-25T12:10:58","slug":"bu-il-tikil%c9%99n-v%c9%99-t%c9%99mir-edil%c9%99n-m%c9%99kt%c9%99bl%c9%99rin-sayi-bilindi-foto","status":"publish","type":"post","link":"https:\/\/arantv.az\/?p=260274","title":{"rendered":"Bu il tikil\u0259n v\u0259 t\u0259mir edil\u0259n m\u0259kt\u0259bl\u0259rin say\u0131 bilindi &#8211; FOTO"},"content":{"rendered":"<p>2020-ci ild\u0259 Heyd\u0259r \u018fliyev Fondunun t\u0259\u015f\u0259bb\u00fcs\u00fc v\u0259 d\u0259st\u0259yi il\u0259 \u00f6lk\u0259mizd\u0259 62 t\u0259hsil m\u00fc\u0259ssis\u0259si in\u015fa v\u0259 \u0259sasl\u0131 t\u0259mir olunaraq m\u00fc\u0259llim v\u0259 \u015fagirdl\u0259rin ixtiyar\u0131na verilib.<\/p>\n<p>Bununla ba\u011fl\u0131 T\u0259hsil Nazirliyi m\u0259lumat yay\u0131b.<\/p>\n<p>Bildirilib ki, 2020-ci ild\u0259 T\u0259hsil Nazirliyi t\u0259r\u0259find\u0259n 94 t\u0259hsil m\u00fc\u0259ssis\u0259si tikilib v\u0259 \u0259sasl\u0131 t\u0259mir edilib.<\/p>\n<p>Onlardan 27-d\u0259 tikinti, b\u0259rpa-g\u00fccl\u0259ndirm\u0259, yeddisind\u0259 \u0259sasl\u0131 t\u0259mir i\u015fl\u0259ri g\u00f6r\u00fcl\u00fcb, 60 modul tipli m\u0259kt\u0259b qura\u015fd\u0131r\u0131l\u0131b.<\/p>\n<div class=\"gallery\">\n<div class=\"gallery-i\"><img src=\"https:\/\/cdn.oxu.az\/uploads\/W1siZiIsIjIwMjAvMTIvMjUvMTUvMDAvNDgvMjRkNzlkYzYtZmI5Mi00YjJkLWFkNDktNzUxOTdiY2Y5NTc2L3TJmWhzaWwuanBnIl0sWyJwIiwiZW5jb2RlIiwianBnIiwiLXF1YWxpdHkgODAiXSxbInAiLCJ0aHVtYiIsIjU5MHg1OTBcdTAwM2UiXV0?sha=9dbcc5763a4c6239\" alt=\"\" \/><\/div>\n<\/div>\n","protected":false},"excerpt":{"rendered":"<p>2020-ci ild\u0259 Heyd\u0259r \u018fliyev Fondunun t\u0259\u015f\u0259bb\u00fcs\u00fc v\u0259 d\u0259st\u0259yi il\u0259 \u00f6lk\u0259mizd\u0259 62 t\u0259hsil m\u00fc\u0259ssis\u0259si in\u015fa v\u0259 \u0259sasl\u0131 t\u0259mir olunaraq m\u00fc\u0259llim v\u0259 \u015fagirdl\u0259rin ixtiyar\u0131na verilib. Bununla ba\u011fl\u0131 T\u0259hsil Nazirliyi m\u0259lumat yay\u0131b. Bildirilib ki, 2020-ci ild\u0259 T\u0259hsil Nazirliyi t\u0259r\u0259find\u0259n 94 t\u0259hsil m\u00fc\u0259ssis\u0259si tikilib v\u0259 \u0259sasl\u0131 t\u0259mir edilib. Onlardan 27-d\u0259 tikinti, b\u0259rpa-g\u00fccl\u0259ndirm\u0259, yeddisind\u0259 \u0259sasl\u0131 t\u0259mir i\u015fl\u0259ri g\u00f6r\u00fcl\u00fcb, 60 modul tipli m\u0259kt\u0259b qura\u015fd\u0131r\u0131l\u0131b.<\/p>\n","protected":false},"author":2,"featured_media":260275,"comment_status":"closed","ping_status":"closed","sticky":false,"template":"","format":"standard","meta":{"om_disable_all_campaigns":false,"_monsterinsights_skip_tracking":false,"_monsterinsights_sitenote_active":false,"_monsterinsights_sitenote_note":"","_monsterinsights_sitenote_category":0},"categories":[26],"tags":[],"aioseo_notices":[],"gutentor_comment":0,"rttpg_featured_image_url":{"full":["https:\/\/arantv.az\/wp-content\/uploads\/2020\/12\/M.jpg",620,345,false],"landscape":["https:\/\/arantv.az\/wp-content\/uploads\/2020\/12\/M.jpg",620,345,false],"portraits":["https:\/\/arantv.az\/wp-content\/uploads\/2020\/12\/M.jpg",620,345,false],"thumbnail":["https:\/\/arantv.az\/wp-content\/uploads\/2020\/12\/M-150x150.jpg",150,150,true],"medium":["https:\/\/arantv.az\/wp-content\/uploads\/2020\/12\/M-300x167.jpg",300,167,true],"large":["https:\/\/arantv.az\/wp-content\/uploads\/2020\/12\/M.jpg",620,345,false],"1536x1536":["https:\/\/arantv.az\/wp-content\/uploads\/2020\/12\/M.jpg",620,345,false],"2048x2048":["https:\/\/arantv.az\/wp-content\/uploads\/2020\/12\/M.jpg",620,345,false],"post-thumbnail":["https:\/\/arantv.az\/wp-content\/uploads\/2020\/12\/M-240x172.jpg",240,172,true],"advps-thumb-one":["https:\/\/arantv.az\/wp-content\/uploads\/2020\/12\/M.jpg",620,345,false]},"rttpg_author":{"display_name":"V\u00fcsal Rafiqo\u011flu","author_link":"https:\/\/arantv.az\/?author=2"},"rttpg_comment":0,"rttpg_category":"<a href=\"https:\/\/arantv.az\/?cat=26\" rel=\"category\">Sosial<\/a>","rttpg_excerpt":"2020-ci ild\u0259 Heyd\u0259r \u018fliyev Fondunun t\u0259\u015f\u0259bb\u00fcs\u00fc v\u0259 d\u0259st\u0259yi il\u0259 \u00f6lk\u0259mizd\u0259 62 t\u0259hsil m\u00fc\u0259ssis\u0259si in\u015fa v\u0259 \u0259sasl\u0131 t\u0259mir olunaraq m\u00fc\u0259llim v\u0259 \u015fagirdl\u0259rin ixtiyar\u0131na verilib. Bununla ba\u011fl\u0131 T\u0259hsil Nazirliyi m\u0259lumat yay\u0131b. Bildirilib ki, 2020-ci ild\u0259 T\u0259hsil Nazirliyi t\u0259r\u0259find\u0259n 94 t\u0259hsil m\u00fc\u0259ssis\u0259si tikilib v\u0259 \u0259sasl\u0131 t\u0259mir edilib. Onlardan 27-d\u0259 tikinti, b\u0259rpa-g\u00fccl\u0259ndirm\u0259, yeddisind\u0259 \u0259sasl\u0131 t\u0259mir i\u015fl\u0259ri g\u00f6r\u00fcl\u00fcb, 60 modul&hellip;","_links":{"self":[{"href":"https:\/\/arantv.az\/index.php?rest_route=\/wp\/v2\/posts\/260274"}],"collection":[{"href":"https:\/\/arantv.az\/index.php?rest_route=\/wp\/v2\/posts"}],"about":[{"href":"https:\/\/arantv.az\/index.php?rest_route=\/wp\/v2\/types\/post"}],"author":[{"embeddable":true,"href":"https:\/\/arantv.az\/index.php?rest_route=\/wp\/v2\/users\/2"}],"replies":[{"embeddable":true,"href":"https:\/\/arantv.az\/index.php?rest_route=%2Fwp%2Fv2%2Fcomments&post=260274"}],"version-history":[{"count":0,"href":"https:\/\/arantv.az\/index.php?rest_route=\/wp\/v2\/posts\/260274\/revisions"}],"wp:featuredmedia":[{"embeddable":true,"href":"https:\/\/arantv.az\/index.php?rest_route=\/wp\/v2\/media\/260275"}],"wp:attachment":[{"href":"https:\/\/arantv.az\/index.php?rest_route=%2Fwp%2Fv2%2Fmedia&parent=260274"}],"wp:term":[{"taxonomy":"category","embeddable":true,"href":"https:\/\/arantv.az\/index.php?rest_route=%2Fwp%2Fv2%2Fcategories&post=260274"},{"taxonomy":"post_tag","embeddable":true,"href":"https:\/\/arantv.az\/index.php?rest_route=%2Fwp%2Fv2%2Ftags&post=260274"}],"curies":[{"name":"wp","href":"https:\/\/api.w.org\/{rel}","templated":true}]}}