{"id":260278,"date":"2020-12-25T15:12:00","date_gmt":"2020-12-25T12:12:00","guid":{"rendered":"http:\/\/arantv.az\/?p=260278"},"modified":"2020-12-25T15:12:00","modified_gmt":"2020-12-25T12:12:00","slug":"b%c9%99zi-analar-aliment-almaqda-c%c9%99tinlik-c%c9%99kirl%c9%99r-aciqlama","status":"publish","type":"post","link":"https:\/\/arantv.az\/?p=260278","title":{"rendered":"\u201cB\u0259zi analar aliment almaqda \u00e7\u0259tinlik \u00e7\u0259kirl\u0259r\u201d &#8211; A\u00c7IQLAMA"},"content":{"rendered":"<p>\u201cAliment fondunun yarad\u0131lmas\u0131 vacib m\u0259s\u0259l\u0259l\u0259rd\u0259n biridir. Bu g\u00fcn b\u0259zi analar var ki, aliment almaqda \u00e7\u0259tinlik \u00e7\u0259kirl\u0259r\u201d.<\/p>\n<p><strong>ARANTV.AZ<\/strong>\u00a0 x\u0259b\u0259r verir ki, bunu parlamentin bu g\u00fcn ke\u00e7iril\u0259n iclas\u0131nda Milli M\u0259clisin M\u0259d\u0259niyy\u0259t komit\u0259sinin s\u0259dri Q\u0259nir\u0259 Pa\u015fayeva deyib.<\/p>\n<div id=\"AdviadNativeVideo0\" class=\"AdviadNativeVideo\">\n<div class=\"adviad-inboard sm-screen\">\n<div>\n<div class=\"adviad-ui-components-label\">\n<p>\u201cUzun m\u00fcdd\u0259t aliment ala bilm\u0259y\u0259n analar var ki, t\u0259klif edir\u0259m, onlar\u0131n m\u0259\u015f\u011fulluq m\u0259s\u0259l\u0259sin\u0259 \u00f6n\u0259m verilm\u0259lidir.<\/p>\n<p>\u0130nan\u0131r\u0131q ki, bir g\u00fcn Aliment fondunun yarad\u0131lmas\u0131 m\u0259s\u0259l\u0259sin\u0259 d\u0259 bax\u0131lacaq\u201d, &#8211; komit\u0259 s\u0259dri bildirib.<\/p>\n<\/div>\n<\/div>\n<\/div>\n<\/div>\n","protected":false},"excerpt":{"rendered":"<p>\u201cAliment fondunun yarad\u0131lmas\u0131 vacib m\u0259s\u0259l\u0259l\u0259rd\u0259n biridir. Bu g\u00fcn b\u0259zi analar var ki, aliment almaqda \u00e7\u0259tinlik \u00e7\u0259kirl\u0259r\u201d. ARANTV.AZ\u00a0 x\u0259b\u0259r verir ki, bunu parlamentin bu g\u00fcn ke\u00e7iril\u0259n iclas\u0131nda Milli M\u0259clisin M\u0259d\u0259niyy\u0259t komit\u0259sinin s\u0259dri Q\u0259nir\u0259 Pa\u015fayeva deyib. \u201cUzun m\u00fcdd\u0259t aliment ala bilm\u0259y\u0259n analar var ki, t\u0259klif edir\u0259m, onlar\u0131n m\u0259\u015f\u011fulluq m\u0259s\u0259l\u0259sin\u0259 \u00f6n\u0259m verilm\u0259lidir. \u0130nan\u0131r\u0131q ki, bir g\u00fcn Aliment fondunun yarad\u0131lmas\u0131 m\u0259s\u0259l\u0259sin\u0259 d\u0259 bax\u0131lacaq\u201d, &#8211; komit\u0259 s\u0259dri bildirib.<\/p>\n","protected":false},"author":2,"featured_media":260279,"comment_status":"closed","ping_status":"closed","sticky":false,"template":"","format":"standard","meta":{"om_disable_all_campaigns":false,"_monsterinsights_skip_tracking":false,"_monsterinsights_sitenote_active":false,"_monsterinsights_sitenote_note":"","_monsterinsights_sitenote_category":0},"categories":[19],"tags":[],"aioseo_notices":[],"gutentor_comment":0,"rttpg_featured_image_url":{"full":["https:\/\/arantv.az\/wp-content\/uploads\/2020\/12\/aliment.jpg",620,413,false],"landscape":["https:\/\/arantv.az\/wp-content\/uploads\/2020\/12\/aliment.jpg",620,413,false],"portraits":["https:\/\/arantv.az\/wp-content\/uploads\/2020\/12\/aliment.jpg",620,413,false],"thumbnail":["https:\/\/arantv.az\/wp-content\/uploads\/2020\/12\/aliment-150x150.jpg",150,150,true],"medium":["https:\/\/arantv.az\/wp-content\/uploads\/2020\/12\/aliment-300x200.jpg",300,200,true],"large":["https:\/\/arantv.az\/wp-content\/uploads\/2020\/12\/aliment.jpg",620,413,false],"1536x1536":["https:\/\/arantv.az\/wp-content\/uploads\/2020\/12\/aliment.jpg",620,413,false],"2048x2048":["https:\/\/arantv.az\/wp-content\/uploads\/2020\/12\/aliment.jpg",620,413,false],"post-thumbnail":["https:\/\/arantv.az\/wp-content\/uploads\/2020\/12\/aliment-240x172.jpg",240,172,true],"advps-thumb-one":["https:\/\/arantv.az\/wp-content\/uploads\/2020\/12\/aliment.jpg",620,413,false]},"rttpg_author":{"display_name":"V\u00fcsal Rafiqo\u011flu","author_link":"https:\/\/arantv.az\/?author=2"},"rttpg_comment":0,"rttpg_category":"<a href=\"https:\/\/arantv.az\/?cat=19\" rel=\"category\">G\u00fcnd\u0259m<\/a>","rttpg_excerpt":"\u201cAliment fondunun yarad\u0131lmas\u0131 vacib m\u0259s\u0259l\u0259l\u0259rd\u0259n biridir. Bu g\u00fcn b\u0259zi analar var ki, aliment almaqda \u00e7\u0259tinlik \u00e7\u0259kirl\u0259r\u201d. ARANTV.AZ\u00a0 x\u0259b\u0259r verir ki, bunu parlamentin bu g\u00fcn ke\u00e7iril\u0259n iclas\u0131nda Milli M\u0259clisin M\u0259d\u0259niyy\u0259t komit\u0259sinin s\u0259dri Q\u0259nir\u0259 Pa\u015fayeva deyib. \u201cUzun m\u00fcdd\u0259t aliment ala bilm\u0259y\u0259n analar var ki, t\u0259klif edir\u0259m, onlar\u0131n m\u0259\u015f\u011fulluq m\u0259s\u0259l\u0259sin\u0259 \u00f6n\u0259m verilm\u0259lidir. \u0130nan\u0131r\u0131q ki, bir g\u00fcn Aliment fondunun&hellip;","_links":{"self":[{"href":"https:\/\/arantv.az\/index.php?rest_route=\/wp\/v2\/posts\/260278"}],"collection":[{"href":"https:\/\/arantv.az\/index.php?rest_route=\/wp\/v2\/posts"}],"about":[{"href":"https:\/\/arantv.az\/index.php?rest_route=\/wp\/v2\/types\/post"}],"author":[{"embeddable":true,"href":"https:\/\/arantv.az\/index.php?rest_route=\/wp\/v2\/users\/2"}],"replies":[{"embeddable":true,"href":"https:\/\/arantv.az\/index.php?rest_route=%2Fwp%2Fv2%2Fcomments&post=260278"}],"version-history":[{"count":0,"href":"https:\/\/arantv.az\/index.php?rest_route=\/wp\/v2\/posts\/260278\/revisions"}],"wp:featuredmedia":[{"embeddable":true,"href":"https:\/\/arantv.az\/index.php?rest_route=\/wp\/v2\/media\/260279"}],"wp:attachment":[{"href":"https:\/\/arantv.az\/index.php?rest_route=%2Fwp%2Fv2%2Fmedia&parent=260278"}],"wp:term":[{"taxonomy":"category","embeddable":true,"href":"https:\/\/arantv.az\/index.php?rest_route=%2Fwp%2Fv2%2Fcategories&post=260278"},{"taxonomy":"post_tag","embeddable":true,"href":"https:\/\/arantv.az\/index.php?rest_route=%2Fwp%2Fv2%2Ftags&post=260278"}],"curies":[{"name":"wp","href":"https:\/\/api.w.org\/{rel}","templated":true}]}}