{"id":260282,"date":"2020-12-25T15:12:51","date_gmt":"2020-12-25T12:12:51","guid":{"rendered":"http:\/\/arantv.az\/?p=260282"},"modified":"2020-12-25T15:12:51","modified_gmt":"2020-12-25T12:12:51","slug":"erm%c9%99nistan-beyn%c9%99lxalq-huquqa-etinasizliq-gost%c9%99rm%c9%99y%c9%99-davam-edir","status":"publish","type":"post","link":"https:\/\/arantv.az\/?p=260282","title":{"rendered":"Erm\u0259nistan beyn\u0259lxalq h\u00fcquqa etinas\u0131zl\u0131q g\u00f6st\u0259rm\u0259y\u0259 davam edir"},"content":{"rendered":"<p>Erm\u0259nistan Ombudsman\u0131 \u00f6z\u00fcn\u00fcn n\u00f6vb\u0259d\u0259nk\u0259nar hesabat\u0131nda Qaraba\u011f m\u00fcharib\u0259sind\u0259 Az\u0259rbaycan t\u0259r\u0259find\u0259n guya jurnalistl\u0259r\u0259 t\u0259zyiq g\u00f6st\u0259rilm\u0259si m\u0259s\u0259l\u0259sini qabard\u0131b. Hesabatda iddia olunub ki, media t\u0259msil\u00e7il\u0259rinin avtomobill\u0259ri at\u0259\u015f\u0259 tutulub, n\u0259tic\u0259d\u0259 5-i xarici, 2-si erm\u0259ni olmaqla 7 jurnalist ciddi yaralan\u0131b. S\u0259n\u0259dd\u0259 z\u0259r\u0259r \u00e7\u0259k\u0259nl\u0259rin f\u0259rql\u0259ndirici formalarda olduqlar\u0131 deyilib v\u0259 bu, \u0259sas g\u00f6t\u00fcr\u00fclm\u0259kl\u0259 onlara h\u00fccumun q\u0259sd\u0259n t\u00f6r\u0259dildiyi fikri ir\u0259li s\u00fcr\u00fcl\u00fcb.<\/p>\n<p>Erm\u0259nistan Ombudsman\u0131n\u0131n hesabat\u0131nda g\u00f6st\u0259ril\u0259n fikirl\u0259r tam q\u0259r\u0259zli mahiyy\u0259t da\u015f\u0131y\u0131r.<\/p>\n<p>Burada m\u0259qs\u0259d \u0259sl h\u0259qiq\u0259tl\u0259rd\u0259n uzaqla\u015fmaq, beyn\u0259lxalq h\u00fcquq normalar\u0131na m\u0259h\u0259l qoymamaqla t\u0259m\u0259l insan h\u00fcquq v\u0259 azadl\u0131qlar\u0131, o c\u00fcml\u0259d\u0259n s\u00f6z v\u0259 ifad\u0259 azadl\u0131\u011f\u0131 \u00fcz\u0259rind\u0259 manipulyasiyad\u0131r.<\/p>\n<p>Birincisi, Az\u0259rbaycan Ordusu he\u00e7 bir halda m\u00fclki v\u0259t\u0259nda\u015flara, o c\u00fcml\u0259d\u0259n pe\u015f\u0259 v\u0259zif\u0259sini yerin\u0259 yetir\u0259n jurnalistl\u0259r\u0259 at\u0259\u015f a\u00e7may\u0131b. Bu, Az\u0259rbaycan Respublikas\u0131n\u0131n M\u00fcdafi\u0259 Nazirliyi t\u0259r\u0259find\u0259n m\u00fcharib\u0259 d\u00f6vr\u00fcnd\u0259ki erm\u0259ni iddialar\u0131na cavab olaraq d\u0259f\u0259l\u0259rl\u0259 b\u0259yan edilib.<\/p>\n<p>Erm\u0259ni t\u0259r\u0259finin m\u00fclk\u00fcl\u0259rin at\u0259\u015f\u0259 tutuldu\u011funu isbatlamaq \u00fc\u00e7\u00fcn fakt kimi g\u00f6st\u0259rdikl\u0259ri m\u0259qamlarda real z\u0259r\u0259r\u00e7\u0259k\u0259nl\u0259r g\u00f6z\u0259 d\u0259ym\u0259yib, yaln\u0131z s\u00f6zl\u00fc iddialar qabard\u0131l\u0131b. Ancaq Erm\u0259nistan silahl\u0131 q\u00fcvv\u0259l\u0259rinin G\u0259nc\u0259y\u0259, B\u0259rd\u0259y\u0259, T\u0259rt\u0259r\u0259 v\u0259 A\u011fcab\u0259diy\u0259 raket z\u0259rb\u0259l\u0259ri n\u0259tic\u0259sind\u0259 100-d\u0259n art\u0131q s\u0131ravi \u015f\u0259xs h\u0259lak olub. Yaln\u0131z G\u0259nc\u0259 v\u0259 B\u0259rd\u0259d\u0259 ya\u015fanm\u0131\u015f faci\u0259ni yada salmaq kifay\u0259tdir ki, Erm\u0259nistan\u0131n vandal mahiyy\u0259ti isbatlans\u0131n. M\u00fcharib\u0259 m\u00fcdd\u0259tind\u0259 m\u00fclk\u00fcl\u0259rin h\u0259d\u0259f\u0259 al\u0131nmas\u0131 bilavasit\u0259 Erm\u0259nistan d\u00f6vl\u0259ti t\u0259r\u0259find\u0259n, \u00f6lk\u0259nin, habel\u0259 Qaraba\u011fdak\u0131 separat\u00e7\u0131 xunta r\u0259hb\u0259rliyinin g\u00f6st\u0259ri\u015fi il\u0259 realla\u015fd\u0131r\u0131l\u0131b.<br \/>\nM\u0259s\u0259l\u0259nin ikinci t\u0259r\u0259fi budur ki, Erm\u0259nistan hakimiyy\u0259ti h\u0259r bir halda Qaraba\u011fda ba\u015f ver\u0259nl\u0259r\u0259, habel\u0259 Erm\u0259nistandan v\u0259 xarici \u00f6lk\u0259l\u0259rd\u0259n b\u00f6lg\u0259y\u0259 jurnalistl\u0259rin c\u0259lb edilm\u0259sin\u0259 g\u00f6r\u0259 g\u00fcnahkard\u0131r. \u00c7\u00fcnki Da\u011fl\u0131q Qaraba\u011f v\u0259 i\u015f\u011fala m\u0259ruz qalm\u0131\u015f ba\u015fqa rayonlar Az\u0259rbaycan \u0259razil\u0259ridir. Ora h\u0259m Erm\u0259nistan\u0131n, h\u0259m d\u0259 dig\u0259r \u00f6lk\u0259l\u0259rinin media t\u0259msil\u00e7il\u0259rinin g\u0259lm\u0259l\u0259ri Az\u0259rbaycanla raz\u0131la\u015fd\u0131r\u0131lmal\u0131 idi. Erm\u0259nistan hakimiyy\u0259ti ill\u0259rl\u0259 Az\u0259rbaycan torpaqlar\u0131n\u0131 i\u015f\u011fal alt\u0131nda saxlayaraq beyn\u0259lxalq h\u00fcququn norma v\u0259 prinsipl\u0259rin\u0259 etinas\u0131z yana\u015fd\u0131\u011f\u0131 kimi, jurnalistl\u0259rin d\u0259 b\u00f6lg\u0259y\u0259 g\u0259lm\u0259sinin h\u00fcquqi prosedurlar\u0131na m\u0259h\u0259l qoymay\u0131b.<\/p>\n<p>\u0130st\u0259r m\u00fcharib\u0259 d\u00f6vr\u00fcnd\u0259, ist\u0259rs\u0259 d\u0259 m\u00fcharib\u0259y\u0259 q\u0259d\u0259r t\u0259hl\u00fck\u0259sizliy\u0259 he\u00e7 bir t\u0259minat verm\u0259d\u0259n jurnalistl\u0259rin m\u00fcnaqi\u015f\u0259 b\u00f6lg\u0259sin\u0259 g\u0259tirilm\u0259si hallar\u0131 d\u0259f\u0259l\u0259rl\u0259 qeyd\u0259 al\u0131n\u0131b. Bunun \u00f6z\u00fc onu dem\u0259y\u0259 \u0259sas verir ki, Erm\u0259nistan Ombudsman\u0131n\u0131n haz\u0131rlad\u0131\u011f\u0131 hesabat \u0259n az\u0131 problem\u0259 yana\u015fma bax\u0131m\u0131ndan yanl\u0131\u015fd\u0131r.<\/p>\n<p>M\u00fcharib\u0259 m\u00fcdd\u0259tind\u0259 Erm\u0259nistan\u0131n beyn\u0259lxalq h\u00fcquqla tan\u0131nm\u0131\u015f \u0259razil\u0259rind\u0259 m\u00fclk\u00fc v\u0259t\u0259nda\u015flar kimi, jurnalistl\u0259r d\u0259 z\u0259r\u0259r g\u00f6rm\u0259yibl\u0259r. Erm\u0259nistan hakimiyy\u0259ti is\u0259 \u0259cn\u0259bi jurnalistl\u0259ri Az\u0259rbaycan \u0259razil\u0259ri olan qaynar n\u00f6qt\u0259l\u0259r\u0259 aparmaqla onlar\u0131n t\u0259zyiql\u0259 \u00fczl\u0259\u015fm\u0259l\u0259rin\u0259 \u00e7al\u0131\u015f\u0131b. Bil\u0259r\u0259kd\u0259n jurnalistl\u0259ri h\u0259d\u0259f\u0259 \u00e7evirib ki, m\u00fcmk\u00fcn t\u0259hl\u00fck\u0259l\u0259rd\u0259n divident qazans\u0131n. Erm\u0259nistan Ombudsman\u0131n\u0131n hesabat\u0131 eyni yolun davam\u0131d\u0131r.<\/p>\n<p>Dig\u0259r t\u0259r\u0259fd\u0259n, m\u00fcharib\u0259 m\u00fcdd\u0259tind\u0259 Erm\u0259nistan silahl\u0131 q\u00fcvv\u0259l\u0259ri t\u0259r\u0259find\u0259n Az\u0259rbaycan\u0131n c\u0259bh\u0259 x\u0259ttin\u0259 yax\u0131n rayonlar\u0131nda, el\u0259c\u0259 d\u0259 i\u015f\u011faldan azad edilmi\u015f yerl\u0259rd\u0259 pe\u015f\u0259 v\u0259zif\u0259sini yerin\u0259 yetir\u0259n jurnalistl\u0259r\u0259 \u00e7oxsayl\u0131 h\u00fccum faktlar\u0131 qeyd\u0259 al\u0131n\u0131b. Az\u0259rbaycan telekanallar\u0131n\u0131n \u2013 AZTV-nin, \u0130TV-nin \u00e7\u0259kili\u015f qruplar\u0131n\u0131 da\u015f\u0131yan avtomobill\u0259r d\u0259f\u0259l\u0259rl\u0259 at\u0259\u015f\u0259 tutulublar, z\u0259r\u0259r g\u00f6r\u00fcbl\u0259r.<\/p>\n<p>29 sentyabr 2020-ci il tarixd\u0259 Az\u0259rbaycan\u0131n \u0130ctimai Televiziyas\u0131n\u0131n (\u0130TV) \u0259m\u0259kda\u015flar\u0131 T\u0259rt\u0259r rayonu \u0259razisind\u0259 Erm\u0259nistan silahl\u0131 birl\u0259\u015fm\u0259l\u0259rinin h\u00fccumuna m\u0259ruz qal\u0131blar. N\u0259tic\u0259d\u0259 \u015firk\u0259t\u0259 m\u0259xsus avtomobil yarars\u0131z hala d\u00fc\u015f\u00fcb, TV \u0259m\u0259kda\u015flar\u0131 yaln\u0131z m\u00f6c\u00fcz\u0259 n\u0259tic\u0259sind\u0259 sa\u011f qal\u0131blar. Oktyabr\u0131n 19-da is\u0259 AZTV-nin \u0259m\u0259da\u015f\u0131 Anar H\u0259s\u0259nov (Anar \u015eu\u015fal\u0131) A\u011fdam rayonunun B\u0259n\u00f6v\u015f\u0259l\u0259r q\u0259s\u0259b\u0259sind\u0259 Erm\u0259nistan silahl\u0131 q\u00fcvv\u0259l\u0259rinin a\u00e7d\u0131\u011f\u0131 at\u0259\u015f n\u0259tic\u0259sind\u0259 yaralan\u0131b.<\/p>\n<p>Eyni zamanda bildirilm\u0259lidir ki, oktyabr\u0131n 25-d\u0259 \u201cEuronews\u201d telekanal\u0131n\u0131n \u00e7\u0259kili\u015f qrupu Az\u0259rbaycan\u0131n i\u015f\u011faldan azad edilmi\u015f Tal\u0131\u015f v\u0259 Suqovu\u015fan k\u0259ndl\u0259rind\u0259 pe\u015f\u0259 fa\u0259liyy\u0259tini yerin\u0259 yetir\u0259rk\u0259n, Erm\u0259nistan silahl\u0131 q\u00fcvv\u0259l\u0259ri t\u0259r\u0259find\u0259n kornet tipli tank \u0259leyhin\u0259 raketl\u0259 at\u0259\u015f\u0259 tutulub.<\/p>\n<p>O da vur\u011fulanmal\u0131d\u0131r ki, m\u00fcharib\u0259 d\u00f6vr\u00fcnd\u0259 Da\u011fl\u0131q Qaraba\u011f m\u00fcnaqi\u015f\u0259si, h\u0259rbi \u0259m\u0259liyyatlarla, insanlara d\u0259ymi\u015f ziyanla ba\u011fl\u0131 obyektiv, t\u0259r\u0259fsiz reportajlar haz\u0131rlayan \u0130taliyan\u0131n \u201cLa Repubblica\u201d q\u0259zetinin, Fransan\u0131n \u201cTF1\u201d telekanal\u0131n\u0131n v\u0259 AB\u015e-\u0131n \u201cNyu York Tayms\u201d q\u0259zetinin \u0259m\u0259kda\u015flar\u0131 \u00f6z v\u0259t\u0259nl\u0259rind\u0259 erm\u0259ni lobbi v\u0259 diaspor t\u0259\u015fkilatlar\u0131n\u0131n t\u0259msil\u00e7il\u0259ri t\u0259r\u0259find\u0259n h\u0259d\u0259-qorxulara, t\u0259zyiql\u0259r\u0259, t\u0259hqirl\u0259r\u0259 m\u0259ruz qal\u0131b, h\u0259tta \u00f6l\u00fcml\u0259 t\u0259hdid etm\u0259 hallar\u0131 il\u0259 \u00fczl\u0259\u015fibl\u0259r. Az\u0259rbaycan t\u0259r\u0259fi sadalanan faktlarla ba\u011fl\u0131 beyn\u0259lxalq ictimaiyy\u0259ti \u2013 xarici media birlikl\u0259rini, insan h\u00fcquqlar\u0131 t\u0259\u015fkilatlar\u0131n\u0131 m\u0259lumatland\u0131r\u0131b.<\/p>\n<p>Bir daha bildirir\u0259m ki, Erm\u0259nistan Ombudsman\u0131n yayd\u0131\u011f\u0131 hesabatda m\u00fcharib\u0259 zaman\u0131 Az\u0259rbaycan t\u0259r\u0259find\u0259n jurnalistl\u0259r\u0259 t\u0259zyiql\u0259 ba\u011fl\u0131 iddia olunan fikirl\u0259r s\u00f6z v\u0259 ifad\u0259 azadl\u0131\u011f\u0131 il\u0259 manipulyasiyad\u0131r, reall\u0131qlara k\u00f6lg\u0259 salmaq c\u0259hdidir. Hesabat 44 g\u00fcnl\u00fck m\u00fcharib\u0259d\u0259 ac\u0131nacaql\u0131 m\u0259\u011flubiyy\u0259t\u0259 u\u011fram\u0131\u015f Erm\u0259nistan\u0131n beyn\u0259lxalq h\u00fcququn norma v\u0259 prinsipl\u0259rin\u0259 a\u015fkar etinas\u0131zl\u0131q g\u00f6st\u0259rm\u0259y\u0259 v\u0259 bu zaman jurnalistikan\u0131 da al\u0259t\u0259 \u00e7evirm\u0259y\u0259 davam etm\u0259sinin bariz n\u00fcmun\u0259sidir.<\/p>\n<p><strong>\u018fflatun Ama\u015fov,<\/strong><br \/>\n<em>M\u0259tbuat \u015euras\u0131n\u0131n s\u0259dri<\/em><\/p>\n","protected":false},"excerpt":{"rendered":"<p>Erm\u0259nistan Ombudsman\u0131 \u00f6z\u00fcn\u00fcn n\u00f6vb\u0259d\u0259nk\u0259nar hesabat\u0131nda Qaraba\u011f m\u00fcharib\u0259sind\u0259 Az\u0259rbaycan t\u0259r\u0259find\u0259n guya jurnalistl\u0259r\u0259 t\u0259zyiq g\u00f6st\u0259rilm\u0259si m\u0259s\u0259l\u0259sini qabard\u0131b. Hesabatda iddia olunub ki, media t\u0259msil\u00e7il\u0259rinin avtomobill\u0259ri at\u0259\u015f\u0259 tutulub, n\u0259tic\u0259d\u0259 5-i xarici, 2-si erm\u0259ni olmaqla 7 jurnalist ciddi yaralan\u0131b. S\u0259n\u0259dd\u0259 z\u0259r\u0259r \u00e7\u0259k\u0259nl\u0259rin f\u0259rql\u0259ndirici formalarda olduqlar\u0131 deyilib v\u0259 bu, \u0259sas g\u00f6t\u00fcr\u00fclm\u0259kl\u0259 onlara h\u00fccumun q\u0259sd\u0259n t\u00f6r\u0259dildiyi fikri ir\u0259li s\u00fcr\u00fcl\u00fcb. Erm\u0259nistan Ombudsman\u0131n\u0131n hesabat\u0131nda g\u00f6st\u0259ril\u0259n fikirl\u0259r tam q\u0259r\u0259zli mahiyy\u0259t da\u015f\u0131y\u0131r. Burada m\u0259qs\u0259d \u0259sl h\u0259qiq\u0259tl\u0259rd\u0259n uzaqla\u015fmaq, beyn\u0259lxalq h\u00fcquq normalar\u0131na m\u0259h\u0259l qoymamaqla t\u0259m\u0259l insan h\u00fcquq v\u0259 azadl\u0131qlar\u0131, o c\u00fcml\u0259d\u0259n s\u00f6z v\u0259 ifad\u0259 azadl\u0131\u011f\u0131 \u00fcz\u0259rind\u0259 manipulyasiyad\u0131r. Birincisi, Az\u0259rbaycan Ordusu he\u00e7 bir halda&hellip;<\/p>\n","protected":false},"author":2,"featured_media":260283,"comment_status":"closed","ping_status":"closed","sticky":false,"template":"","format":"standard","meta":{"om_disable_all_campaigns":false,"_monsterinsights_skip_tracking":false,"_monsterinsights_sitenote_active":false,"_monsterinsights_sitenote_note":"","_monsterinsights_sitenote_category":0},"categories":[4],"tags":[],"aioseo_notices":[],"gutentor_comment":0,"rttpg_featured_image_url":{"full":["https:\/\/arantv.az\/wp-content\/uploads\/2020\/12\/1547818435_1716988.jpg",975,540,false],"landscape":["https:\/\/arantv.az\/wp-content\/uploads\/2020\/12\/1547818435_1716988.jpg",975,540,false],"portraits":["https:\/\/arantv.az\/wp-content\/uploads\/2020\/12\/1547818435_1716988.jpg",975,540,false],"thumbnail":["https:\/\/arantv.az\/wp-content\/uploads\/2020\/12\/1547818435_1716988-150x150.jpg",150,150,true],"medium":["https:\/\/arantv.az\/wp-content\/uploads\/2020\/12\/1547818435_1716988-300x166.jpg",300,166,true],"large":["https:\/\/arantv.az\/wp-content\/uploads\/2020\/12\/1547818435_1716988.jpg",640,354,false],"1536x1536":["https:\/\/arantv.az\/wp-content\/uploads\/2020\/12\/1547818435_1716988.jpg",975,540,false],"2048x2048":["https:\/\/arantv.az\/wp-content\/uploads\/2020\/12\/1547818435_1716988.jpg",975,540,false],"post-thumbnail":["https:\/\/arantv.az\/wp-content\/uploads\/2020\/12\/1547818435_1716988-240x172.jpg",240,172,true],"advps-thumb-one":["https:\/\/arantv.az\/wp-content\/uploads\/2020\/12\/1547818435_1716988.jpg",975,540,false]},"rttpg_author":{"display_name":"V\u00fcsal Rafiqo\u011flu","author_link":"https:\/\/arantv.az\/?author=2"},"rttpg_comment":0,"rttpg_category":"<a href=\"https:\/\/arantv.az\/?cat=4\" rel=\"category\">Siyas\u0259t<\/a>","rttpg_excerpt":"Erm\u0259nistan Ombudsman\u0131 \u00f6z\u00fcn\u00fcn n\u00f6vb\u0259d\u0259nk\u0259nar hesabat\u0131nda Qaraba\u011f m\u00fcharib\u0259sind\u0259 Az\u0259rbaycan t\u0259r\u0259find\u0259n guya jurnalistl\u0259r\u0259 t\u0259zyiq g\u00f6st\u0259rilm\u0259si m\u0259s\u0259l\u0259sini qabard\u0131b. Hesabatda iddia olunub ki, media t\u0259msil\u00e7il\u0259rinin avtomobill\u0259ri at\u0259\u015f\u0259 tutulub, n\u0259tic\u0259d\u0259 5-i xarici, 2-si erm\u0259ni olmaqla 7 jurnalist ciddi yaralan\u0131b. S\u0259n\u0259dd\u0259 z\u0259r\u0259r \u00e7\u0259k\u0259nl\u0259rin f\u0259rql\u0259ndirici formalarda olduqlar\u0131 deyilib v\u0259 bu, \u0259sas g\u00f6t\u00fcr\u00fclm\u0259kl\u0259 onlara h\u00fccumun q\u0259sd\u0259n t\u00f6r\u0259dildiyi fikri ir\u0259li s\u00fcr\u00fcl\u00fcb. Erm\u0259nistan Ombudsman\u0131n\u0131n hesabat\u0131nda&hellip;","_links":{"self":[{"href":"https:\/\/arantv.az\/index.php?rest_route=\/wp\/v2\/posts\/260282"}],"collection":[{"href":"https:\/\/arantv.az\/index.php?rest_route=\/wp\/v2\/posts"}],"about":[{"href":"https:\/\/arantv.az\/index.php?rest_route=\/wp\/v2\/types\/post"}],"author":[{"embeddable":true,"href":"https:\/\/arantv.az\/index.php?rest_route=\/wp\/v2\/users\/2"}],"replies":[{"embeddable":true,"href":"https:\/\/arantv.az\/index.php?rest_route=%2Fwp%2Fv2%2Fcomments&post=260282"}],"version-history":[{"count":0,"href":"https:\/\/arantv.az\/index.php?rest_route=\/wp\/v2\/posts\/260282\/revisions"}],"wp:featuredmedia":[{"embeddable":true,"href":"https:\/\/arantv.az\/index.php?rest_route=\/wp\/v2\/media\/260283"}],"wp:attachment":[{"href":"https:\/\/arantv.az\/index.php?rest_route=%2Fwp%2Fv2%2Fmedia&parent=260282"}],"wp:term":[{"taxonomy":"category","embeddable":true,"href":"https:\/\/arantv.az\/index.php?rest_route=%2Fwp%2Fv2%2Fcategories&post=260282"},{"taxonomy":"post_tag","embeddable":true,"href":"https:\/\/arantv.az\/index.php?rest_route=%2Fwp%2Fv2%2Ftags&post=260282"}],"curies":[{"name":"wp","href":"https:\/\/api.w.org\/{rel}","templated":true}]}}