{"id":26029,"date":"2018-12-04T08:13:04","date_gmt":"2018-12-04T05:13:04","guid":{"rendered":"http:\/\/arantv.az\/?p=26029"},"modified":"2018-12-04T08:13:04","modified_gmt":"2018-12-04T05:13:04","slug":"ukraynada-prezidentin-cixisi-zamani-ombudsmanin-ur%c9%99yi-getdi-video","status":"publish","type":"post","link":"https:\/\/arantv.az\/?p=26029","title":{"rendered":"Ukraynada prezidentin \u00e7\u0131x\u0131\u015f\u0131 zaman\u0131 ombudsman\u0131n \u00fcr\u0259yi getdi &#8211; V\u0130DEO"},"content":{"rendered":"<p>Ukraynan\u0131n \u0130nsan h\u00fcquqlar\u0131 \u00fczr\u0259 m\u00fcv\u0259kkili (Ombudsman)\u00a0<strong>Lyudmila Denisova<\/strong>n\u0131n \u00f6lk\u0259 prezidenti\u00a0<strong>Pyotr Poro\u015fenko<\/strong>nun \u00e7\u0131x\u0131\u015f\u0131 zaman\u0131 \u00fcr\u0259yi gedib.<\/p>\n<p><strong>ARANTV.AZ<\/strong>-\u0131n x\u0259b\u0259rin\u0259 g\u00f6r\u0259, video\u00a0ICTV telekanal\u0131nda yay\u0131mlan\u0131b.<\/p>\n<p>Ukrayna prezidenti d\u00fcnyan\u0131n Ker\u00e7 bo\u011faz\u0131ndak\u0131 insident\u0259 m\u00fcnasib\u0259tind\u0259 dan\u0131\u015fark\u0259n,\u00a0 Denisovaya studiyan\u0131 t\u0259rk etm\u0259y\u0259 k\u00f6m\u0259k etm\u0259k \u00fc\u00e7\u00fcn \u00e7\u0131x\u0131\u015f\u0131n\u0131 yar\u0131m\u00e7\u0131q qoymal\u0131 olub.<\/p>\n<p>Tribunaya qay\u0131dark\u0259n Ukrayna lideri bildirib ki, ombudsman Ukrayna d\u0259niz\u00e7il\u0259rini azad etm\u0259k \u00fc\u00e7\u00fcn h\u0259ft\u0259d\u0259 20 saat i\u015fl\u0259yir.<\/p>\n<p>Denisovaya h\u0259kiml\u0259r k\u00f6m\u0259k edib.<\/p>\n<div><iframe loading=\"lazy\" src=\"https:\/\/www.youtube.com\/embed\/DLH1IAPoIik\" width=\"853\" height=\"480\" frameborder=\"0\" allowfullscreen=\"allowfullscreen\" data-mce-fragment=\"1\"><\/iframe><\/div>\n<p><b>oxu.az<\/b><\/p>\n","protected":false},"excerpt":{"rendered":"<p>Ukraynan\u0131n \u0130nsan h\u00fcquqlar\u0131 \u00fczr\u0259 m\u00fcv\u0259kkili (Ombudsman)\u00a0Lyudmila Denisovan\u0131n \u00f6lk\u0259 prezidenti\u00a0Pyotr Poro\u015fenkonun \u00e7\u0131x\u0131\u015f\u0131 zaman\u0131 \u00fcr\u0259yi gedib. ARANTV.AZ-\u0131n x\u0259b\u0259rin\u0259 g\u00f6r\u0259, video\u00a0ICTV telekanal\u0131nda yay\u0131mlan\u0131b. Ukrayna prezidenti d\u00fcnyan\u0131n Ker\u00e7 bo\u011faz\u0131ndak\u0131 insident\u0259 m\u00fcnasib\u0259tind\u0259 dan\u0131\u015fark\u0259n,\u00a0 Denisovaya studiyan\u0131 t\u0259rk etm\u0259y\u0259 k\u00f6m\u0259k etm\u0259k \u00fc\u00e7\u00fcn \u00e7\u0131x\u0131\u015f\u0131n\u0131 yar\u0131m\u00e7\u0131q qoymal\u0131 olub. Tribunaya qay\u0131dark\u0259n Ukrayna lideri bildirib ki, ombudsman Ukrayna d\u0259niz\u00e7il\u0259rini azad etm\u0259k \u00fc\u00e7\u00fcn h\u0259ft\u0259d\u0259 20 saat i\u015fl\u0259yir. Denisovaya h\u0259kiml\u0259r k\u00f6m\u0259k edib. oxu.az<\/p>\n","protected":false},"author":2,"featured_media":26030,"comment_status":"closed","ping_status":"closed","sticky":false,"template":"","format":"standard","meta":{"om_disable_all_campaigns":false,"_monsterinsights_skip_tracking":false,"_monsterinsights_sitenote_active":false,"_monsterinsights_sitenote_note":"","_monsterinsights_sitenote_category":0},"categories":[7],"tags":[],"aioseo_notices":[],"gutentor_comment":0,"rttpg_featured_image_url":{"full":["https:\/\/arantv.az\/wp-content\/uploads\/2018\/12\/1519220055-23130429.jpg",620,407,false],"landscape":["https:\/\/arantv.az\/wp-content\/uploads\/2018\/12\/1519220055-23130429.jpg",620,407,false],"portraits":["https:\/\/arantv.az\/wp-content\/uploads\/2018\/12\/1519220055-23130429.jpg",620,407,false],"thumbnail":["https:\/\/arantv.az\/wp-content\/uploads\/2018\/12\/1519220055-23130429-150x150.jpg",150,150,true],"medium":["https:\/\/arantv.az\/wp-content\/uploads\/2018\/12\/1519220055-23130429-300x197.jpg",300,197,true],"large":["https:\/\/arantv.az\/wp-content\/uploads\/2018\/12\/1519220055-23130429.jpg",620,407,false],"1536x1536":["https:\/\/arantv.az\/wp-content\/uploads\/2018\/12\/1519220055-23130429.jpg",620,407,false],"2048x2048":["https:\/\/arantv.az\/wp-content\/uploads\/2018\/12\/1519220055-23130429.jpg",620,407,false],"post-thumbnail":["https:\/\/arantv.az\/wp-content\/uploads\/2018\/12\/1519220055-23130429-240x172.jpg",240,172,true],"advps-thumb-one":["https:\/\/arantv.az\/wp-content\/uploads\/2018\/12\/1519220055-23130429.jpg",620,407,false]},"rttpg_author":{"display_name":"V\u00fcsal Rafiqo\u011flu","author_link":"https:\/\/arantv.az\/?author=2"},"rttpg_comment":0,"rttpg_category":"<a href=\"https:\/\/arantv.az\/?cat=7\" rel=\"category\">D\u00fcnya<\/a>","rttpg_excerpt":"Ukraynan\u0131n \u0130nsan h\u00fcquqlar\u0131 \u00fczr\u0259 m\u00fcv\u0259kkili (Ombudsman)\u00a0Lyudmila Denisovan\u0131n \u00f6lk\u0259 prezidenti\u00a0Pyotr Poro\u015fenkonun \u00e7\u0131x\u0131\u015f\u0131 zaman\u0131 \u00fcr\u0259yi gedib. ARANTV.AZ-\u0131n x\u0259b\u0259rin\u0259 g\u00f6r\u0259, video\u00a0ICTV telekanal\u0131nda yay\u0131mlan\u0131b. Ukrayna prezidenti d\u00fcnyan\u0131n Ker\u00e7 bo\u011faz\u0131ndak\u0131 insident\u0259 m\u00fcnasib\u0259tind\u0259 dan\u0131\u015fark\u0259n,\u00a0 Denisovaya studiyan\u0131 t\u0259rk etm\u0259y\u0259 k\u00f6m\u0259k etm\u0259k \u00fc\u00e7\u00fcn \u00e7\u0131x\u0131\u015f\u0131n\u0131 yar\u0131m\u00e7\u0131q qoymal\u0131 olub. Tribunaya qay\u0131dark\u0259n Ukrayna lideri bildirib ki, ombudsman Ukrayna d\u0259niz\u00e7il\u0259rini azad etm\u0259k \u00fc\u00e7\u00fcn h\u0259ft\u0259d\u0259 20 saat i\u015fl\u0259yir.&hellip;","_links":{"self":[{"href":"https:\/\/arantv.az\/index.php?rest_route=\/wp\/v2\/posts\/26029"}],"collection":[{"href":"https:\/\/arantv.az\/index.php?rest_route=\/wp\/v2\/posts"}],"about":[{"href":"https:\/\/arantv.az\/index.php?rest_route=\/wp\/v2\/types\/post"}],"author":[{"embeddable":true,"href":"https:\/\/arantv.az\/index.php?rest_route=\/wp\/v2\/users\/2"}],"replies":[{"embeddable":true,"href":"https:\/\/arantv.az\/index.php?rest_route=%2Fwp%2Fv2%2Fcomments&post=26029"}],"version-history":[{"count":0,"href":"https:\/\/arantv.az\/index.php?rest_route=\/wp\/v2\/posts\/26029\/revisions"}],"wp:featuredmedia":[{"embeddable":true,"href":"https:\/\/arantv.az\/index.php?rest_route=\/wp\/v2\/media\/26030"}],"wp:attachment":[{"href":"https:\/\/arantv.az\/index.php?rest_route=%2Fwp%2Fv2%2Fmedia&parent=26029"}],"wp:term":[{"taxonomy":"category","embeddable":true,"href":"https:\/\/arantv.az\/index.php?rest_route=%2Fwp%2Fv2%2Fcategories&post=26029"},{"taxonomy":"post_tag","embeddable":true,"href":"https:\/\/arantv.az\/index.php?rest_route=%2Fwp%2Fv2%2Ftags&post=26029"}],"curies":[{"name":"wp","href":"https:\/\/api.w.org\/{rel}","templated":true}]}}