{"id":26039,"date":"2018-12-04T08:32:33","date_gmt":"2018-12-04T05:32:33","guid":{"rendered":"http:\/\/arantv.az\/?p=26039"},"modified":"2018-12-04T08:32:33","modified_gmt":"2018-12-04T05:32:33","slug":"baki-quba-yolunda-d%c9%99hs%c9%99tli-hadis%c9%99-qadinin-meyiti-yolun-ortasinda-qaldi","status":"publish","type":"post","link":"https:\/\/arantv.az\/?p=26039","title":{"rendered":"Bak\u0131-Quba yolunda D\u018fH\u015e\u018fTL\u0130 HAD\u0130S\u018f &#8211; Qad\u0131n\u0131n meyiti yolun ortas\u0131nda qald\u0131"},"content":{"rendered":"<p><strong>Bak\u0131-Quba-Rusiya s\u0259rh\u0259di magistral yolunda a\u011f\u0131r q\u0259za ba\u015f verib.<\/strong><\/p>\n<p><b>ARANTV.AZ\u00a0<\/b>x\u0259b\u0259r verir ki, magistral\u0131n 86-c\u0131 kilometrliyind\u0259 &#8211; Siy\u0259z\u0259n rayonu \u0259razisind\u0259 \u201cOpel\u201d markal\u0131 minik avtomobili yolu ke\u00e7m\u0259y\u0259 \u00e7al\u0131\u015fan qad\u0131n\u0131 vurub. Avtomobilin z\u0259rb\u0259si n\u0259tic\u0259sind\u0259 xeyli k\u0259nara d\u00fc\u015f\u0259n 40-45 ya\u015fl\u0131 qad\u0131n yolun ortas\u0131ndaca ke\u00e7inib. \u00d6l\u0259n qad\u0131n\u0131n kimliyini d\u0259qiql\u0259\u015fdirm\u0259k h\u0259l\u0259lik m\u00fcmk\u00fcn olmay\u0131b.<\/p>\n<p>Faktla ba\u011fl\u0131 cinay\u0259t i\u015fi a\u00e7\u0131l\u0131b, ara\u015fd\u0131rma apar\u0131l\u0131r.<\/p>\n<p>publika.az<\/p>\n","protected":false},"excerpt":{"rendered":"<p>Bak\u0131-Quba-Rusiya s\u0259rh\u0259di magistral yolunda a\u011f\u0131r q\u0259za ba\u015f verib. ARANTV.AZ\u00a0x\u0259b\u0259r verir ki, magistral\u0131n 86-c\u0131 kilometrliyind\u0259 &#8211; Siy\u0259z\u0259n rayonu \u0259razisind\u0259 \u201cOpel\u201d markal\u0131 minik avtomobili yolu ke\u00e7m\u0259y\u0259 \u00e7al\u0131\u015fan qad\u0131n\u0131 vurub. Avtomobilin z\u0259rb\u0259si n\u0259tic\u0259sind\u0259 xeyli k\u0259nara d\u00fc\u015f\u0259n 40-45 ya\u015fl\u0131 qad\u0131n yolun ortas\u0131ndaca ke\u00e7inib. \u00d6l\u0259n qad\u0131n\u0131n kimliyini d\u0259qiql\u0259\u015fdirm\u0259k h\u0259l\u0259lik m\u00fcmk\u00fcn olmay\u0131b. Faktla ba\u011fl\u0131 cinay\u0259t i\u015fi a\u00e7\u0131l\u0131b, ara\u015fd\u0131rma apar\u0131l\u0131r. publika.az<\/p>\n","protected":false},"author":2,"featured_media":26040,"comment_status":"closed","ping_status":"closed","sticky":false,"template":"","format":"standard","meta":{"om_disable_all_campaigns":false,"_monsterinsights_skip_tracking":false,"_monsterinsights_sitenote_active":false,"_monsterinsights_sitenote_note":"","_monsterinsights_sitenote_category":0},"categories":[5],"tags":[],"aioseo_notices":[],"gutentor_comment":0,"rttpg_featured_image_url":{"full":["https:\/\/arantv.az\/wp-content\/uploads\/2018\/12\/meyit-yolda.jpg",800,450,false],"landscape":["https:\/\/arantv.az\/wp-content\/uploads\/2018\/12\/meyit-yolda.jpg",800,450,false],"portraits":["https:\/\/arantv.az\/wp-content\/uploads\/2018\/12\/meyit-yolda.jpg",800,450,false],"thumbnail":["https:\/\/arantv.az\/wp-content\/uploads\/2018\/12\/meyit-yolda-150x150.jpg",150,150,true],"medium":["https:\/\/arantv.az\/wp-content\/uploads\/2018\/12\/meyit-yolda-300x169.jpg",300,169,true],"large":["https:\/\/arantv.az\/wp-content\/uploads\/2018\/12\/meyit-yolda.jpg",640,360,false],"1536x1536":["https:\/\/arantv.az\/wp-content\/uploads\/2018\/12\/meyit-yolda.jpg",800,450,false],"2048x2048":["https:\/\/arantv.az\/wp-content\/uploads\/2018\/12\/meyit-yolda.jpg",800,450,false],"post-thumbnail":["https:\/\/arantv.az\/wp-content\/uploads\/2018\/12\/meyit-yolda-240x172.jpg",240,172,true],"advps-thumb-one":["https:\/\/arantv.az\/wp-content\/uploads\/2018\/12\/meyit-yolda.jpg",800,450,false]},"rttpg_author":{"display_name":"V\u00fcsal Rafiqo\u011flu","author_link":"https:\/\/arantv.az\/?author=2"},"rttpg_comment":0,"rttpg_category":"<a href=\"https:\/\/arantv.az\/?cat=5\" rel=\"category\">Hadis\u0259<\/a>","rttpg_excerpt":"Bak\u0131-Quba-Rusiya s\u0259rh\u0259di magistral yolunda a\u011f\u0131r q\u0259za ba\u015f verib. ARANTV.AZ\u00a0x\u0259b\u0259r verir ki, magistral\u0131n 86-c\u0131 kilometrliyind\u0259 &#8211; Siy\u0259z\u0259n rayonu \u0259razisind\u0259 \u201cOpel\u201d markal\u0131 minik avtomobili yolu ke\u00e7m\u0259y\u0259 \u00e7al\u0131\u015fan qad\u0131n\u0131 vurub. Avtomobilin z\u0259rb\u0259si n\u0259tic\u0259sind\u0259 xeyli k\u0259nara d\u00fc\u015f\u0259n 40-45 ya\u015fl\u0131 qad\u0131n yolun ortas\u0131ndaca ke\u00e7inib. \u00d6l\u0259n qad\u0131n\u0131n kimliyini d\u0259qiql\u0259\u015fdirm\u0259k h\u0259l\u0259lik m\u00fcmk\u00fcn olmay\u0131b. Faktla ba\u011fl\u0131 cinay\u0259t i\u015fi a\u00e7\u0131l\u0131b, ara\u015fd\u0131rma apar\u0131l\u0131r. publika.az","_links":{"self":[{"href":"https:\/\/arantv.az\/index.php?rest_route=\/wp\/v2\/posts\/26039"}],"collection":[{"href":"https:\/\/arantv.az\/index.php?rest_route=\/wp\/v2\/posts"}],"about":[{"href":"https:\/\/arantv.az\/index.php?rest_route=\/wp\/v2\/types\/post"}],"author":[{"embeddable":true,"href":"https:\/\/arantv.az\/index.php?rest_route=\/wp\/v2\/users\/2"}],"replies":[{"embeddable":true,"href":"https:\/\/arantv.az\/index.php?rest_route=%2Fwp%2Fv2%2Fcomments&post=26039"}],"version-history":[{"count":0,"href":"https:\/\/arantv.az\/index.php?rest_route=\/wp\/v2\/posts\/26039\/revisions"}],"wp:featuredmedia":[{"embeddable":true,"href":"https:\/\/arantv.az\/index.php?rest_route=\/wp\/v2\/media\/26040"}],"wp:attachment":[{"href":"https:\/\/arantv.az\/index.php?rest_route=%2Fwp%2Fv2%2Fmedia&parent=26039"}],"wp:term":[{"taxonomy":"category","embeddable":true,"href":"https:\/\/arantv.az\/index.php?rest_route=%2Fwp%2Fv2%2Fcategories&post=26039"},{"taxonomy":"post_tag","embeddable":true,"href":"https:\/\/arantv.az\/index.php?rest_route=%2Fwp%2Fv2%2Ftags&post=26039"}],"curies":[{"name":"wp","href":"https:\/\/api.w.org\/{rel}","templated":true}]}}