{"id":260400,"date":"2020-12-25T18:56:03","date_gmt":"2020-12-25T15:56:03","guid":{"rendered":"http:\/\/arantv.az\/?p=260400"},"modified":"2020-12-25T18:56:03","modified_gmt":"2020-12-25T15:56:03","slug":"bravonun-%c9%99sg%c9%99r-payi-layih%c9%99si-bu-d%c9%99f%c9%99-fuzulid%c9%99-video","status":"publish","type":"post","link":"https:\/\/arantv.az\/?p=260400","title":{"rendered":"\u201cBravo\u201dnun \u0259sg\u0259r pay\u0131 layih\u0259si bu d\u0259f\u0259 F\u00fczulid\u0259 &#8211; V\u0130DEO"},"content":{"rendered":"<article class=\"news\">\n<div class=\"news-inner\">\n<p>44 g\u00fcnl\u00fck V\u0259t\u0259n M\u00fcharib\u0259sind\u0259 Az\u0259rbaycana tarixi q\u0259l\u0259b\u0259ni qazand\u0131ran, \u015f\u00fcbh\u0259siz, m\u00fcz\u0259ff\u0259r ordumuz oldu.<\/p>\n<p>He\u00e7 \u015f\u00fcbh\u0259siz, bu q\u0259l\u0259b\u0259 d\u00f6vl\u0259timizin uzun ill\u0259r g\u00f6rd\u00fcy\u00fc haz\u0131rl\u0131\u011f\u0131n n\u0259tic\u0259si idi. Daim maddi-texniki bax\u0131mdan g\u00fccl\u0259ndiril\u0259n Silahl\u0131 Q\u00fcvv\u0259l\u0259rimiz\u0259 d\u00f6vl\u0259timiz h\u0259r zaman x\u00fcsusi qay\u011f\u0131 il\u0259 yana\u015f\u0131b.<\/p>\n<p>\u015eanl\u0131 ordumuzun he\u00e7 bir maddi-m\u0259i\u015f\u0259t \u00e7\u0259tinliyinin olmamas\u0131 \u00fc\u00e7\u00fcn Az\u0259rbaycan Respublikas\u0131n\u0131n Birinci vitse-prezidenti Mehriban xan\u0131m \u018fliyevan\u0131n t\u0259\u015f\u0259bb\u00fcs\u00fc il\u0259 Heyd\u0259r \u018fliyev Fondu v\u0259 \u201cBravo\u201d supermarketl\u0259r \u015f\u0259b\u0259k\u0259si\u00a0h\u0259rbi qulluq\u00e7ular\u0131m\u0131z \u00fc\u00e7\u00fcn yeni d\u0259st\u0259k aksiyas\u0131n\u0131n h\u0259yata ke\u00e7irilm\u0259sin\u0259 ba\u015flay\u0131b.<\/p>\n<div id=\"AdviadNativeVideo0\" class=\"AdviadNativeVideo\"><\/div>\n<p>Dekabr ay\u0131n\u0131n 18-d\u0259 ba\u015flayan aksiya \u00e7\u0259r\u00e7iv\u0259sind\u0259 bu d\u0259f\u0259 F\u00fczuli rayonuna \u0259sg\u0259r pay\u0131 apar\u0131l\u0131b.<\/p>\n<p>\u201cBravo\u201dnun \u0259m\u0259kda\u015flar\u0131 \u0259sg\u0259r pay\u0131 ba\u011flamalar\u0131n\u0131 d\u00f6y\u00fc\u015f\u00e7\u00fcl\u0259rimiz\u0259 \u00e7atd\u0131raraq, onlar\u0131n ist\u0259kl\u0259rini qeyd\u0259 al\u0131blar.<\/p>\n<p>Daha \u0259trafl\u0131 Baku TV-nin videos\u00fcjetind\u0259:<\/p>\n<div><iframe loading=\"lazy\" src=\"https:\/\/www.youtube.com\/embed\/aBeHlNV4X7g\" width=\"560\" height=\"315\" frameborder=\"0\" allowfullscreen=\"allowfullscreen\" data-mce-fragment=\"1\"><\/iframe><\/div>\n<\/div>\n<\/article>\n<h2 class=\"news-share-title\"><\/h2>\n","protected":false},"excerpt":{"rendered":"<p>44 g\u00fcnl\u00fck V\u0259t\u0259n M\u00fcharib\u0259sind\u0259 Az\u0259rbaycana tarixi q\u0259l\u0259b\u0259ni qazand\u0131ran, \u015f\u00fcbh\u0259siz, m\u00fcz\u0259ff\u0259r ordumuz oldu. He\u00e7 \u015f\u00fcbh\u0259siz, bu q\u0259l\u0259b\u0259 d\u00f6vl\u0259timizin uzun ill\u0259r g\u00f6rd\u00fcy\u00fc haz\u0131rl\u0131\u011f\u0131n n\u0259tic\u0259si idi. Daim maddi-texniki bax\u0131mdan g\u00fccl\u0259ndiril\u0259n Silahl\u0131 Q\u00fcvv\u0259l\u0259rimiz\u0259 d\u00f6vl\u0259timiz h\u0259r zaman x\u00fcsusi qay\u011f\u0131 il\u0259 yana\u015f\u0131b. \u015eanl\u0131 ordumuzun he\u00e7 bir maddi-m\u0259i\u015f\u0259t \u00e7\u0259tinliyinin olmamas\u0131 \u00fc\u00e7\u00fcn Az\u0259rbaycan Respublikas\u0131n\u0131n Birinci vitse-prezidenti Mehriban xan\u0131m \u018fliyevan\u0131n t\u0259\u015f\u0259bb\u00fcs\u00fc il\u0259 Heyd\u0259r \u018fliyev Fondu v\u0259 \u201cBravo\u201d supermarketl\u0259r \u015f\u0259b\u0259k\u0259si\u00a0h\u0259rbi qulluq\u00e7ular\u0131m\u0131z \u00fc\u00e7\u00fcn yeni d\u0259st\u0259k aksiyas\u0131n\u0131n h\u0259yata ke\u00e7irilm\u0259sin\u0259 ba\u015flay\u0131b. Dekabr ay\u0131n\u0131n 18-d\u0259 ba\u015flayan aksiya \u00e7\u0259r\u00e7iv\u0259sind\u0259 bu d\u0259f\u0259 F\u00fczuli rayonuna \u0259sg\u0259r pay\u0131 apar\u0131l\u0131b. \u201cBravo\u201dnun \u0259m\u0259kda\u015flar\u0131 \u0259sg\u0259r pay\u0131 ba\u011flamalar\u0131n\u0131 d\u00f6y\u00fc\u015f\u00e7\u00fcl\u0259rimiz\u0259 \u00e7atd\u0131raraq, onlar\u0131n ist\u0259kl\u0259rini&hellip;<\/p>\n","protected":false},"author":2,"featured_media":260401,"comment_status":"closed","ping_status":"closed","sticky":false,"template":"","format":"standard","meta":{"om_disable_all_campaigns":false,"_monsterinsights_skip_tracking":false,"_monsterinsights_sitenote_active":false,"_monsterinsights_sitenote_note":"","_monsterinsights_sitenote_category":0},"categories":[26],"tags":[],"aioseo_notices":[],"gutentor_comment":0,"rttpg_featured_image_url":{"full":["https:\/\/arantv.az\/wp-content\/uploads\/2020\/12\/WhatsApp-Image-2020-12-25-at-18.10.03.jpg",620,349,false],"landscape":["https:\/\/arantv.az\/wp-content\/uploads\/2020\/12\/WhatsApp-Image-2020-12-25-at-18.10.03.jpg",620,349,false],"portraits":["https:\/\/arantv.az\/wp-content\/uploads\/2020\/12\/WhatsApp-Image-2020-12-25-at-18.10.03.jpg",620,349,false],"thumbnail":["https:\/\/arantv.az\/wp-content\/uploads\/2020\/12\/WhatsApp-Image-2020-12-25-at-18.10.03-150x150.jpg",150,150,true],"medium":["https:\/\/arantv.az\/wp-content\/uploads\/2020\/12\/WhatsApp-Image-2020-12-25-at-18.10.03-300x169.jpg",300,169,true],"large":["https:\/\/arantv.az\/wp-content\/uploads\/2020\/12\/WhatsApp-Image-2020-12-25-at-18.10.03.jpg",620,349,false],"1536x1536":["https:\/\/arantv.az\/wp-content\/uploads\/2020\/12\/WhatsApp-Image-2020-12-25-at-18.10.03.jpg",620,349,false],"2048x2048":["https:\/\/arantv.az\/wp-content\/uploads\/2020\/12\/WhatsApp-Image-2020-12-25-at-18.10.03.jpg",620,349,false],"post-thumbnail":["https:\/\/arantv.az\/wp-content\/uploads\/2020\/12\/WhatsApp-Image-2020-12-25-at-18.10.03-240x172.jpg",240,172,true],"advps-thumb-one":["https:\/\/arantv.az\/wp-content\/uploads\/2020\/12\/WhatsApp-Image-2020-12-25-at-18.10.03.jpg",620,349,false]},"rttpg_author":{"display_name":"V\u00fcsal Rafiqo\u011flu","author_link":"https:\/\/arantv.az\/?author=2"},"rttpg_comment":0,"rttpg_category":"<a href=\"https:\/\/arantv.az\/?cat=26\" rel=\"category\">Sosial<\/a>","rttpg_excerpt":"44 g\u00fcnl\u00fck V\u0259t\u0259n M\u00fcharib\u0259sind\u0259 Az\u0259rbaycana tarixi q\u0259l\u0259b\u0259ni qazand\u0131ran, \u015f\u00fcbh\u0259siz, m\u00fcz\u0259ff\u0259r ordumuz oldu. He\u00e7 \u015f\u00fcbh\u0259siz, bu q\u0259l\u0259b\u0259 d\u00f6vl\u0259timizin uzun ill\u0259r g\u00f6rd\u00fcy\u00fc haz\u0131rl\u0131\u011f\u0131n n\u0259tic\u0259si idi. Daim maddi-texniki bax\u0131mdan g\u00fccl\u0259ndiril\u0259n Silahl\u0131 Q\u00fcvv\u0259l\u0259rimiz\u0259 d\u00f6vl\u0259timiz h\u0259r zaman x\u00fcsusi qay\u011f\u0131 il\u0259 yana\u015f\u0131b. \u015eanl\u0131 ordumuzun he\u00e7 bir maddi-m\u0259i\u015f\u0259t \u00e7\u0259tinliyinin olmamas\u0131 \u00fc\u00e7\u00fcn Az\u0259rbaycan Respublikas\u0131n\u0131n Birinci vitse-prezidenti Mehriban xan\u0131m \u018fliyevan\u0131n t\u0259\u015f\u0259bb\u00fcs\u00fc il\u0259 Heyd\u0259r \u018fliyev&hellip;","_links":{"self":[{"href":"https:\/\/arantv.az\/index.php?rest_route=\/wp\/v2\/posts\/260400"}],"collection":[{"href":"https:\/\/arantv.az\/index.php?rest_route=\/wp\/v2\/posts"}],"about":[{"href":"https:\/\/arantv.az\/index.php?rest_route=\/wp\/v2\/types\/post"}],"author":[{"embeddable":true,"href":"https:\/\/arantv.az\/index.php?rest_route=\/wp\/v2\/users\/2"}],"replies":[{"embeddable":true,"href":"https:\/\/arantv.az\/index.php?rest_route=%2Fwp%2Fv2%2Fcomments&post=260400"}],"version-history":[{"count":0,"href":"https:\/\/arantv.az\/index.php?rest_route=\/wp\/v2\/posts\/260400\/revisions"}],"wp:featuredmedia":[{"embeddable":true,"href":"https:\/\/arantv.az\/index.php?rest_route=\/wp\/v2\/media\/260401"}],"wp:attachment":[{"href":"https:\/\/arantv.az\/index.php?rest_route=%2Fwp%2Fv2%2Fmedia&parent=260400"}],"wp:term":[{"taxonomy":"category","embeddable":true,"href":"https:\/\/arantv.az\/index.php?rest_route=%2Fwp%2Fv2%2Fcategories&post=260400"},{"taxonomy":"post_tag","embeddable":true,"href":"https:\/\/arantv.az\/index.php?rest_route=%2Fwp%2Fv2%2Ftags&post=260400"}],"curies":[{"name":"wp","href":"https:\/\/api.w.org\/{rel}","templated":true}]}}