{"id":26052,"date":"2018-12-04T09:09:35","date_gmt":"2018-12-04T06:09:35","guid":{"rendered":"http:\/\/arantv.az\/?p=26052"},"modified":"2018-12-04T09:09:35","modified_gmt":"2018-12-04T06:09:35","slug":"b%c9%99rd%c9%99-gun%c9%99rzi-qaygi-m%c9%99rk%c9%99zi-usaqlarin-h%c9%99rt%c9%99r%c9%99fli-inkisafina-yardim-gost%c9%99rir","status":"publish","type":"post","link":"https:\/\/arantv.az\/?p=26052","title":{"rendered":"B\u0259rd\u0259 G\u00fcn\u0259rzi Qay\u011f\u0131 M\u0259rk\u0259zi u\u015faqlar\u0131n h\u0259rt\u0259r\u0259fli inki\u015faf\u0131na yard\u0131m g\u00f6st\u0259rir"},"content":{"rendered":"<p>Beyn\u0259lxalq \u018flill\u0259r G\u00fcn\u00fc m\u00fcnasib\u0259til\u0259 B\u0259rd\u0259 \u015f\u0259h\u0259rind\u0259 f\u0259aliyy\u0259t g\u00f6st\u0259r\u0259n G\u00fcn\u0259rzi Qay\u011f\u0131 M\u0259rk\u0259zi \u201cS\u0259n t\u0259k deyils\u0259n\u201d adl\u0131 t\u0259dbir t\u0259\u015fkil edib.<\/p>\n<p><strong>ARANTV.AZ<\/strong> x\u0259b\u0259r verir ki, rayon icra hakimiyy\u0259tinin, t\u0259hsil \u015f\u00f6b\u0259sinin, D\u00f6vl\u0259t Sosial M\u00fcdafi\u0259 Fondunun rayon \u015f\u00f6b\u0259sinin n\u00fcmay\u0259nd\u0259l\u0259rinin, k\u00f6rp\u0259l\u0259r evl\u0259rinin kollektivl\u0259rinin, orta m\u0259kt\u0259bl\u0259rin m\u00fc\u0259llim v\u0259 \u015fagirdl\u0259rinin i\u015ftirak etdiyi t\u0259dbird\u0259 B\u0259rd\u0259 G\u00fcn\u0259rzi Qay\u011f\u0131 M\u0259rk\u0259zinin r\u0259hb\u0259ri Ayg\u00fcn H\u00fcseynova \u00e7\u0131x\u0131\u015f ed\u0259r\u0259k, t\u0259lim-t\u0259rbiy\u0259 m\u00fc\u0259ssis\u0259sinin f\u0259aliyy\u0259ti bar\u0259d\u0259 m\u0259lumat verib. Bildirilib ki, B\u0259rd\u0259 G\u00fcn\u0259rzi Qay\u011f\u0131 M\u0259rk\u0259zi \u201cSa\u011flaml\u0131q imkanlar\u0131 m\u0259hdud u\u015faqlara v\u0259 sosial t\u0259hl\u00fck\u0259li v\u0259ziyy\u0259td\u0259 olan yetkinlik ya\u015f\u0131na \u00e7atmayanlara sosial xidm\u0259t g\u00f6st\u0259rilm\u0259si sah\u0259sind\u0259 \u0259lav\u0259 t\u0259dbirl\u0259r haqq\u0131nda\u201d Az\u0259rbaycan Respublikas\u0131 Prezidentinin 2013-c\u00fc il 9 yanvar tarixli S\u0259r\u0259ncam\u0131na \u0259sas\u0259n \u018fm\u0259k v\u0259 \u018fhalinin Sosial M\u00fcdafi\u0259si Nazirliyinin sifari\u015fi \u0259sas\u0131nda \u201c\u0130nki\u015faf Namin\u0259 \u0130dman\u201d \u0130ctimai Birliyinin n\u0259zdind\u0259 2014-c\u00fc ild\u0259n f\u0259aliyy\u0259t g\u00f6st\u0259rir. G\u00fcn\u0259rzi Qay\u011f\u0131 m\u0259rk\u0259zl\u0259rinin yarad\u0131lmas\u0131nda \u0259sas m\u0259qs\u0259d sa\u011flaml\u0131q imkanlar\u0131 m\u0259hdud u\u015faqlar\u0131n v\u0259 sosial t\u0259hl\u00fck\u0259li v\u0259ziyy\u0259td\u0259 olan yetkinlik ya\u015f\u0131na \u00e7atmayanlar\u0131n inki\u015faf\u0131na, onlar\u0131n asud\u0259 vaxtlar\u0131n\u0131n s\u0259m\u0259r\u0259li ke\u00e7irilm\u0259sin\u0259, yerli icma s\u0259viyy\u0259sind\u0259 sosial uy\u011funla\u015fma v\u0259 inteqrasiya h\u00fcquqlar\u0131n\u0131n t\u0259min edilm\u0259sin\u0259, ya\u015fay\u0131\u015f s\u0259viyy\u0259si a\u015fa\u011f\u0131 olan ail\u0259l\u0259r\u0259 v\u0259 u\u015faqlara d\u0259st\u0259k verm\u0259kdir. Bel\u0259 m\u0259rk\u0259zl\u0259rd\u0259 u\u015faqlar\u0131n qavrama, emosional v\u0259 fiziki inki\u015faf\u0131na, \u0259lilliyi olan u\u015faqlar\u0131n t\u0259hsil h\u00fcquqlar\u0131n\u0131n realla\u015fmas\u0131na, u\u015faqlarda \u00f6z\u00fcn\u0259xidm\u0259t v\u0259 \u00fcnsiyy\u0259t \u00fczr\u0259 praktiki m\u0259i\u015f\u0259t v\u0259rdi\u015fl\u0259rinin inki\u015faf\u0131na yard\u0131m g\u00f6st\u0259rilir.<\/p>\n<p>Rayon icra hakimiyy\u0259tinin n\u00fcmay\u0259nd\u0259si Asif Abbasov, Qaraba\u011f M\u00fcharib\u0259si \u018flill\u0259ri, Veteranlar\u0131 v\u0259 \u015e\u0259hid Ail\u0259l\u0259ri \u0130ctimai Birliyinin rayon \u015f\u00f6b\u0259sinin s\u0259dri Etibar H\u00fcseynova, D\u00f6vl\u0259t Sosial M\u00fcdafi\u0259 Fondunun B\u0259rd\u0259 rayon \u015f\u00f6b\u0259sinin \u0259m\u0259kda\u015f\u0131 K\u00f6n\u00fcl H\u00fcseynova v\u0259 ba\u015fqalar\u0131 \u00e7\u0131x\u0131\u015f ed\u0259r\u0259k, \u00f6lk\u0259mizd\u0259 \u0259halinin azt\u0259minatl\u0131 t\u0259b\u0259q\u0259sin\u0259, o c\u00fcml\u0259d\u0259n sa\u011flaml\u0131q imkanlar\u0131 m\u0259hdud u\u015faqlara v\u0259 \u0259lilliyi olan insanlara g\u00f6st\u0259ril\u0259n d\u00f6vl\u0259t qay\u011f\u0131s\u0131ndan b\u0259hs edib, u\u015faqlara t\u0259hsild\u0259 m\u00fcv\u0259ff\u0259qiyy\u0259tl\u0259r arzulay\u0131blar.<\/p>\n<p>U\u015faqlar\u0131n haz\u0131rlad\u0131\u011f\u0131 b\u0259dii proqram, t\u0259qdim olunan s\u0259hn\u0259cikl\u0259r t\u0259dbir i\u015ftirak\u00e7\u0131lar\u0131 t\u0259r\u0259find\u0259n maraqla qar\u015f\u0131lan\u0131b. G\u00fcn\u0259rzi Qay\u011f\u0131 M\u0259rk\u0259zinin u\u015faqlar\u0131na h\u0259diyy\u0259l\u0259r t\u0259qdim olunub.<\/p>\n<p><img loading=\"lazy\" class=\"alignnone size-medium wp-image-26053\" src=\"https:\/\/arantv.az\/wp-content\/uploads\/2018\/12\/15438460541493026741_1000x669-300x200.jpg\" alt=\"\" width=\"300\" height=\"200\" \/><\/p>\n<p><img loading=\"lazy\" class=\"alignnone size-medium wp-image-26054\" src=\"https:\/\/arantv.az\/wp-content\/uploads\/2018\/12\/15438460543514460230_1000x669-300x200.jpg\" alt=\"\" width=\"300\" height=\"200\" \/><\/p>\n<p><img loading=\"lazy\" class=\"alignnone size-medium wp-image-26055\" src=\"https:\/\/arantv.az\/wp-content\/uploads\/2018\/12\/154384605460513731_1000x669-300x200.jpg\" alt=\"\" width=\"300\" height=\"200\" \/><\/p>\n<p><img loading=\"lazy\" class=\"alignnone size-medium wp-image-26056\" src=\"https:\/\/arantv.az\/wp-content\/uploads\/2018\/12\/15438460543239840021_1000x669-300x200.jpg\" alt=\"\" width=\"300\" height=\"200\" \/><\/p>\n<p>az\u0259rtac<\/p>\n","protected":false},"excerpt":{"rendered":"<p>Beyn\u0259lxalq \u018flill\u0259r G\u00fcn\u00fc m\u00fcnasib\u0259til\u0259 B\u0259rd\u0259 \u015f\u0259h\u0259rind\u0259 f\u0259aliyy\u0259t g\u00f6st\u0259r\u0259n G\u00fcn\u0259rzi Qay\u011f\u0131 M\u0259rk\u0259zi \u201cS\u0259n t\u0259k deyils\u0259n\u201d adl\u0131 t\u0259dbir t\u0259\u015fkil edib. ARANTV.AZ x\u0259b\u0259r verir ki, rayon icra hakimiyy\u0259tinin, t\u0259hsil \u015f\u00f6b\u0259sinin, D\u00f6vl\u0259t Sosial M\u00fcdafi\u0259 Fondunun rayon \u015f\u00f6b\u0259sinin n\u00fcmay\u0259nd\u0259l\u0259rinin, k\u00f6rp\u0259l\u0259r evl\u0259rinin kollektivl\u0259rinin, orta m\u0259kt\u0259bl\u0259rin m\u00fc\u0259llim v\u0259 \u015fagirdl\u0259rinin i\u015ftirak etdiyi t\u0259dbird\u0259 B\u0259rd\u0259 G\u00fcn\u0259rzi Qay\u011f\u0131 M\u0259rk\u0259zinin r\u0259hb\u0259ri Ayg\u00fcn H\u00fcseynova \u00e7\u0131x\u0131\u015f ed\u0259r\u0259k, t\u0259lim-t\u0259rbiy\u0259 m\u00fc\u0259ssis\u0259sinin f\u0259aliyy\u0259ti bar\u0259d\u0259 m\u0259lumat verib. Bildirilib ki, B\u0259rd\u0259 G\u00fcn\u0259rzi Qay\u011f\u0131 M\u0259rk\u0259zi \u201cSa\u011flaml\u0131q imkanlar\u0131 m\u0259hdud u\u015faqlara v\u0259 sosial t\u0259hl\u00fck\u0259li v\u0259ziyy\u0259td\u0259 olan yetkinlik ya\u015f\u0131na \u00e7atmayanlara sosial xidm\u0259t g\u00f6st\u0259rilm\u0259si sah\u0259sind\u0259 \u0259lav\u0259 t\u0259dbirl\u0259r haqq\u0131nda\u201d Az\u0259rbaycan Respublikas\u0131 Prezidentinin 2013-c\u00fc il&hellip;<\/p>\n","protected":false},"author":2,"featured_media":26054,"comment_status":"closed","ping_status":"closed","sticky":false,"template":"","format":"standard","meta":{"om_disable_all_campaigns":false,"_monsterinsights_skip_tracking":false,"_monsterinsights_sitenote_active":false,"_monsterinsights_sitenote_note":"","_monsterinsights_sitenote_category":0},"categories":[2],"tags":[],"aioseo_notices":[],"gutentor_comment":0,"rttpg_featured_image_url":{"full":["https:\/\/arantv.az\/wp-content\/uploads\/2018\/12\/15438460543514460230_1000x669.jpg",1000,666,false],"landscape":["https:\/\/arantv.az\/wp-content\/uploads\/2018\/12\/15438460543514460230_1000x669.jpg",1000,666,false],"portraits":["https:\/\/arantv.az\/wp-content\/uploads\/2018\/12\/15438460543514460230_1000x669.jpg",1000,666,false],"thumbnail":["https:\/\/arantv.az\/wp-content\/uploads\/2018\/12\/15438460543514460230_1000x669-150x150.jpg",150,150,true],"medium":["https:\/\/arantv.az\/wp-content\/uploads\/2018\/12\/15438460543514460230_1000x669-300x200.jpg",300,200,true],"large":["https:\/\/arantv.az\/wp-content\/uploads\/2018\/12\/15438460543514460230_1000x669.jpg",640,426,false],"1536x1536":["https:\/\/arantv.az\/wp-content\/uploads\/2018\/12\/15438460543514460230_1000x669.jpg",1000,666,false],"2048x2048":["https:\/\/arantv.az\/wp-content\/uploads\/2018\/12\/15438460543514460230_1000x669.jpg",1000,666,false],"post-thumbnail":["https:\/\/arantv.az\/wp-content\/uploads\/2018\/12\/15438460543514460230_1000x669-240x172.jpg",240,172,true],"advps-thumb-one":["https:\/\/arantv.az\/wp-content\/uploads\/2018\/12\/15438460543514460230_1000x669-1000x620.jpg",1000,620,true]},"rttpg_author":{"display_name":"V\u00fcsal Rafiqo\u011flu","author_link":"https:\/\/arantv.az\/?author=2"},"rttpg_comment":0,"rttpg_category":"<a href=\"https:\/\/arantv.az\/?cat=2\" rel=\"category\">Region X\u0259b\u0259rl\u0259ri<\/a>","rttpg_excerpt":"Beyn\u0259lxalq \u018flill\u0259r G\u00fcn\u00fc m\u00fcnasib\u0259til\u0259 B\u0259rd\u0259 \u015f\u0259h\u0259rind\u0259 f\u0259aliyy\u0259t g\u00f6st\u0259r\u0259n G\u00fcn\u0259rzi Qay\u011f\u0131 M\u0259rk\u0259zi \u201cS\u0259n t\u0259k deyils\u0259n\u201d adl\u0131 t\u0259dbir t\u0259\u015fkil edib. ARANTV.AZ x\u0259b\u0259r verir ki, rayon icra hakimiyy\u0259tinin, t\u0259hsil \u015f\u00f6b\u0259sinin, D\u00f6vl\u0259t Sosial M\u00fcdafi\u0259 Fondunun rayon \u015f\u00f6b\u0259sinin n\u00fcmay\u0259nd\u0259l\u0259rinin, k\u00f6rp\u0259l\u0259r evl\u0259rinin kollektivl\u0259rinin, orta m\u0259kt\u0259bl\u0259rin m\u00fc\u0259llim v\u0259 \u015fagirdl\u0259rinin i\u015ftirak etdiyi t\u0259dbird\u0259 B\u0259rd\u0259 G\u00fcn\u0259rzi Qay\u011f\u0131 M\u0259rk\u0259zinin r\u0259hb\u0259ri Ayg\u00fcn H\u00fcseynova \u00e7\u0131x\u0131\u015f ed\u0259r\u0259k, t\u0259lim-t\u0259rbiy\u0259&hellip;","_links":{"self":[{"href":"https:\/\/arantv.az\/index.php?rest_route=\/wp\/v2\/posts\/26052"}],"collection":[{"href":"https:\/\/arantv.az\/index.php?rest_route=\/wp\/v2\/posts"}],"about":[{"href":"https:\/\/arantv.az\/index.php?rest_route=\/wp\/v2\/types\/post"}],"author":[{"embeddable":true,"href":"https:\/\/arantv.az\/index.php?rest_route=\/wp\/v2\/users\/2"}],"replies":[{"embeddable":true,"href":"https:\/\/arantv.az\/index.php?rest_route=%2Fwp%2Fv2%2Fcomments&post=26052"}],"version-history":[{"count":0,"href":"https:\/\/arantv.az\/index.php?rest_route=\/wp\/v2\/posts\/26052\/revisions"}],"wp:featuredmedia":[{"embeddable":true,"href":"https:\/\/arantv.az\/index.php?rest_route=\/wp\/v2\/media\/26054"}],"wp:attachment":[{"href":"https:\/\/arantv.az\/index.php?rest_route=%2Fwp%2Fv2%2Fmedia&parent=26052"}],"wp:term":[{"taxonomy":"category","embeddable":true,"href":"https:\/\/arantv.az\/index.php?rest_route=%2Fwp%2Fv2%2Fcategories&post=26052"},{"taxonomy":"post_tag","embeddable":true,"href":"https:\/\/arantv.az\/index.php?rest_route=%2Fwp%2Fv2%2Ftags&post=26052"}],"curies":[{"name":"wp","href":"https:\/\/api.w.org\/{rel}","templated":true}]}}