{"id":26074,"date":"2018-12-04T10:38:26","date_gmt":"2018-12-04T07:38:26","guid":{"rendered":"http:\/\/arantv.az\/?p=26074"},"modified":"2018-12-04T10:38:26","modified_gmt":"2018-12-04T07:38:26","slug":"prezident-ilham-%c9%99liyev-cisco-sirk%c9%99tinin-numay%c9%99nd%c9%99-hey%c9%99tini-q%c9%99bul-edib","status":"publish","type":"post","link":"https:\/\/arantv.az\/?p=26074","title":{"rendered":"Prezident \u0130lham \u018fliyev CISCO \u015firk\u0259tinin n\u00fcmay\u0259nd\u0259 hey\u0259tini q\u0259bul edib"},"content":{"rendered":"<p><strong>ARANTV.AZ<\/strong> x\u0259b\u0259r verir ki, Az\u0259rbaycan Respublikas\u0131n\u0131n Prezidenti \u0130lham \u018fliyev dekabr\u0131n 3-d\u0259 CISCO \u015firk\u0259tinin qlobal innovasiyalar \u00fczr\u0259 vitse-prezidenti Qay Didrixin r\u0259hb\u0259rlik etdiyi n\u00fcmay\u0259nd\u0259 hey\u0259tini q\u0259bul edib.<\/p>\n<p>D\u00f6vl\u0259timizin ba\u015f\u00e7\u0131s\u0131 CISCO \u015firk\u0259tinin uzun ill\u0259r Az\u0259rbaycan h\u00f6kum\u0259ti il\u0259 u\u011furlu \u0259m\u0259kda\u015fl\u0131q h\u0259yata ke\u00e7irm\u0259sind\u0259n m\u0259mnunlu\u011funu bildirdi. Prezident \u0130lham \u018fliyev CISCO \u015firk\u0259tinin Az\u0259rbaycanda m\u00fcxt\u0259lif sah\u0259l\u0259rd\u0259, o c\u00fcml\u0259d\u0259n n\u0259qliyyat sah\u0259sind\u0259 h\u0259yata ke\u00e7irdiyi layih\u0259l\u0259r\u0259 toxunaraq bu sah\u0259nin \u00f6lk\u0259mizd\u0259 prioritet istiqam\u0259tl\u0259rd\u0259n biri oldu\u011funu vur\u011fulad\u0131. D\u00f6vl\u0259timizin ba\u015f\u00e7\u0131s\u0131 regional \u0259m\u0259kda\u015fl\u0131q \u00fc\u00e7\u00fcn yeni infrastrukturun yarad\u0131ld\u0131\u011f\u0131n\u0131 n\u0259z\u0259r\u0259 alaraq, dig\u0259r sah\u0259l\u0259rd\u0259 d\u0259 \u0259m\u0259kda\u015fl\u0131q \u00fc\u00e7\u00fcn yax\u015f\u0131 imkanlar\u0131n oldu\u011funu dedi.<\/p>\n<p>CISCO \u015firk\u0259tinin qlobal innovasiyalar \u00fczr\u0259 vitse-prezidenti Qay Didrix Az\u0259rbaycan Prezidenti il\u0259 \u0259vv\u0259lki g\u00f6r\u00fc\u015f\u00fcn\u00fc m\u0259mnunluqla xat\u0131rlayaraq \u015firk\u0259tin \u00f6lk\u0259mizl\u0259 u\u011furlu \u0259m\u0259kda\u015fl\u0131q h\u0259yata ke\u00e7irdiyini bildirdi. \u00d6lk\u0259miz\u0259 s\u0259f\u0259rind\u0259n xo\u015f hissl\u0259r ke\u00e7irdiyini dey\u0259n qonaq s\u0259f\u0259rinin m\u0259qs\u0259dinin \u0259m\u0259kda\u015fl\u0131\u011f\u0131n perspektivl\u0259rini m\u00fczakir\u0259 etm\u0259kd\u0259n ibar\u0259t oldu\u011funu dedi v\u0259 bu \u0259m\u0259kda\u015fl\u0131\u011f\u0131n \u201cAz\u0259rbaycan 2020: G\u0259l\u0259c\u0259y\u0259 Bax\u0131\u015f\u201d \u0130nki\u015faf Konsepsiyas\u0131na uy\u011fun \u015f\u0259kild\u0259 h\u0259yata ke\u00e7irilm\u0259sinin \u0259h\u0259miyy\u0259tini qeyd etdi.<\/p>\n<p>G\u00f6r\u00fc\u015fd\u0259 XXIV \u201cBakutel\u201d Az\u0259rbaycan Beyn\u0259lxalq Telekommunikasiya, \u0130nnovasiya v\u0259 Y\u00fcks\u0259k Texnologiyalar s\u0259rgisinin \u0259h\u0259miyy\u0259tin\u0259 toxunularaq bu t\u0259dbirin beyn\u0259lxalq \u0259m\u0259kda\u015fl\u0131\u011f\u0131n m\u00f6hk\u0259ml\u0259ndirilm\u0259si i\u015fin\u0259 t\u00f6hf\u0259 verdiyi qeyd olundu.<\/p>\n","protected":false},"excerpt":{"rendered":"<p>ARANTV.AZ x\u0259b\u0259r verir ki, Az\u0259rbaycan Respublikas\u0131n\u0131n Prezidenti \u0130lham \u018fliyev dekabr\u0131n 3-d\u0259 CISCO \u015firk\u0259tinin qlobal innovasiyalar \u00fczr\u0259 vitse-prezidenti Qay Didrixin r\u0259hb\u0259rlik etdiyi n\u00fcmay\u0259nd\u0259 hey\u0259tini q\u0259bul edib. D\u00f6vl\u0259timizin ba\u015f\u00e7\u0131s\u0131 CISCO \u015firk\u0259tinin uzun ill\u0259r Az\u0259rbaycan h\u00f6kum\u0259ti il\u0259 u\u011furlu \u0259m\u0259kda\u015fl\u0131q h\u0259yata ke\u00e7irm\u0259sind\u0259n m\u0259mnunlu\u011funu bildirdi. Prezident \u0130lham \u018fliyev CISCO \u015firk\u0259tinin Az\u0259rbaycanda m\u00fcxt\u0259lif sah\u0259l\u0259rd\u0259, o c\u00fcml\u0259d\u0259n n\u0259qliyyat sah\u0259sind\u0259 h\u0259yata ke\u00e7irdiyi layih\u0259l\u0259r\u0259 toxunaraq bu sah\u0259nin \u00f6lk\u0259mizd\u0259 prioritet istiqam\u0259tl\u0259rd\u0259n biri oldu\u011funu vur\u011fulad\u0131. D\u00f6vl\u0259timizin ba\u015f\u00e7\u0131s\u0131 regional \u0259m\u0259kda\u015fl\u0131q \u00fc\u00e7\u00fcn yeni infrastrukturun yarad\u0131ld\u0131\u011f\u0131n\u0131 n\u0259z\u0259r\u0259 alaraq, dig\u0259r sah\u0259l\u0259rd\u0259 d\u0259 \u0259m\u0259kda\u015fl\u0131q \u00fc\u00e7\u00fcn yax\u015f\u0131 imkanlar\u0131n oldu\u011funu dedi. CISCO \u015firk\u0259tinin qlobal innovasiyalar \u00fczr\u0259 vitse-prezidenti Qay&hellip;<\/p>\n","protected":false},"author":2,"featured_media":26075,"comment_status":"closed","ping_status":"closed","sticky":false,"template":"","format":"standard","meta":{"om_disable_all_campaigns":false,"_monsterinsights_skip_tracking":false,"_monsterinsights_sitenote_active":false,"_monsterinsights_sitenote_note":"","_monsterinsights_sitenote_category":0},"categories":[8],"tags":[],"aioseo_notices":[],"gutentor_comment":0,"rttpg_featured_image_url":{"full":["https:\/\/arantv.az\/wp-content\/uploads\/2018\/12\/95sjtvobvcvn1kdfm6dm5quis6il-02.jpg",1000,666,false],"landscape":["https:\/\/arantv.az\/wp-content\/uploads\/2018\/12\/95sjtvobvcvn1kdfm6dm5quis6il-02.jpg",1000,666,false],"portraits":["https:\/\/arantv.az\/wp-content\/uploads\/2018\/12\/95sjtvobvcvn1kdfm6dm5quis6il-02.jpg",1000,666,false],"thumbnail":["https:\/\/arantv.az\/wp-content\/uploads\/2018\/12\/95sjtvobvcvn1kdfm6dm5quis6il-02-150x150.jpg",150,150,true],"medium":["https:\/\/arantv.az\/wp-content\/uploads\/2018\/12\/95sjtvobvcvn1kdfm6dm5quis6il-02-300x200.jpg",300,200,true],"large":["https:\/\/arantv.az\/wp-content\/uploads\/2018\/12\/95sjtvobvcvn1kdfm6dm5quis6il-02.jpg",640,426,false],"1536x1536":["https:\/\/arantv.az\/wp-content\/uploads\/2018\/12\/95sjtvobvcvn1kdfm6dm5quis6il-02.jpg",1000,666,false],"2048x2048":["https:\/\/arantv.az\/wp-content\/uploads\/2018\/12\/95sjtvobvcvn1kdfm6dm5quis6il-02.jpg",1000,666,false],"post-thumbnail":["https:\/\/arantv.az\/wp-content\/uploads\/2018\/12\/95sjtvobvcvn1kdfm6dm5quis6il-02-240x172.jpg",240,172,true],"advps-thumb-one":["https:\/\/arantv.az\/wp-content\/uploads\/2018\/12\/95sjtvobvcvn1kdfm6dm5quis6il-02-1000x620.jpg",1000,620,true]},"rttpg_author":{"display_name":"V\u00fcsal Rafiqo\u011flu","author_link":"https:\/\/arantv.az\/?author=2"},"rttpg_comment":0,"rttpg_category":"<a href=\"https:\/\/arantv.az\/?cat=8\" rel=\"category\">\u018fsas s\u0259hif\u0259<\/a>","rttpg_excerpt":"ARANTV.AZ x\u0259b\u0259r verir ki, Az\u0259rbaycan Respublikas\u0131n\u0131n Prezidenti \u0130lham \u018fliyev dekabr\u0131n 3-d\u0259 CISCO \u015firk\u0259tinin qlobal innovasiyalar \u00fczr\u0259 vitse-prezidenti Qay Didrixin r\u0259hb\u0259rlik etdiyi n\u00fcmay\u0259nd\u0259 hey\u0259tini q\u0259bul edib. D\u00f6vl\u0259timizin ba\u015f\u00e7\u0131s\u0131 CISCO \u015firk\u0259tinin uzun ill\u0259r Az\u0259rbaycan h\u00f6kum\u0259ti il\u0259 u\u011furlu \u0259m\u0259kda\u015fl\u0131q h\u0259yata ke\u00e7irm\u0259sind\u0259n m\u0259mnunlu\u011funu bildirdi. Prezident \u0130lham \u018fliyev CISCO \u015firk\u0259tinin Az\u0259rbaycanda m\u00fcxt\u0259lif sah\u0259l\u0259rd\u0259, o c\u00fcml\u0259d\u0259n n\u0259qliyyat sah\u0259sind\u0259 h\u0259yata ke\u00e7irdiyi layih\u0259l\u0259r\u0259&hellip;","_links":{"self":[{"href":"https:\/\/arantv.az\/index.php?rest_route=\/wp\/v2\/posts\/26074"}],"collection":[{"href":"https:\/\/arantv.az\/index.php?rest_route=\/wp\/v2\/posts"}],"about":[{"href":"https:\/\/arantv.az\/index.php?rest_route=\/wp\/v2\/types\/post"}],"author":[{"embeddable":true,"href":"https:\/\/arantv.az\/index.php?rest_route=\/wp\/v2\/users\/2"}],"replies":[{"embeddable":true,"href":"https:\/\/arantv.az\/index.php?rest_route=%2Fwp%2Fv2%2Fcomments&post=26074"}],"version-history":[{"count":0,"href":"https:\/\/arantv.az\/index.php?rest_route=\/wp\/v2\/posts\/26074\/revisions"}],"wp:featuredmedia":[{"embeddable":true,"href":"https:\/\/arantv.az\/index.php?rest_route=\/wp\/v2\/media\/26075"}],"wp:attachment":[{"href":"https:\/\/arantv.az\/index.php?rest_route=%2Fwp%2Fv2%2Fmedia&parent=26074"}],"wp:term":[{"taxonomy":"category","embeddable":true,"href":"https:\/\/arantv.az\/index.php?rest_route=%2Fwp%2Fv2%2Fcategories&post=26074"},{"taxonomy":"post_tag","embeddable":true,"href":"https:\/\/arantv.az\/index.php?rest_route=%2Fwp%2Fv2%2Ftags&post=26074"}],"curies":[{"name":"wp","href":"https:\/\/api.w.org\/{rel}","templated":true}]}}