{"id":26077,"date":"2018-12-04T10:39:11","date_gmt":"2018-12-04T07:39:11","guid":{"rendered":"http:\/\/arantv.az\/?p=26077"},"modified":"2018-12-04T10:39:11","modified_gmt":"2018-12-04T07:39:11","slug":"prezident-ilham-%c9%99liyev-rusiyanin-r%c9%99q%c9%99msal-inkisaf-rabit%c9%99-v%c9%99-kutl%c9%99vi-media-nazirini-q%c9%99bul-edib","status":"publish","type":"post","link":"https:\/\/arantv.az\/?p=26077","title":{"rendered":"Prezident \u0130lham \u018fliyev Rusiyan\u0131n r\u0259q\u0259msal inki\u015faf, rabit\u0259 v\u0259 k\u00fctl\u0259vi media nazirini q\u0259bul edib"},"content":{"rendered":"<p><strong>ARANTV.AZ<\/strong> x\u0259b\u0259r verir ki, Az\u0259rbaycan Respublikas\u0131n\u0131n Prezidenti \u0130lham \u018fliyev dekabr\u0131n 3-d\u0259 Rusiyan\u0131n r\u0259q\u0259msal inki\u015faf, rabit\u0259 v\u0259 k\u00fctl\u0259vi media naziri Konstantin Noskovu q\u0259bul edib.<\/p>\n<p>Rusiya Federasiyas\u0131n\u0131n r\u0259q\u0259msal inki\u015faf, rabit\u0259 v\u0259 k\u00fctl\u0259vi media naziri Konstantin Noskov Bak\u0131da ke\u00e7iril\u0259n XXIV \u201cBakutel\u201d Az\u0259rbaycan Beyn\u0259lxalq Telekommunikasiya, \u0130nnovasiya v\u0259 Y\u00fcks\u0259k Texnologiyalar s\u0259rgisind\u0259 i\u015ftirak etm\u0259k \u00fc\u00e7\u00fcn d\u0259v\u0259t\u0259 g\u00f6r\u0259 minn\u0259tdarl\u0131\u011f\u0131n\u0131 bildirdi. O, bu t\u0259dbir\u0259 paralel olaraq Bak\u0131da Regional Rabit\u0259 Birliyi \u00e7\u0259r\u00e7iv\u0259sind\u0259 region \u00f6lk\u0259l\u0259rinin rabit\u0259 nazirl\u0259rinin g\u00f6r\u00fc\u015f\u00fc bar\u0259d\u0259 m\u0259lumat verdi. Qonaq qeyd etdi ki, bu g\u00f6r\u00fc\u015f v\u0259 \u201cBakutel\u201d s\u0259rgisi beyn\u0259lxalq \u0259m\u0259kda\u015fl\u0131\u011f\u0131n geni\u015fl\u0259nm\u0259si i\u015fin\u0259 \u00f6z t\u00f6hf\u0259sini ver\u0259c\u0259k. Konstantin Noskov, eyni zamanda, Rusiyan\u0131n v\u0259 Az\u0259rbaycan\u0131n m\u00fcvafiq nazirlikl\u0259ri aras\u0131nda u\u011furlu \u0259m\u0259kda\u015fl\u0131\u011f\u0131n h\u0259yata ke\u00e7irildiyini vur\u011fulayaraq, art\u0131q iki \u00f6lk\u0259nin po\u00e7t xidm\u0259tl\u0259rinin s\u0259m\u0259r\u0259li qar\u015f\u0131l\u0131ql\u0131 f\u0259aliyy\u0259t g\u00f6st\u0259rdikl\u0259rini bildirdi v\u0259 bunun \u00c7ind\u0259n Az\u0259rbaycan vasit\u0259sil\u0259 Rusiyaya b\u00f6y\u00fck h\u0259cmd\u0259 elektron ticar\u0259t m\u0259hsullar\u0131n\u0131n g\u00f6nd\u0259rilm\u0259si \u00fc\u00e7\u00fcn imkan yaratd\u0131\u011f\u0131n\u0131 dedi. Eyni zamanda, qonaq Az\u0259rbaycanla Rusiya mobil rabit\u0259 operatorlar\u0131 aras\u0131nda \u0259m\u0259kda\u015fl\u0131qla ba\u011fl\u0131 dan\u0131\u015f\u0131qlar\u0131n apar\u0131ld\u0131\u011f\u0131n\u0131 dedi.<\/p>\n<p>Prezident \u0130lham \u018fliyev Rusiya Federasiyas\u0131n\u0131n r\u0259q\u0259msal inki\u015faf, rabit\u0259 v\u0259 k\u00fctl\u0259vi media naziri Konstantin Noskovun Bak\u0131da ke\u00e7iril\u0259n XXIV \u201cBakutel\u201d s\u0259rgisind\u0259 i\u015ftirak\u0131ndan m\u0259mnunlu\u011funu ifad\u0259 etdi, eyni zamanda, Regional Rabit\u0259 Birliyi \u00e7\u0259r\u00e7iv\u0259sind\u0259 region \u00f6lk\u0259l\u0259rinin rabit\u0259 nazirl\u0259rinin toplant\u0131s\u0131n\u0131n beyn\u0259lxalq \u0259m\u0259kda\u015fl\u0131\u011f\u0131n geni\u015fl\u0259nm\u0259si bax\u0131m\u0131ndan \u0259h\u0259miyy\u0259tini vur\u011fulad\u0131. D\u00f6vl\u0259timizin ba\u015f\u00e7\u0131s\u0131 Bak\u0131da \u0259n\u0259n\u0259vi olaraq ke\u00e7iril\u0259n \u201cBakutel\u201d t\u0259dbirin\u0259 beyn\u0259lxalq mara\u011f\u0131n v\u0259 i\u015ftirak\u00e7\u0131 \u00f6lk\u0259l\u0259rin say\u0131n\u0131n artd\u0131\u011f\u0131n\u0131 qeyd ed\u0259r\u0259k, bu t\u0259dbirin telekommunikasiya v\u0259 texnologiyalar sah\u0259sind\u0259 \u0259ld\u0259 olunmu\u015f nailiyy\u0259tl\u0259rl\u0259 yax\u0131ndan tan\u0131\u015fl\u0131q v\u0259 t\u0259cr\u00fcb\u0259 m\u00fcbadil\u0259sinin apar\u0131lmas\u0131 \u00fc\u00e7\u00fcn yax\u015f\u0131 imkan yaratd\u0131\u011f\u0131n\u0131 bildirdi.<\/p>\n<p>S\u00f6hb\u0259t zaman\u0131 Az\u0259rbaycan il\u0259 Rusiya aras\u0131nda ikit\u0259r\u0259fli m\u00fcnasib\u0259tl\u0259rin b\u00fct\u00fcn sah\u0259l\u0259rd\u0259, o c\u00fcml\u0259d\u0259n rabit\u0259 v\u0259 k\u00fctl\u0259vi kommunikasiyalar sah\u0259sind\u0259 u\u011furla inki\u015faf etdiyi bildirildi v\u0259 Rusiya Federasiyas\u0131n\u0131n r\u0259q\u0259msal inki\u015faf, rabit\u0259 v\u0259 k\u00fctl\u0259vi media nazirinin s\u0259f\u0259rinin \u0259laq\u0259l\u0259rimizin m\u00f6hk\u0259ml\u0259nm\u0259si i\u015fin\u0259 \u00f6z t\u00f6hf\u0259sini ver\u0259c\u0259yin\u0259 \u0259minlik ifad\u0259 olundu.<\/p>\n<p>G\u00f6r\u00fc\u015fd\u0259 iki \u00f6lk\u0259nin m\u00fcvafiq qurumlar\u0131 aras\u0131nda kiber t\u0259hl\u00fck\u0259sizlik sah\u0259sind\u0259 \u0259m\u0259kda\u015fl\u0131q, t\u0259cr\u00fcb\u0259 m\u00fcbadil\u0259si, g\u0259l\u0259c\u0259kd\u0259 qon\u015fu \u00f6lk\u0259l\u0259rl\u0259 birg\u0259 layih\u0259l\u0259rin h\u0259yata ke\u00e7irilm\u0259si perspektivl\u0259ri \u0259traf\u0131nda fikir m\u00fcbadil\u0259si apar\u0131ld\u0131.<\/p>\n","protected":false},"excerpt":{"rendered":"<p>ARANTV.AZ x\u0259b\u0259r verir ki, Az\u0259rbaycan Respublikas\u0131n\u0131n Prezidenti \u0130lham \u018fliyev dekabr\u0131n 3-d\u0259 Rusiyan\u0131n r\u0259q\u0259msal inki\u015faf, rabit\u0259 v\u0259 k\u00fctl\u0259vi media naziri Konstantin Noskovu q\u0259bul edib. Rusiya Federasiyas\u0131n\u0131n r\u0259q\u0259msal inki\u015faf, rabit\u0259 v\u0259 k\u00fctl\u0259vi media naziri Konstantin Noskov Bak\u0131da ke\u00e7iril\u0259n XXIV \u201cBakutel\u201d Az\u0259rbaycan Beyn\u0259lxalq Telekommunikasiya, \u0130nnovasiya v\u0259 Y\u00fcks\u0259k Texnologiyalar s\u0259rgisind\u0259 i\u015ftirak etm\u0259k \u00fc\u00e7\u00fcn d\u0259v\u0259t\u0259 g\u00f6r\u0259 minn\u0259tdarl\u0131\u011f\u0131n\u0131 bildirdi. O, bu t\u0259dbir\u0259 paralel olaraq Bak\u0131da Regional Rabit\u0259 Birliyi \u00e7\u0259r\u00e7iv\u0259sind\u0259 region \u00f6lk\u0259l\u0259rinin rabit\u0259 nazirl\u0259rinin g\u00f6r\u00fc\u015f\u00fc bar\u0259d\u0259 m\u0259lumat verdi. Qonaq qeyd etdi ki, bu g\u00f6r\u00fc\u015f v\u0259 \u201cBakutel\u201d s\u0259rgisi beyn\u0259lxalq \u0259m\u0259kda\u015fl\u0131\u011f\u0131n geni\u015fl\u0259nm\u0259si i\u015fin\u0259 \u00f6z t\u00f6hf\u0259sini ver\u0259c\u0259k. Konstantin Noskov, eyni&hellip;<\/p>\n","protected":false},"author":2,"featured_media":26078,"comment_status":"closed","ping_status":"closed","sticky":false,"template":"","format":"standard","meta":{"om_disable_all_campaigns":false,"_monsterinsights_skip_tracking":false,"_monsterinsights_sitenote_active":false,"_monsterinsights_sitenote_note":"","_monsterinsights_sitenote_category":0},"categories":[8],"tags":[],"aioseo_notices":[],"gutentor_comment":0,"rttpg_featured_image_url":{"full":["https:\/\/arantv.az\/wp-content\/uploads\/2018\/12\/95sjtvobvcvn1kdfm6dm5quis6il-01.jpg",1000,663,false],"landscape":["https:\/\/arantv.az\/wp-content\/uploads\/2018\/12\/95sjtvobvcvn1kdfm6dm5quis6il-01.jpg",1000,663,false],"portraits":["https:\/\/arantv.az\/wp-content\/uploads\/2018\/12\/95sjtvobvcvn1kdfm6dm5quis6il-01.jpg",1000,663,false],"thumbnail":["https:\/\/arantv.az\/wp-content\/uploads\/2018\/12\/95sjtvobvcvn1kdfm6dm5quis6il-01-150x150.jpg",150,150,true],"medium":["https:\/\/arantv.az\/wp-content\/uploads\/2018\/12\/95sjtvobvcvn1kdfm6dm5quis6il-01-300x199.jpg",300,199,true],"large":["https:\/\/arantv.az\/wp-content\/uploads\/2018\/12\/95sjtvobvcvn1kdfm6dm5quis6il-01.jpg",640,424,false],"1536x1536":["https:\/\/arantv.az\/wp-content\/uploads\/2018\/12\/95sjtvobvcvn1kdfm6dm5quis6il-01.jpg",1000,663,false],"2048x2048":["https:\/\/arantv.az\/wp-content\/uploads\/2018\/12\/95sjtvobvcvn1kdfm6dm5quis6il-01.jpg",1000,663,false],"post-thumbnail":["https:\/\/arantv.az\/wp-content\/uploads\/2018\/12\/95sjtvobvcvn1kdfm6dm5quis6il-01-240x172.jpg",240,172,true],"advps-thumb-one":["https:\/\/arantv.az\/wp-content\/uploads\/2018\/12\/95sjtvobvcvn1kdfm6dm5quis6il-01-1000x620.jpg",1000,620,true]},"rttpg_author":{"display_name":"V\u00fcsal Rafiqo\u011flu","author_link":"https:\/\/arantv.az\/?author=2"},"rttpg_comment":0,"rttpg_category":"<a href=\"https:\/\/arantv.az\/?cat=8\" rel=\"category\">\u018fsas s\u0259hif\u0259<\/a>","rttpg_excerpt":"ARANTV.AZ x\u0259b\u0259r verir ki, Az\u0259rbaycan Respublikas\u0131n\u0131n Prezidenti \u0130lham \u018fliyev dekabr\u0131n 3-d\u0259 Rusiyan\u0131n r\u0259q\u0259msal inki\u015faf, rabit\u0259 v\u0259 k\u00fctl\u0259vi media naziri Konstantin Noskovu q\u0259bul edib. Rusiya Federasiyas\u0131n\u0131n r\u0259q\u0259msal inki\u015faf, rabit\u0259 v\u0259 k\u00fctl\u0259vi media naziri Konstantin Noskov Bak\u0131da ke\u00e7iril\u0259n XXIV \u201cBakutel\u201d Az\u0259rbaycan Beyn\u0259lxalq Telekommunikasiya, \u0130nnovasiya v\u0259 Y\u00fcks\u0259k Texnologiyalar s\u0259rgisind\u0259 i\u015ftirak etm\u0259k \u00fc\u00e7\u00fcn d\u0259v\u0259t\u0259 g\u00f6r\u0259 minn\u0259tdarl\u0131\u011f\u0131n\u0131 bildirdi. O, bu&hellip;","_links":{"self":[{"href":"https:\/\/arantv.az\/index.php?rest_route=\/wp\/v2\/posts\/26077"}],"collection":[{"href":"https:\/\/arantv.az\/index.php?rest_route=\/wp\/v2\/posts"}],"about":[{"href":"https:\/\/arantv.az\/index.php?rest_route=\/wp\/v2\/types\/post"}],"author":[{"embeddable":true,"href":"https:\/\/arantv.az\/index.php?rest_route=\/wp\/v2\/users\/2"}],"replies":[{"embeddable":true,"href":"https:\/\/arantv.az\/index.php?rest_route=%2Fwp%2Fv2%2Fcomments&post=26077"}],"version-history":[{"count":0,"href":"https:\/\/arantv.az\/index.php?rest_route=\/wp\/v2\/posts\/26077\/revisions"}],"wp:featuredmedia":[{"embeddable":true,"href":"https:\/\/arantv.az\/index.php?rest_route=\/wp\/v2\/media\/26078"}],"wp:attachment":[{"href":"https:\/\/arantv.az\/index.php?rest_route=%2Fwp%2Fv2%2Fmedia&parent=26077"}],"wp:term":[{"taxonomy":"category","embeddable":true,"href":"https:\/\/arantv.az\/index.php?rest_route=%2Fwp%2Fv2%2Fcategories&post=26077"},{"taxonomy":"post_tag","embeddable":true,"href":"https:\/\/arantv.az\/index.php?rest_route=%2Fwp%2Fv2%2Ftags&post=26077"}],"curies":[{"name":"wp","href":"https:\/\/api.w.org\/{rel}","templated":true}]}}