{"id":26111,"date":"2018-12-04T13:29:59","date_gmt":"2018-12-04T10:29:59","guid":{"rendered":"http:\/\/arantv.az\/?p=26111"},"modified":"2018-12-04T13:29:59","modified_gmt":"2018-12-04T10:29:59","slug":"baki-sumqayit-yolundaki-tixacin-s%c9%99b%c9%99bi-aciqlandi-video","status":"publish","type":"post","link":"https:\/\/arantv.az\/?p=26111","title":{"rendered":"Bak\u0131-Sumqay\u0131t yolundak\u0131 t\u0131xac\u0131n s\u0259b\u0259bi a\u00e7\u0131qland\u0131 &#8211; V\u0130DEO"},"content":{"rendered":"<p>G\u00fcn\u00fcn pik saatlar\u0131nda Bak\u0131-Sumqay\u0131t yolunda 2-3 km uzunlu\u011funda s\u0131xl\u0131q v\u0259 t\u0131xac m\u00fc\u015fahid\u0259 olunur. S\u0259h\u0259r saatlar\u0131nda \u015f\u0259h\u0259r istiqam\u0259tind\u0259, gec\u0259 saatlar\u0131nda is\u0259 \u015f\u0259h\u0259rd\u0259n \u00e7\u0131x\u0131\u015f \u0259razil\u0259rind\u0259 bu c\u00fcr m\u0259nz\u0259r\u0259 yaran\u0131r.<\/p>\n<p><b>ARANTV.AZ\u00a0<\/b>x\u0259b\u0259r verir ki, ARB TV-nin \u201cG\u00fcn\u0259 do\u011fru\u201d proqram\u0131 m\u00f6vzu il\u0259 ba\u011fl\u0131 maraql\u0131 s\u00fcjet haz\u0131rlay\u0131b.<\/p>\n<p>\u201cSa\u011f zola\u011f\u0131 x\u00fcsusi x\u0259tl\u0259 ay\u0131rmaq olar, buna imkan da var. Bel\u0259 olan halda avtobuslar normal i\u015fl\u0259y\u0259r, operativ n\u0259qliyyat vasit\u0259l\u0259ri d\u0259 ora il\u0259 gedib g\u0259l\u0259 bil\u0259r\u201d, &#8211; ekspert\u00a0<strong>Elm\u0259ddin Muradl\u0131\u00a0<\/strong>bildirib.<\/p>\n<p>Ekspertl\u0259r t\u0259klif edir ki, m\u00f6vcud problemin aradan qald\u0131r\u0131lmas\u0131 il\u0259 paytaxt\u0131n \u0259ks\u0259r \u0259razil\u0259rind\u0259 m\u00fc\u015fahid\u0259 olunan s\u0131xl\u0131q da aradan qalxm\u0131\u015f olar. Bu yolda ya\u015fanan t\u0131xaclar Bak\u0131n\u0131n onlarla k\u00fc\u00e7\u0259 v\u0259 prospektind\u0259 n\u0259qliyyat\u0131n instesiv h\u0259r\u0259k\u0259tin\u0259 ciddi t\u0259sir edir.<\/p>\n<div><iframe loading=\"lazy\" src=\"https:\/\/www.youtube.com\/embed\/Co-B5hsYW0E\" width=\"697\" height=\"392\" frameborder=\"0\" allowfullscreen=\"allowfullscreen\" data-mce-fragment=\"1\"><\/iframe><\/div>\n<p>&nbsp;<\/p>\n","protected":false},"excerpt":{"rendered":"<p>G\u00fcn\u00fcn pik saatlar\u0131nda Bak\u0131-Sumqay\u0131t yolunda 2-3 km uzunlu\u011funda s\u0131xl\u0131q v\u0259 t\u0131xac m\u00fc\u015fahid\u0259 olunur. S\u0259h\u0259r saatlar\u0131nda \u015f\u0259h\u0259r istiqam\u0259tind\u0259, gec\u0259 saatlar\u0131nda is\u0259 \u015f\u0259h\u0259rd\u0259n \u00e7\u0131x\u0131\u015f \u0259razil\u0259rind\u0259 bu c\u00fcr m\u0259nz\u0259r\u0259 yaran\u0131r. ARANTV.AZ\u00a0x\u0259b\u0259r verir ki, ARB TV-nin \u201cG\u00fcn\u0259 do\u011fru\u201d proqram\u0131 m\u00f6vzu il\u0259 ba\u011fl\u0131 maraql\u0131 s\u00fcjet haz\u0131rlay\u0131b. \u201cSa\u011f zola\u011f\u0131 x\u00fcsusi x\u0259tl\u0259 ay\u0131rmaq olar, buna imkan da var. Bel\u0259 olan halda avtobuslar normal i\u015fl\u0259y\u0259r, operativ n\u0259qliyyat vasit\u0259l\u0259ri d\u0259 ora il\u0259 gedib g\u0259l\u0259 bil\u0259r\u201d, &#8211; ekspert\u00a0Elm\u0259ddin Muradl\u0131\u00a0bildirib. Ekspertl\u0259r t\u0259klif edir ki, m\u00f6vcud problemin aradan qald\u0131r\u0131lmas\u0131 il\u0259 paytaxt\u0131n \u0259ks\u0259r \u0259razil\u0259rind\u0259 m\u00fc\u015fahid\u0259 olunan s\u0131xl\u0131q da aradan qalxm\u0131\u015f olar. Bu yolda&hellip;<\/p>\n","protected":false},"author":2,"featured_media":26112,"comment_status":"closed","ping_status":"closed","sticky":false,"template":"","format":"standard","meta":{"om_disable_all_campaigns":false,"_monsterinsights_skip_tracking":false,"_monsterinsights_sitenote_active":false,"_monsterinsights_sitenote_note":"","_monsterinsights_sitenote_category":0},"categories":[1],"tags":[],"aioseo_notices":[],"gutentor_comment":0,"rttpg_featured_image_url":{"full":["https:\/\/arantv.az\/wp-content\/uploads\/2018\/12\/T\u00c4\u00b0XAC-1.jpg",620,314,false],"landscape":["https:\/\/arantv.az\/wp-content\/uploads\/2018\/12\/T\u00c4\u00b0XAC-1.jpg",620,314,false],"portraits":["https:\/\/arantv.az\/wp-content\/uploads\/2018\/12\/T\u00c4\u00b0XAC-1.jpg",620,314,false],"thumbnail":["https:\/\/arantv.az\/wp-content\/uploads\/2018\/12\/T\u00c4\u00b0XAC-1-150x150.jpg",150,150,true],"medium":["https:\/\/arantv.az\/wp-content\/uploads\/2018\/12\/T\u00c4\u00b0XAC-1-300x152.jpg",300,152,true],"large":["https:\/\/arantv.az\/wp-content\/uploads\/2018\/12\/T\u00c4\u00b0XAC-1.jpg",620,314,false],"1536x1536":["https:\/\/arantv.az\/wp-content\/uploads\/2018\/12\/T\u00c4\u00b0XAC-1.jpg",620,314,false],"2048x2048":["https:\/\/arantv.az\/wp-content\/uploads\/2018\/12\/T\u00c4\u00b0XAC-1.jpg",620,314,false],"post-thumbnail":["https:\/\/arantv.az\/wp-content\/uploads\/2018\/12\/T\u00c4\u00b0XAC-1-240x172.jpg",240,172,true],"advps-thumb-one":["https:\/\/arantv.az\/wp-content\/uploads\/2018\/12\/T\u00c4\u00b0XAC-1.jpg",620,314,false]},"rttpg_author":{"display_name":"V\u00fcsal Rafiqo\u011flu","author_link":"https:\/\/arantv.az\/?author=2"},"rttpg_comment":0,"rttpg_category":"<a href=\"https:\/\/arantv.az\/?cat=1\" rel=\"category\">C\u0259miyy\u0259t<\/a>","rttpg_excerpt":"G\u00fcn\u00fcn pik saatlar\u0131nda Bak\u0131-Sumqay\u0131t yolunda 2-3 km uzunlu\u011funda s\u0131xl\u0131q v\u0259 t\u0131xac m\u00fc\u015fahid\u0259 olunur. S\u0259h\u0259r saatlar\u0131nda \u015f\u0259h\u0259r istiqam\u0259tind\u0259, gec\u0259 saatlar\u0131nda is\u0259 \u015f\u0259h\u0259rd\u0259n \u00e7\u0131x\u0131\u015f \u0259razil\u0259rind\u0259 bu c\u00fcr m\u0259nz\u0259r\u0259 yaran\u0131r. ARANTV.AZ\u00a0x\u0259b\u0259r verir ki, ARB TV-nin \u201cG\u00fcn\u0259 do\u011fru\u201d proqram\u0131 m\u00f6vzu il\u0259 ba\u011fl\u0131 maraql\u0131 s\u00fcjet haz\u0131rlay\u0131b. \u201cSa\u011f zola\u011f\u0131 x\u00fcsusi x\u0259tl\u0259 ay\u0131rmaq olar, buna imkan da var. Bel\u0259 olan halda avtobuslar&hellip;","_links":{"self":[{"href":"https:\/\/arantv.az\/index.php?rest_route=\/wp\/v2\/posts\/26111"}],"collection":[{"href":"https:\/\/arantv.az\/index.php?rest_route=\/wp\/v2\/posts"}],"about":[{"href":"https:\/\/arantv.az\/index.php?rest_route=\/wp\/v2\/types\/post"}],"author":[{"embeddable":true,"href":"https:\/\/arantv.az\/index.php?rest_route=\/wp\/v2\/users\/2"}],"replies":[{"embeddable":true,"href":"https:\/\/arantv.az\/index.php?rest_route=%2Fwp%2Fv2%2Fcomments&post=26111"}],"version-history":[{"count":0,"href":"https:\/\/arantv.az\/index.php?rest_route=\/wp\/v2\/posts\/26111\/revisions"}],"wp:featuredmedia":[{"embeddable":true,"href":"https:\/\/arantv.az\/index.php?rest_route=\/wp\/v2\/media\/26112"}],"wp:attachment":[{"href":"https:\/\/arantv.az\/index.php?rest_route=%2Fwp%2Fv2%2Fmedia&parent=26111"}],"wp:term":[{"taxonomy":"category","embeddable":true,"href":"https:\/\/arantv.az\/index.php?rest_route=%2Fwp%2Fv2%2Fcategories&post=26111"},{"taxonomy":"post_tag","embeddable":true,"href":"https:\/\/arantv.az\/index.php?rest_route=%2Fwp%2Fv2%2Ftags&post=26111"}],"curies":[{"name":"wp","href":"https:\/\/api.w.org\/{rel}","templated":true}]}}