{"id":26114,"date":"2018-12-04T13:31:15","date_gmt":"2018-12-04T10:31:15","guid":{"rendered":"http:\/\/arantv.az\/?p=26114"},"modified":"2018-12-04T13:31:15","modified_gmt":"2018-12-04T10:31:15","slug":"deputat-ibtidai-v%c9%99-orta-t%c9%99hsil-yalniz-az%c9%99rbaycan-dilind%c9%99-olmalidir","status":"publish","type":"post","link":"https:\/\/arantv.az\/?p=26114","title":{"rendered":"Deputat: \u0130btidai v\u0259 orta t\u0259hsil yaln\u0131z Az\u0259rbaycan dilind\u0259 olmal\u0131d\u0131r"},"content":{"rendered":"<p>Mill\u0259t v\u0259kili, akademik\u00a0<strong>G\u00f6vh\u0259r Bax\u015f\u0259liyeva<\/strong>\u00a0yenid\u0259n rusdilli m\u0259kt\u0259bl\u0259r\u0259 mara\u011f\u0131n artmas\u0131 m\u0259s\u0259l\u0259sin\u0259 toxunub.<\/p>\n<p><strong>ARANTV.AZ<\/strong>-\u0131n x\u0259b\u0259rin\u0259 g\u00f6r\u0259, Milli M\u0259clisin\u00a0(MM) Elm v\u0259 t\u0259hsil komit\u0259sinin bu g\u00fcn ke\u00e7iril\u0259n iclas\u0131n\u0131n g\u00fcnd\u0259liyin\u0259 daxil edil\u0259n yeni \u201c\u00dcmumi t\u0259hsil haqq\u0131nda\u201d qanun layih\u0259sinin m\u00fczakir\u0259sind\u0259 \u00e7\u0131x\u0131\u015f\u0131 zaman\u0131 mill\u0259t v\u0259kili bu y\u00f6nd\u0259 tendensiyan\u0131n artmas\u0131ndan narahatl\u0131\u011f\u0131n\u0131 ifad\u0259 edib.<\/p>\n<p>\u201cBu tendensiya m\u0259ni \u015f\u0259xs\u0259n \u00e7ox narahat edir. Bu yax\u0131nlarda h\u0259tta\u00a0bel\u0259 bir m\u0259lumat a\u00e7\u0131qland\u0131 ki, rusdilli m\u0259kt\u0259bl\u0259r\u0259 \u00f6vladlar\u0131n\u0131 oxutma\u011fa g\u00f6nd\u0259rm\u0259k ist\u0259y\u0259n valideynl\u0259rimizin say\u0131 xeyli art\u0131b. Bunun m\u00fctl\u0259q k\u00f6k\u00fc, s\u0259b\u0259bl\u0259ri \u00f6yr\u0259nilm\u0259lidir.<\/p>\n<p>Bu, m\u0259ni \u00e7ox d\u00fc\u015f\u00fcnd\u00fcr\u00fcr v\u0259 narahat edir. M\u0259n he\u00e7 bir dilin, o c\u00fcml\u0259d\u0259n, rus dilinin \u0259leyhin\u0259 deyil\u0259m. Amma bununla bel\u0259, hesab edir\u0259m ki, ibtidai t\u0259hsil, orta t\u0259hsil m\u00fctl\u0259q Az\u0259rbaycan, ana dilind\u0259 olmal\u0131d\u0131r.<\/p>\n<p>Eyni zamanda, dediyim kimi, ara\u015fd\u0131r\u0131lmal\u0131, s\u0259b\u0259bl\u0259ri \u00f6yr\u0259nilm\u0259lidir ki, n\u0259y\u0259 g\u00f6r\u0259 valideynl\u0259r \u00f6z \u00f6vladlar\u0131n\u0131 rus m\u0259kt\u0259bl\u0259rind\u0259 oxutmaqda maraql\u0131d\u0131rlar.<\/p>\n<p>Bu maraq n\u0259d\u0259n ir\u0259li g\u0259lir?\u00a0Ancaq bir\u00a0m\u0259qam\u0131 bildirm\u0259k ist\u0259yir\u0259m ki, u\u015faqlar ba\u015fqa dild\u0259 oxuyanda v\u0259 dan\u0131\u015fanda art\u0131q ba\u015fqa dilin, ba\u015fqa m\u0259d\u0259niyy\u0259tin da\u015f\u0131y\u0131c\u0131lar\u0131na \u00e7evrilirl\u0259r. M\u0259n bunu orta v\u0259 ali t\u0259hsilini rus dilind\u0259 alan bir \u015f\u0259xs kimi deyir\u0259m. Onlar \u00f6z m\u0259d\u0259niyy\u0259tl\u0259rinin deyil, ba\u015fqa dill\u0259rin, ba\u015fqa m\u0259d\u0259niyy\u0259tl\u0259rin da\u015f\u0131y\u0131c\u0131lar\u0131na \u00e7evrilirl\u0259r. Bu, \u00e7ox ziyanl\u0131d\u0131r.<\/p>\n<p>B\u0259z\u0259n g\u00f6r\u00fcrs\u0259n ki, n\u0259 ana, n\u0259 ata rus dilini bilir, amma \u00f6vlad\u0131n\u0131 rusdilli m\u0259kt\u0259b\u0259 g\u00f6nd\u0259rir v\u0259 bununla da \u00f6z \u00f6vlad\u0131n\u0131 m\u0259n\u0259vi c\u0259h\u0259td\u0259n \u015fik\u0259st edir. Sabah o u\u015faq d\u0259rsini tam anlaya bilm\u0259y\u0259nd\u0259, nec\u0259 olacaq? Ona g\u00f6r\u0259 hesab edir\u0259m ki, ibtidai t\u0259hsil, orta t\u0259hsil m\u00fctl\u0259q Az\u0259rbaycan, ana dilind\u0259 olmal\u0131d\u0131r\u201d.oxu.az<\/p>\n","protected":false},"excerpt":{"rendered":"<p>Mill\u0259t v\u0259kili, akademik\u00a0G\u00f6vh\u0259r Bax\u015f\u0259liyeva\u00a0yenid\u0259n rusdilli m\u0259kt\u0259bl\u0259r\u0259 mara\u011f\u0131n artmas\u0131 m\u0259s\u0259l\u0259sin\u0259 toxunub. ARANTV.AZ-\u0131n x\u0259b\u0259rin\u0259 g\u00f6r\u0259, Milli M\u0259clisin\u00a0(MM) Elm v\u0259 t\u0259hsil komit\u0259sinin bu g\u00fcn ke\u00e7iril\u0259n iclas\u0131n\u0131n g\u00fcnd\u0259liyin\u0259 daxil edil\u0259n yeni \u201c\u00dcmumi t\u0259hsil haqq\u0131nda\u201d qanun layih\u0259sinin m\u00fczakir\u0259sind\u0259 \u00e7\u0131x\u0131\u015f\u0131 zaman\u0131 mill\u0259t v\u0259kili bu y\u00f6nd\u0259 tendensiyan\u0131n artmas\u0131ndan narahatl\u0131\u011f\u0131n\u0131 ifad\u0259 edib. \u201cBu tendensiya m\u0259ni \u015f\u0259xs\u0259n \u00e7ox narahat edir. Bu yax\u0131nlarda h\u0259tta\u00a0bel\u0259 bir m\u0259lumat a\u00e7\u0131qland\u0131 ki, rusdilli m\u0259kt\u0259bl\u0259r\u0259 \u00f6vladlar\u0131n\u0131 oxutma\u011fa g\u00f6nd\u0259rm\u0259k ist\u0259y\u0259n valideynl\u0259rimizin say\u0131 xeyli art\u0131b. Bunun m\u00fctl\u0259q k\u00f6k\u00fc, s\u0259b\u0259bl\u0259ri \u00f6yr\u0259nilm\u0259lidir. Bu, m\u0259ni \u00e7ox d\u00fc\u015f\u00fcnd\u00fcr\u00fcr v\u0259 narahat edir. M\u0259n he\u00e7 bir dilin, o c\u00fcml\u0259d\u0259n, rus dilinin \u0259leyhin\u0259 deyil\u0259m.&hellip;<\/p>\n","protected":false},"author":2,"featured_media":26115,"comment_status":"closed","ping_status":"closed","sticky":false,"template":"","format":"standard","meta":{"om_disable_all_campaigns":false,"_monsterinsights_skip_tracking":false,"_monsterinsights_sitenote_active":false,"_monsterinsights_sitenote_note":"","_monsterinsights_sitenote_category":0},"categories":[1],"tags":[],"aioseo_notices":[],"gutentor_comment":0,"rttpg_featured_image_url":{"full":["https:\/\/arantv.az\/wp-content\/uploads\/2018\/12\/school.jpg",620,413,false],"landscape":["https:\/\/arantv.az\/wp-content\/uploads\/2018\/12\/school.jpg",620,413,false],"portraits":["https:\/\/arantv.az\/wp-content\/uploads\/2018\/12\/school.jpg",620,413,false],"thumbnail":["https:\/\/arantv.az\/wp-content\/uploads\/2018\/12\/school-150x150.jpg",150,150,true],"medium":["https:\/\/arantv.az\/wp-content\/uploads\/2018\/12\/school-300x200.jpg",300,200,true],"large":["https:\/\/arantv.az\/wp-content\/uploads\/2018\/12\/school.jpg",620,413,false],"1536x1536":["https:\/\/arantv.az\/wp-content\/uploads\/2018\/12\/school.jpg",620,413,false],"2048x2048":["https:\/\/arantv.az\/wp-content\/uploads\/2018\/12\/school.jpg",620,413,false],"post-thumbnail":["https:\/\/arantv.az\/wp-content\/uploads\/2018\/12\/school-240x172.jpg",240,172,true],"advps-thumb-one":["https:\/\/arantv.az\/wp-content\/uploads\/2018\/12\/school.jpg",620,413,false]},"rttpg_author":{"display_name":"V\u00fcsal Rafiqo\u011flu","author_link":"https:\/\/arantv.az\/?author=2"},"rttpg_comment":0,"rttpg_category":"<a href=\"https:\/\/arantv.az\/?cat=1\" rel=\"category\">C\u0259miyy\u0259t<\/a>","rttpg_excerpt":"Mill\u0259t v\u0259kili, akademik\u00a0G\u00f6vh\u0259r Bax\u015f\u0259liyeva\u00a0yenid\u0259n rusdilli m\u0259kt\u0259bl\u0259r\u0259 mara\u011f\u0131n artmas\u0131 m\u0259s\u0259l\u0259sin\u0259 toxunub. ARANTV.AZ-\u0131n x\u0259b\u0259rin\u0259 g\u00f6r\u0259, Milli M\u0259clisin\u00a0(MM) Elm v\u0259 t\u0259hsil komit\u0259sinin bu g\u00fcn ke\u00e7iril\u0259n iclas\u0131n\u0131n g\u00fcnd\u0259liyin\u0259 daxil edil\u0259n yeni \u201c\u00dcmumi t\u0259hsil haqq\u0131nda\u201d qanun layih\u0259sinin m\u00fczakir\u0259sind\u0259 \u00e7\u0131x\u0131\u015f\u0131 zaman\u0131 mill\u0259t v\u0259kili bu y\u00f6nd\u0259 tendensiyan\u0131n artmas\u0131ndan narahatl\u0131\u011f\u0131n\u0131 ifad\u0259 edib. \u201cBu tendensiya m\u0259ni \u015f\u0259xs\u0259n \u00e7ox narahat edir. Bu yax\u0131nlarda h\u0259tta\u00a0bel\u0259 bir&hellip;","_links":{"self":[{"href":"https:\/\/arantv.az\/index.php?rest_route=\/wp\/v2\/posts\/26114"}],"collection":[{"href":"https:\/\/arantv.az\/index.php?rest_route=\/wp\/v2\/posts"}],"about":[{"href":"https:\/\/arantv.az\/index.php?rest_route=\/wp\/v2\/types\/post"}],"author":[{"embeddable":true,"href":"https:\/\/arantv.az\/index.php?rest_route=\/wp\/v2\/users\/2"}],"replies":[{"embeddable":true,"href":"https:\/\/arantv.az\/index.php?rest_route=%2Fwp%2Fv2%2Fcomments&post=26114"}],"version-history":[{"count":0,"href":"https:\/\/arantv.az\/index.php?rest_route=\/wp\/v2\/posts\/26114\/revisions"}],"wp:featuredmedia":[{"embeddable":true,"href":"https:\/\/arantv.az\/index.php?rest_route=\/wp\/v2\/media\/26115"}],"wp:attachment":[{"href":"https:\/\/arantv.az\/index.php?rest_route=%2Fwp%2Fv2%2Fmedia&parent=26114"}],"wp:term":[{"taxonomy":"category","embeddable":true,"href":"https:\/\/arantv.az\/index.php?rest_route=%2Fwp%2Fv2%2Fcategories&post=26114"},{"taxonomy":"post_tag","embeddable":true,"href":"https:\/\/arantv.az\/index.php?rest_route=%2Fwp%2Fv2%2Ftags&post=26114"}],"curies":[{"name":"wp","href":"https:\/\/api.w.org\/{rel}","templated":true}]}}