{"id":26133,"date":"2018-12-04T14:28:24","date_gmt":"2018-12-04T11:28:24","guid":{"rendered":"http:\/\/arantv.az\/?p=26133"},"modified":"2018-12-04T14:28:24","modified_gmt":"2018-12-04T11:28:24","slug":"prezident-ilham-%c9%99liyev-iranin-rabit%c9%99-v%c9%99-informasiya-texnologiyalari-nazirini-q%c9%99bul-edib-foto","status":"publish","type":"post","link":"https:\/\/arantv.az\/?p=26133","title":{"rendered":"Prezident \u0130lham \u018fliyev \u0130ran\u0131n rabit\u0259 v\u0259 informasiya texnologiyalar\u0131 nazirini q\u0259bul edib &#8211; FOTO"},"content":{"rendered":"<p>Az\u0259rbaycan Respublikas\u0131n\u0131n Prezidenti \u0130lham \u018fliyev dekabr\u0131n 4-d\u0259 \u0130ran \u0130slam Respublikas\u0131n\u0131n rabit\u0259 v\u0259 informasiya texnologiyalar\u0131 naziri M\u0259h\u0259mm\u0259d Cavad Az\u0259ri C\u0259hrominin ba\u015f\u00e7\u0131l\u0131q etdiyi n\u00fcmay\u0259nd\u0259 hey\u0259tini q\u0259bul edib.<\/p>\n<p><strong>ARANTV.AZ<\/strong> x\u0259b\u0259r verir ki, d\u00f6vl\u0259timizin ba\u015f\u00e7\u0131s\u0131 M\u0259h\u0259mm\u0259d Cavad Az\u0259ri C\u0259hrominin XXIV &#8220;Bakutel&#8221; Az\u0259rbaycan Beyn\u0259lxalq Telekommunikasiya, \u0130nnovasiya v\u0259 Y\u00fcks\u0259k Texnologiyalar s\u0259rgisind\u0259 i\u015ftirak\u0131ndan v\u0259 \u0130ran\u0131n bu t\u0259dbird\u0259 geni\u015f sayda \u015firk\u0259tl\u0259rl\u0259 t\u0259msil olunmas\u0131ndan m\u0259mnunlu\u011funu bildirdi. S\u0259rginin \u0259n\u0259n\u0259vi olaraq ke\u00e7irildiyini dey\u0259n Prezident \u0130lham \u018fliyev burada \u0130ran \u015firk\u0259tl\u0259rin daim i\u015ftirak etdiyini vur\u011fulad\u0131. Az\u0259rbaycanla \u0130ran\u0131n m\u00fcxt\u0259lif sah\u0259l\u0259rd\u0259, o c\u00fcml\u0259d\u0259n rabit\u0259 v\u0259 informasiya texnologiyalar\u0131 sah\u0259sind\u0259 yax\u015f\u0131 \u0259m\u0259kda\u015fl\u0131q h\u0259yata ke\u00e7irdiyini qeyd ed\u0259n d\u00f6vl\u0259timizin ba\u015f\u00e7\u0131s\u0131 m\u00fcnt\u0259z\u0259m qar\u015f\u0131l\u0131ql\u0131 s\u0259f\u0259rl\u0259rin, el\u0259c\u0259 d\u0259 nazirl\u0259r s\u0259viyy\u0259sind\u0259 t\u0259maslar\u0131n yax\u015f\u0131 s\u0259viyy\u0259d\u0259 oldu\u011funu qeyd etdi. D\u00f6vl\u0259timizin ba\u015f\u00e7\u0131s\u0131 \u0130KT sah\u0259sind\u0259 h\u0259m ikit\u0259r\u0259fli s\u0259viyy\u0259d\u0259, h\u0259m d\u0259 regional \u00e7\u0259r\u00e7iv\u0259d\u0259 \u0259m\u0259kda\u015fl\u0131q \u00fc\u00e7\u00fcn yax\u015f\u0131 imkanlar a\u00e7\u0131ld\u0131\u011f\u0131n\u0131 dedi.<\/p>\n<p>Q\u0259bula g\u00f6r\u0259 minn\u0259tdarl\u0131\u011f\u0131n\u0131 bildir\u0259n \u0130ran \u0130slam Respublikas\u0131n\u0131n rabit\u0259 v\u0259 informasiya texnologiyalar\u0131 naziri M\u0259h\u0259mm\u0259d Cavad Az\u0259ri C\u0259hromi \u00f6lk\u0259l\u0259rimiz aras\u0131nda \u0130KT sah\u0259sind\u0259 yax\u015f\u0131 \u0259m\u0259kda\u015fl\u0131q h\u0259yata ke\u00e7irildiyini bildirdi. O, \u0259m\u0259kda\u015fl\u0131\u011f\u0131n t\u0259kc\u0259 ikit\u0259r\u0259fli s\u0259viyy\u0259d\u0259 deyil, el\u0259c\u0259 d\u0259 \u0130ran, Az\u0259rbaycan, T\u00fcrkiy\u0259, Rusiya s\u0259viyy\u0259sind\u0259 geni\u015fl\u0259ndirilm\u0259si \u00fc\u00e7\u00fcn s\u0259m\u0259r\u0259li m\u00fczakir\u0259l\u0259rin apar\u0131ld\u0131\u011f\u0131n\u0131 dedi. M\u0259h\u0259mm\u0259d Cavad Az\u0259ri C\u0259hromi ke\u00e7\u0259n il Az\u0259rbaycan Prezidenti il\u0259 g\u00f6r\u00fc\u015fd\u0259n \u00f6t\u0259n d\u00f6vr \u0259rzind\u0259 \u0259m\u0259kda\u015fl\u0131\u011f\u0131n geni\u015fl\u0259ndirilm\u0259si v\u0259 layih\u0259l\u0259rin icras\u0131 il\u0259 ba\u011fl\u0131 \u00e7oxlu i\u015fl\u0259rin g\u00f6r\u00fcld\u00fcy\u00fcn\u00fc m\u0259mnunluqla qeyd etdi.<\/p>\n<p>G\u00f6r\u00fc\u015f zaman\u0131 \u0259m\u0259kda\u015fl\u0131\u011f\u0131n perspektivl\u0259ri \u0259traf\u0131nda fikir m\u00fcbadil\u0259si apar\u0131ld\u0131.<\/p>\n<p><img loading=\"lazy\" class=\"alignnone size-medium wp-image-26134\" src=\"https:\/\/arantv.az\/wp-content\/uploads\/2018\/12\/709638-300x196.jpg\" alt=\"\" width=\"300\" height=\"196\" \/><\/p>\n<p><img loading=\"lazy\" class=\"alignnone size-full wp-image-26135\" src=\"https:\/\/arantv.az\/wp-content\/uploads\/2018\/12\/709638_01.jpg\" alt=\"\" width=\"250\" height=\"157\" \/><\/p>\n<p>az\u0259rtac<\/p>\n","protected":false},"excerpt":{"rendered":"<p>Az\u0259rbaycan Respublikas\u0131n\u0131n Prezidenti \u0130lham \u018fliyev dekabr\u0131n 4-d\u0259 \u0130ran \u0130slam Respublikas\u0131n\u0131n rabit\u0259 v\u0259 informasiya texnologiyalar\u0131 naziri M\u0259h\u0259mm\u0259d Cavad Az\u0259ri C\u0259hrominin ba\u015f\u00e7\u0131l\u0131q etdiyi n\u00fcmay\u0259nd\u0259 hey\u0259tini q\u0259bul edib. ARANTV.AZ x\u0259b\u0259r verir ki, d\u00f6vl\u0259timizin ba\u015f\u00e7\u0131s\u0131 M\u0259h\u0259mm\u0259d Cavad Az\u0259ri C\u0259hrominin XXIV &#8220;Bakutel&#8221; Az\u0259rbaycan Beyn\u0259lxalq Telekommunikasiya, \u0130nnovasiya v\u0259 Y\u00fcks\u0259k Texnologiyalar s\u0259rgisind\u0259 i\u015ftirak\u0131ndan v\u0259 \u0130ran\u0131n bu t\u0259dbird\u0259 geni\u015f sayda \u015firk\u0259tl\u0259rl\u0259 t\u0259msil olunmas\u0131ndan m\u0259mnunlu\u011funu bildirdi. S\u0259rginin \u0259n\u0259n\u0259vi olaraq ke\u00e7irildiyini dey\u0259n Prezident \u0130lham \u018fliyev burada \u0130ran \u015firk\u0259tl\u0259rin daim i\u015ftirak etdiyini vur\u011fulad\u0131. Az\u0259rbaycanla \u0130ran\u0131n m\u00fcxt\u0259lif sah\u0259l\u0259rd\u0259, o c\u00fcml\u0259d\u0259n rabit\u0259 v\u0259 informasiya texnologiyalar\u0131 sah\u0259sind\u0259 yax\u015f\u0131 \u0259m\u0259kda\u015fl\u0131q h\u0259yata ke\u00e7irdiyini qeyd ed\u0259n d\u00f6vl\u0259timizin&hellip;<\/p>\n","protected":false},"author":2,"featured_media":26134,"comment_status":"closed","ping_status":"closed","sticky":false,"template":"","format":"standard","meta":{"om_disable_all_campaigns":false,"_monsterinsights_skip_tracking":false,"_monsterinsights_sitenote_active":false,"_monsterinsights_sitenote_note":"","_monsterinsights_sitenote_category":0},"categories":[8],"tags":[],"aioseo_notices":[],"gutentor_comment":0,"rttpg_featured_image_url":{"full":["https:\/\/arantv.az\/wp-content\/uploads\/2018\/12\/709638.jpg",1000,654,false],"landscape":["https:\/\/arantv.az\/wp-content\/uploads\/2018\/12\/709638.jpg",1000,654,false],"portraits":["https:\/\/arantv.az\/wp-content\/uploads\/2018\/12\/709638.jpg",1000,654,false],"thumbnail":["https:\/\/arantv.az\/wp-content\/uploads\/2018\/12\/709638-150x150.jpg",150,150,true],"medium":["https:\/\/arantv.az\/wp-content\/uploads\/2018\/12\/709638-300x196.jpg",300,196,true],"large":["https:\/\/arantv.az\/wp-content\/uploads\/2018\/12\/709638.jpg",640,419,false],"1536x1536":["https:\/\/arantv.az\/wp-content\/uploads\/2018\/12\/709638.jpg",1000,654,false],"2048x2048":["https:\/\/arantv.az\/wp-content\/uploads\/2018\/12\/709638.jpg",1000,654,false],"post-thumbnail":["https:\/\/arantv.az\/wp-content\/uploads\/2018\/12\/709638-240x172.jpg",240,172,true],"advps-thumb-one":["https:\/\/arantv.az\/wp-content\/uploads\/2018\/12\/709638-1000x620.jpg",1000,620,true]},"rttpg_author":{"display_name":"V\u00fcsal Rafiqo\u011flu","author_link":"https:\/\/arantv.az\/?author=2"},"rttpg_comment":0,"rttpg_category":"<a href=\"https:\/\/arantv.az\/?cat=8\" rel=\"category\">\u018fsas s\u0259hif\u0259<\/a>","rttpg_excerpt":"Az\u0259rbaycan Respublikas\u0131n\u0131n Prezidenti \u0130lham \u018fliyev dekabr\u0131n 4-d\u0259 \u0130ran \u0130slam Respublikas\u0131n\u0131n rabit\u0259 v\u0259 informasiya texnologiyalar\u0131 naziri M\u0259h\u0259mm\u0259d Cavad Az\u0259ri C\u0259hrominin ba\u015f\u00e7\u0131l\u0131q etdiyi n\u00fcmay\u0259nd\u0259 hey\u0259tini q\u0259bul edib. ARANTV.AZ x\u0259b\u0259r verir ki, d\u00f6vl\u0259timizin ba\u015f\u00e7\u0131s\u0131 M\u0259h\u0259mm\u0259d Cavad Az\u0259ri C\u0259hrominin XXIV &#8220;Bakutel&#8221; Az\u0259rbaycan Beyn\u0259lxalq Telekommunikasiya, \u0130nnovasiya v\u0259 Y\u00fcks\u0259k Texnologiyalar s\u0259rgisind\u0259 i\u015ftirak\u0131ndan v\u0259 \u0130ran\u0131n bu t\u0259dbird\u0259 geni\u015f sayda \u015firk\u0259tl\u0259rl\u0259 t\u0259msil olunmas\u0131ndan&hellip;","_links":{"self":[{"href":"https:\/\/arantv.az\/index.php?rest_route=\/wp\/v2\/posts\/26133"}],"collection":[{"href":"https:\/\/arantv.az\/index.php?rest_route=\/wp\/v2\/posts"}],"about":[{"href":"https:\/\/arantv.az\/index.php?rest_route=\/wp\/v2\/types\/post"}],"author":[{"embeddable":true,"href":"https:\/\/arantv.az\/index.php?rest_route=\/wp\/v2\/users\/2"}],"replies":[{"embeddable":true,"href":"https:\/\/arantv.az\/index.php?rest_route=%2Fwp%2Fv2%2Fcomments&post=26133"}],"version-history":[{"count":0,"href":"https:\/\/arantv.az\/index.php?rest_route=\/wp\/v2\/posts\/26133\/revisions"}],"wp:featuredmedia":[{"embeddable":true,"href":"https:\/\/arantv.az\/index.php?rest_route=\/wp\/v2\/media\/26134"}],"wp:attachment":[{"href":"https:\/\/arantv.az\/index.php?rest_route=%2Fwp%2Fv2%2Fmedia&parent=26133"}],"wp:term":[{"taxonomy":"category","embeddable":true,"href":"https:\/\/arantv.az\/index.php?rest_route=%2Fwp%2Fv2%2Fcategories&post=26133"},{"taxonomy":"post_tag","embeddable":true,"href":"https:\/\/arantv.az\/index.php?rest_route=%2Fwp%2Fv2%2Ftags&post=26133"}],"curies":[{"name":"wp","href":"https:\/\/api.w.org\/{rel}","templated":true}]}}