{"id":26138,"date":"2018-12-04T14:29:14","date_gmt":"2018-12-04T11:29:14","guid":{"rendered":"http:\/\/arantv.az\/?p=26138"},"modified":"2018-12-04T14:29:14","modified_gmt":"2018-12-04T11:29:14","slug":"prezident-ilham-%c9%99liyev-turkiy%c9%99nin-n%c9%99qliyyat-v%c9%99-infrastruktur-nazirinin-basciliq-etdiyi-numay%c9%99nd%c9%99-hey%c9%99tini-q%c9%99bul-edib","status":"publish","type":"post","link":"https:\/\/arantv.az\/?p=26138","title":{"rendered":"Prezident \u0130lham \u018fliyev T\u00fcrkiy\u0259nin n\u0259qliyyat v\u0259 infrastruktur nazirinin ba\u015f\u00e7\u0131l\u0131q etdiyi n\u00fcmay\u0259nd\u0259 hey\u0259tini q\u0259bul edib"},"content":{"rendered":"<p>Az\u0259rbaycan Respublikas\u0131n\u0131n Prezidenti \u0130lham \u018fliyev dekabr\u0131n 4-d\u0259 T\u00fcrkiy\u0259 Respublikas\u0131n\u0131n n\u0259qliyyat v\u0259 infrastruktur naziri Mehmet Cahit Turhan\u0131n ba\u015f\u00e7\u0131l\u0131q etdiyi n\u00fcmay\u0259nd\u0259 hey\u0259tini q\u0259bul edib.<\/p>\n<p><strong>ARANTV.AZ<\/strong> x\u0259b\u0259r verir ki, d\u00f6vl\u0259timizin ba\u015f\u00e7\u0131s\u0131 T\u00fcrkiy\u0259nin n\u0259qliyyat v\u0259 infrastruktur naziri Mehmet Cahit Turhan\u0131n XXIV &#8220;Bakutel&#8221; Az\u0259rbaycan Beyn\u0259lxalq Telekommunikasiya, \u0130nnovasiya v\u0259 Y\u00fcks\u0259k Texnologiyalar s\u0259rgisind\u0259 b\u00f6y\u00fck hey\u0259tl\u0259 i\u015ftirak\u0131ndan m\u0259mnunlu\u011funu bildirdi. Prezident \u0130lham \u018fliyev Az\u0259rbaycanla T\u00fcrkiy\u0259 aras\u0131nda ikit\u0259r\u0259fli m\u00fcnasib\u0259tl\u0259rin b\u00fct\u00fcn sah\u0259l\u0259rd\u0259, o c\u00fcml\u0259d\u0259n n\u0259qliyyat v\u0259 infrastruktur sah\u0259sind\u0259 u\u011furla inki\u015faf etdiyini bildirdi. N\u0259qliyyat sah\u0259sind\u0259 \u0259m\u0259kda\u015fl\u0131\u011f\u0131m\u0131za toxunan d\u00f6vl\u0259timizin ba\u015f\u00e7\u0131s\u0131 \u00f6lk\u0259l\u0259rimizin birg\u0259 h\u0259yata ke\u00e7irdiyi layih\u0259l\u0259rd\u0259n dan\u0131\u015faraq ke\u00e7\u0259n il istifad\u0259y\u0259 veril\u0259n Bak\u0131-Tbilis-Qars d\u0259mir yol layih\u0259sinin t\u0259kc\u0259 regionda deyil daha geni\u015f m\u0259kanda b\u00f6y\u00fck \u00f6n\u0259m da\u015f\u0131d\u0131\u011f\u0131n\u0131 vur\u011fulad\u0131. D\u00f6vl\u0259timizin ba\u015f\u00e7\u0131s\u0131 rabit\u0259 sah\u0259sind\u0259 d\u0259 \u00f6lk\u0259l\u0259rimizin birg\u0259 i\u015f birliyi apard\u0131qlar\u0131n\u0131, T\u00fcrkiy\u0259 \u015firk\u0259tl\u0259rinin bu sah\u0259d\u0259 uzun ill\u0259r f\u0259aliyy\u0259t g\u00f6st\u0259rdikl\u0259rini dedi v\u0259 rabit\u0259 sah\u0259sind\u0259 \u0259m\u0259kda\u015fl\u0131\u011f\u0131m\u0131z\u0131n daha da geni\u015fl\u0259ndirilm\u0259si \u00fc\u00e7\u00fcn b\u00f6y\u00fck perspektivl\u0259rin oldu\u011funu bildirdi.<\/p>\n<p>T\u00fcrkiy\u0259nin n\u0259qliyyat v\u0259 infrastruktur naziri Mehmet Cahit Turhan T\u00fcrkiy\u0259 Respublikas\u0131n\u0131n Prezidenti R\u0259c\u0259b Tayyib \u018frdo\u011fan\u0131n salamlar\u0131n\u0131 d\u00f6vl\u0259timizin ba\u015f\u00e7\u0131s\u0131na \u00e7atd\u0131rd\u0131. Az\u0259rbaycanla T\u00fcrkiy\u0259 aras\u0131nda \u0259laq\u0259l\u0259rin d\u0259rin tarixi k\u00f6kl\u0259r\u0259 malik oldu\u011funu vur\u011fulayan qonaq Az\u0259rbaycanda b\u00fct\u00fcn sah\u0259l\u0259rd\u0259, o c\u00fcml\u0259d\u0259n infrastruktur v\u0259 \u015f\u0259h\u0259rsalmada b\u00f6y\u00fck inki\u015faf\u0131n \u015fahidi oldu\u011funu dedi. Mehmet Cahit Turhan bildirdi ki, ulu \u00f6nd\u0259r Heyd\u0259r \u018fliyevin ifad\u0259si il\u0259 des\u0259k Az\u0259rbaycanla T\u00fcrkiy\u0259 &#8220;Bir mill\u0259t, iki d\u00f6vl\u0259t&#8221;dir v\u0259 Az\u0259rbaycan\u0131n \u0259ld\u0259 etdiyi u\u011furlar T\u00fcrkiy\u0259d\u0259 b\u00f6y\u00fck sevincl\u0259 qar\u015f\u0131lan\u0131r. T\u00fcrkiy\u0259li nazir Az\u0259rbaycanla T\u00fcrkiy\u0259nin bundan sonra da birg\u0259 u\u011furlu layih\u0259l\u0259r h\u0259yata ke\u00e7ir\u0259c\u0259kl\u0259rini m\u0259mnunluqla qeyd etdi.<\/p>\n<p>D\u00f6vl\u0259timizin ba\u015f\u00e7\u0131s\u0131 T\u00fcrkiy\u0259 Respublikas\u0131n\u0131n Prezidenti R\u0259c\u0259b Tayyib \u018frdo\u011fan\u0131n salamlar\u0131na g\u00f6r\u0259 minn\u0259tdarl\u0131\u011f\u0131n\u0131 bildirdi, onun da salamlar\u0131n\u0131 T\u00fcrkiy\u0259 Prezidentin\u0259 \u00e7atd\u0131rma\u011f\u0131 xahi\u015f etdi.az\u0259rtac<\/p>\n","protected":false},"excerpt":{"rendered":"<p>Az\u0259rbaycan Respublikas\u0131n\u0131n Prezidenti \u0130lham \u018fliyev dekabr\u0131n 4-d\u0259 T\u00fcrkiy\u0259 Respublikas\u0131n\u0131n n\u0259qliyyat v\u0259 infrastruktur naziri Mehmet Cahit Turhan\u0131n ba\u015f\u00e7\u0131l\u0131q etdiyi n\u00fcmay\u0259nd\u0259 hey\u0259tini q\u0259bul edib. ARANTV.AZ x\u0259b\u0259r verir ki, d\u00f6vl\u0259timizin ba\u015f\u00e7\u0131s\u0131 T\u00fcrkiy\u0259nin n\u0259qliyyat v\u0259 infrastruktur naziri Mehmet Cahit Turhan\u0131n XXIV &#8220;Bakutel&#8221; Az\u0259rbaycan Beyn\u0259lxalq Telekommunikasiya, \u0130nnovasiya v\u0259 Y\u00fcks\u0259k Texnologiyalar s\u0259rgisind\u0259 b\u00f6y\u00fck hey\u0259tl\u0259 i\u015ftirak\u0131ndan m\u0259mnunlu\u011funu bildirdi. Prezident \u0130lham \u018fliyev Az\u0259rbaycanla T\u00fcrkiy\u0259 aras\u0131nda ikit\u0259r\u0259fli m\u00fcnasib\u0259tl\u0259rin b\u00fct\u00fcn sah\u0259l\u0259rd\u0259, o c\u00fcml\u0259d\u0259n n\u0259qliyyat v\u0259 infrastruktur sah\u0259sind\u0259 u\u011furla inki\u015faf etdiyini bildirdi. N\u0259qliyyat sah\u0259sind\u0259 \u0259m\u0259kda\u015fl\u0131\u011f\u0131m\u0131za toxunan d\u00f6vl\u0259timizin ba\u015f\u00e7\u0131s\u0131 \u00f6lk\u0259l\u0259rimizin birg\u0259 h\u0259yata ke\u00e7irdiyi layih\u0259l\u0259rd\u0259n dan\u0131\u015faraq ke\u00e7\u0259n il istifad\u0259y\u0259 veril\u0259n Bak\u0131-Tbilis-Qars d\u0259mir yol&hellip;<\/p>\n","protected":false},"author":2,"featured_media":26139,"comment_status":"closed","ping_status":"closed","sticky":false,"template":"","format":"standard","meta":{"om_disable_all_campaigns":false,"_monsterinsights_skip_tracking":false,"_monsterinsights_sitenote_active":false,"_monsterinsights_sitenote_note":"","_monsterinsights_sitenote_category":0},"categories":[8],"tags":[],"aioseo_notices":[],"gutentor_comment":0,"rttpg_featured_image_url":{"full":["https:\/\/arantv.az\/wp-content\/uploads\/2018\/12\/709637.jpg",1000,627,false],"landscape":["https:\/\/arantv.az\/wp-content\/uploads\/2018\/12\/709637.jpg",1000,627,false],"portraits":["https:\/\/arantv.az\/wp-content\/uploads\/2018\/12\/709637.jpg",1000,627,false],"thumbnail":["https:\/\/arantv.az\/wp-content\/uploads\/2018\/12\/709637-150x150.jpg",150,150,true],"medium":["https:\/\/arantv.az\/wp-content\/uploads\/2018\/12\/709637-300x188.jpg",300,188,true],"large":["https:\/\/arantv.az\/wp-content\/uploads\/2018\/12\/709637.jpg",640,401,false],"1536x1536":["https:\/\/arantv.az\/wp-content\/uploads\/2018\/12\/709637.jpg",1000,627,false],"2048x2048":["https:\/\/arantv.az\/wp-content\/uploads\/2018\/12\/709637.jpg",1000,627,false],"post-thumbnail":["https:\/\/arantv.az\/wp-content\/uploads\/2018\/12\/709637-240x172.jpg",240,172,true],"advps-thumb-one":["https:\/\/arantv.az\/wp-content\/uploads\/2018\/12\/709637-1000x620.jpg",1000,620,true]},"rttpg_author":{"display_name":"V\u00fcsal Rafiqo\u011flu","author_link":"https:\/\/arantv.az\/?author=2"},"rttpg_comment":0,"rttpg_category":"<a href=\"https:\/\/arantv.az\/?cat=8\" rel=\"category\">\u018fsas s\u0259hif\u0259<\/a>","rttpg_excerpt":"Az\u0259rbaycan Respublikas\u0131n\u0131n Prezidenti \u0130lham \u018fliyev dekabr\u0131n 4-d\u0259 T\u00fcrkiy\u0259 Respublikas\u0131n\u0131n n\u0259qliyyat v\u0259 infrastruktur naziri Mehmet Cahit Turhan\u0131n ba\u015f\u00e7\u0131l\u0131q etdiyi n\u00fcmay\u0259nd\u0259 hey\u0259tini q\u0259bul edib. ARANTV.AZ x\u0259b\u0259r verir ki, d\u00f6vl\u0259timizin ba\u015f\u00e7\u0131s\u0131 T\u00fcrkiy\u0259nin n\u0259qliyyat v\u0259 infrastruktur naziri Mehmet Cahit Turhan\u0131n XXIV &#8220;Bakutel&#8221; Az\u0259rbaycan Beyn\u0259lxalq Telekommunikasiya, \u0130nnovasiya v\u0259 Y\u00fcks\u0259k Texnologiyalar s\u0259rgisind\u0259 b\u00f6y\u00fck hey\u0259tl\u0259 i\u015ftirak\u0131ndan m\u0259mnunlu\u011funu bildirdi. Prezident \u0130lham \u018fliyev Az\u0259rbaycanla&hellip;","_links":{"self":[{"href":"https:\/\/arantv.az\/index.php?rest_route=\/wp\/v2\/posts\/26138"}],"collection":[{"href":"https:\/\/arantv.az\/index.php?rest_route=\/wp\/v2\/posts"}],"about":[{"href":"https:\/\/arantv.az\/index.php?rest_route=\/wp\/v2\/types\/post"}],"author":[{"embeddable":true,"href":"https:\/\/arantv.az\/index.php?rest_route=\/wp\/v2\/users\/2"}],"replies":[{"embeddable":true,"href":"https:\/\/arantv.az\/index.php?rest_route=%2Fwp%2Fv2%2Fcomments&post=26138"}],"version-history":[{"count":0,"href":"https:\/\/arantv.az\/index.php?rest_route=\/wp\/v2\/posts\/26138\/revisions"}],"wp:featuredmedia":[{"embeddable":true,"href":"https:\/\/arantv.az\/index.php?rest_route=\/wp\/v2\/media\/26139"}],"wp:attachment":[{"href":"https:\/\/arantv.az\/index.php?rest_route=%2Fwp%2Fv2%2Fmedia&parent=26138"}],"wp:term":[{"taxonomy":"category","embeddable":true,"href":"https:\/\/arantv.az\/index.php?rest_route=%2Fwp%2Fv2%2Fcategories&post=26138"},{"taxonomy":"post_tag","embeddable":true,"href":"https:\/\/arantv.az\/index.php?rest_route=%2Fwp%2Fv2%2Ftags&post=26138"}],"curies":[{"name":"wp","href":"https:\/\/api.w.org\/{rel}","templated":true}]}}