{"id":26142,"date":"2018-12-04T14:32:30","date_gmt":"2018-12-04T11:32:30","guid":{"rendered":"http:\/\/arantv.az\/?p=26142"},"modified":"2018-12-04T14:32:30","modified_gmt":"2018-12-04T11:32:30","slug":"prezident-ilham-%c9%99liyev-abs-in-mudafi%c9%99-nazirliyinin-numay%c9%99nd%c9%99-hey%c9%99tini-q%c9%99bul-edib","status":"publish","type":"post","link":"https:\/\/arantv.az\/?p=26142","title":{"rendered":"Prezident \u0130lham \u018fliyev AB\u015e-\u0131n M\u00fcdafi\u0259 Nazirliyinin n\u00fcmay\u0259nd\u0259 hey\u0259tini q\u0259bul edib"},"content":{"rendered":"<p>Az\u0259rbaycan Respublikas\u0131n\u0131n Prezidenti \u0130lham \u018fliyev dekabr\u0131n 4-d\u0259 Amerika Birl\u0259\u015fmi\u015f \u015etatlar\u0131n\u0131n m\u00fcdafi\u0259 nazirinin m\u00fcavininin m\u00fc\u015faviri xan\u0131m Laura Kuperin r\u0259hb\u0259rlik etdiyi n\u00fcmay\u0259nd\u0259 hey\u0259tini q\u0259bul edib.<\/p>\n<p><strong>ARANTV.AZ<\/strong> x\u0259b\u0259r verir ki, d\u00f6vl\u0259timizin ba\u015f\u00e7\u0131s\u0131 Az\u0259rbaycanla AB\u015e aras\u0131nda \u0259m\u0259kda\u015fl\u0131\u011f\u0131n m\u00fcxt\u0259lif sah\u0259l\u0259rd\u0259 u\u011furla inki\u015faf etdiyini bildirdi. Prezident \u0130lham \u018fliyev qar\u015f\u0131l\u0131ql\u0131 s\u0259f\u0259rl\u0259rin, o c\u00fcml\u0259d\u0259n AB\u015e Prezidentinin milli t\u0259hl\u00fck\u0259sizlik m\u0259s\u0259l\u0259l\u0259ri \u00fczr\u0259 m\u00fc\u015faviri Con Boltonun v\u0259 dig\u0259r r\u0259smil\u0259rin Az\u0259rbaycana s\u0259f\u0259rl\u0259rinin m\u00fcnasib\u0259tl\u0259rimizin inki\u015faf\u0131ndak\u0131 rolunu qeyd etdi. M\u00fcdafi\u0259 sah\u0259sind\u0259 \u0259m\u0259kda\u015fl\u0131\u011f\u0131n m\u0259mnunluq do\u011furdu\u011funu dey\u0259n d\u00f6vl\u0259timizin ba\u015f\u00e7\u0131s\u0131 enerji t\u0259hl\u00fck\u0259sizliyi m\u0259s\u0259l\u0259l\u0259rinin d\u0259 ikit\u0259r\u0259fli m\u00fcnasib\u0259tl\u0259rimizin inki\u015faf\u0131nda b\u00f6y\u00fck \u00f6n\u0259m da\u015f\u0131d\u0131\u011f\u0131n\u0131 bildirdi, bu bax\u0131mdan AB\u015e h\u00f6k\u00fcm\u0259ti v\u0259 \u015f\u0259xs\u0259n AB\u015e Prezidentinin C\u0259nub Qaz D\u0259hlizi layih\u0259sinin realla\u015fmas\u0131na verdiyi d\u0259st\u0259yi y\u00fcks\u0259k qiym\u0259tl\u0259ndirdi. Prezident \u0130lham \u018fliyev Respublika G\u00fcn\u00fc v\u0259 enerji sah\u0259sind\u0259 \u0259m\u0259kda\u015fl\u0131q m\u00f6vzusunda AB\u015e Prezidentinin \u00fcnvanlad\u0131\u011f\u0131 m\u0259ktublar\u0131n da \u0259h\u0259miyy\u0259tini qeyd etdi.<\/p>\n<p>D\u00f6vl\u0259timizin ba\u015f\u00e7\u0131s\u0131 NATO \u00e7\u0259r\u00e7iv\u0259sind\u0259 d\u0259 \u0259laq\u0259l\u0259rin inki\u015faf\u0131ndan m\u0259mnunlu\u011funu bildir\u0259r\u0259k, NATO m\u0259nzil q\u0259rargah\u0131na son u\u011furlu s\u0259f\u0259rini bu t\u0259\u015fkilatla \u0259m\u0259kda\u015fl\u0131\u011f\u0131n yax\u015f\u0131 g\u00f6st\u0259ricisi kimi d\u0259y\u0259rl\u0259ndirdi. Prezident \u0130lham \u018fliyev qeyd etdi ki, \u018ffqan\u0131standak\u0131 s\u00fclhm\u0259raml\u0131 \u0259m\u0259liyyatlarda \u00f6lk\u0259mizin i\u015ftirak\u0131 v\u0259 orada Q\u0259tiyy\u0259tli D\u0259st\u0259k Missiyas\u0131nda h\u0259rb\u00e7il\u0259rimizin say\u0131n\u0131n art\u0131r\u0131lmas\u0131 Az\u0259rbaycan\u0131n bu \u00f6lk\u0259d\u0259 \u00fcmumi s\u00fclhyaratma s\u0259yl\u0259rin\u0259 verdiyi t\u00f6hf\u0259sini n\u00fcmayi\u015f etdirir. Az\u0259rbaycan\u0131n etibarl\u0131 v\u0259 sabit t\u0259r\u0259fda\u015f oldu\u011funu qeyd ed\u0259n Prezident \u0130lham \u018fliyev \u00f6lk\u0259mizin h\u0259m\u00e7inin ikit\u0259r\u0259fli \u0259sasda da \u018ffqan\u0131standa h\u0259yata ke\u00e7iril\u0259n quruculuq v\u0259 yenid\u0259nqurma i\u015fl\u0259rin\u0259 \u00f6z t\u00f6hf\u0259sini, x\u00fcsusil\u0259 ASAN xidm\u0259t t\u0259cr\u00fcb\u0259sinin \u018ffqan\u0131standa da t\u0259tbiqin\u0259 d\u0259st\u0259k verdiyini bildirdi.<\/p>\n<p>D\u00f6vl\u0259timizin ba\u015f\u00e7\u0131s\u0131 xan\u0131m Laura Kuperin s\u0259f\u0259rinin v\u0259 \u00f6lk\u0259l\u0259rimiz aras\u0131nda m\u00fcdafi\u0259 sah\u0259sind\u0259 m\u0259sl\u0259h\u0259tl\u0259\u015fm\u0259l\u0259rin \u0259m\u0259kda\u015fl\u0131\u011f\u0131m\u0131z\u0131n inki\u015faf\u0131na \u0259lav\u0259 t\u0259kan ver\u0259c\u0259yin\u0259 \u00fcmidvar oldu\u011funu bildirdi.<\/p>\n<p>\u00d6lk\u0259miz\u0259 s\u0259f\u0259rinin Az\u0259rbaycanla AB\u015e aras\u0131nda m\u00fcdafi\u0259 sah\u0259sind\u0259 \u0259m\u0259kda\u015fl\u0131q v\u0259 strateji t\u0259r\u0259fda\u015fl\u0131q \u0259laq\u0259l\u0259rinin geni\u015fl\u0259nm\u0259sinin davam etdirilm\u0259si m\u0259qs\u0259dini da\u015f\u0131d\u0131\u011f\u0131n\u0131 dey\u0259n AB\u015e M\u00fcdafi\u0259 naziri m\u00fcavininin m\u00fc\u015faviri xan\u0131m Laura Kuper qeyd etdi ki, AB\u015e r\u0259hb\u0259rliyi Az\u0259rbaycanla \u0259laq\u0259l\u0259r\u0259 m\u00fch\u00fcm \u0259h\u0259miyy\u0259t verir. Xan\u0131m Laura Kuper Az\u0259rbaycanla AB\u015e aras\u0131nda terrorizm, k\u00fctl\u0259vi q\u0131r\u011f\u0131n silahlar\u0131 v\u0259 narkotik madd\u0259l\u0259rin yay\u0131lmas\u0131n\u0131n qar\u015f\u0131s\u0131n\u0131n al\u0131nmas\u0131 v\u0259 \u00fcmumilikd\u0259 t\u0259hl\u00fck\u0259sizlik sah\u0259sind\u0259 \u0259m\u0259kda\u015fl\u0131\u011f\u0131, Az\u0259rbaycan\u0131n \u018ffqan\u0131standa h\u0259yata ke\u00e7iril\u0259n s\u00fclhyaratma missiyas\u0131na d\u0259st\u0259yini v\u0259 tranzit da\u015f\u0131malar\u0131 \u00fc\u00e7\u00fcn yaratd\u0131\u011f\u0131 imkanlar\u0131 y\u00fcks\u0259k qiym\u0259tl\u0259ndirdi.<\/p>\n","protected":false},"excerpt":{"rendered":"<p>Az\u0259rbaycan Respublikas\u0131n\u0131n Prezidenti \u0130lham \u018fliyev dekabr\u0131n 4-d\u0259 Amerika Birl\u0259\u015fmi\u015f \u015etatlar\u0131n\u0131n m\u00fcdafi\u0259 nazirinin m\u00fcavininin m\u00fc\u015faviri xan\u0131m Laura Kuperin r\u0259hb\u0259rlik etdiyi n\u00fcmay\u0259nd\u0259 hey\u0259tini q\u0259bul edib. ARANTV.AZ x\u0259b\u0259r verir ki, d\u00f6vl\u0259timizin ba\u015f\u00e7\u0131s\u0131 Az\u0259rbaycanla AB\u015e aras\u0131nda \u0259m\u0259kda\u015fl\u0131\u011f\u0131n m\u00fcxt\u0259lif sah\u0259l\u0259rd\u0259 u\u011furla inki\u015faf etdiyini bildirdi. Prezident \u0130lham \u018fliyev qar\u015f\u0131l\u0131ql\u0131 s\u0259f\u0259rl\u0259rin, o c\u00fcml\u0259d\u0259n AB\u015e Prezidentinin milli t\u0259hl\u00fck\u0259sizlik m\u0259s\u0259l\u0259l\u0259ri \u00fczr\u0259 m\u00fc\u015faviri Con Boltonun v\u0259 dig\u0259r r\u0259smil\u0259rin Az\u0259rbaycana s\u0259f\u0259rl\u0259rinin m\u00fcnasib\u0259tl\u0259rimizin inki\u015faf\u0131ndak\u0131 rolunu qeyd etdi. M\u00fcdafi\u0259 sah\u0259sind\u0259 \u0259m\u0259kda\u015fl\u0131\u011f\u0131n m\u0259mnunluq do\u011furdu\u011funu dey\u0259n d\u00f6vl\u0259timizin ba\u015f\u00e7\u0131s\u0131 enerji t\u0259hl\u00fck\u0259sizliyi m\u0259s\u0259l\u0259l\u0259rinin d\u0259 ikit\u0259r\u0259fli m\u00fcnasib\u0259tl\u0259rimizin inki\u015faf\u0131nda b\u00f6y\u00fck \u00f6n\u0259m da\u015f\u0131d\u0131\u011f\u0131n\u0131 bildirdi, bu bax\u0131mdan AB\u015e h\u00f6k\u00fcm\u0259ti v\u0259 \u015f\u0259xs\u0259n&hellip;<\/p>\n","protected":false},"author":2,"featured_media":26143,"comment_status":"closed","ping_status":"closed","sticky":false,"template":"","format":"standard","meta":{"om_disable_all_campaigns":false,"_monsterinsights_skip_tracking":false,"_monsterinsights_sitenote_active":false,"_monsterinsights_sitenote_note":"","_monsterinsights_sitenote_category":0},"categories":[8],"tags":[],"aioseo_notices":[],"gutentor_comment":0,"rttpg_featured_image_url":{"full":["https:\/\/arantv.az\/wp-content\/uploads\/2018\/12\/709636.jpg",996,669,false],"landscape":["https:\/\/arantv.az\/wp-content\/uploads\/2018\/12\/709636.jpg",996,669,false],"portraits":["https:\/\/arantv.az\/wp-content\/uploads\/2018\/12\/709636.jpg",996,669,false],"thumbnail":["https:\/\/arantv.az\/wp-content\/uploads\/2018\/12\/709636-150x150.jpg",150,150,true],"medium":["https:\/\/arantv.az\/wp-content\/uploads\/2018\/12\/709636-300x202.jpg",300,202,true],"large":["https:\/\/arantv.az\/wp-content\/uploads\/2018\/12\/709636.jpg",640,430,false],"1536x1536":["https:\/\/arantv.az\/wp-content\/uploads\/2018\/12\/709636.jpg",996,669,false],"2048x2048":["https:\/\/arantv.az\/wp-content\/uploads\/2018\/12\/709636.jpg",996,669,false],"post-thumbnail":["https:\/\/arantv.az\/wp-content\/uploads\/2018\/12\/709636-240x172.jpg",240,172,true],"advps-thumb-one":["https:\/\/arantv.az\/wp-content\/uploads\/2018\/12\/709636-996x620.jpg",996,620,true]},"rttpg_author":{"display_name":"V\u00fcsal Rafiqo\u011flu","author_link":"https:\/\/arantv.az\/?author=2"},"rttpg_comment":0,"rttpg_category":"<a href=\"https:\/\/arantv.az\/?cat=8\" rel=\"category\">\u018fsas s\u0259hif\u0259<\/a>","rttpg_excerpt":"Az\u0259rbaycan Respublikas\u0131n\u0131n Prezidenti \u0130lham \u018fliyev dekabr\u0131n 4-d\u0259 Amerika Birl\u0259\u015fmi\u015f \u015etatlar\u0131n\u0131n m\u00fcdafi\u0259 nazirinin m\u00fcavininin m\u00fc\u015faviri xan\u0131m Laura Kuperin r\u0259hb\u0259rlik etdiyi n\u00fcmay\u0259nd\u0259 hey\u0259tini q\u0259bul edib. ARANTV.AZ x\u0259b\u0259r verir ki, d\u00f6vl\u0259timizin ba\u015f\u00e7\u0131s\u0131 Az\u0259rbaycanla AB\u015e aras\u0131nda \u0259m\u0259kda\u015fl\u0131\u011f\u0131n m\u00fcxt\u0259lif sah\u0259l\u0259rd\u0259 u\u011furla inki\u015faf etdiyini bildirdi. Prezident \u0130lham \u018fliyev qar\u015f\u0131l\u0131ql\u0131 s\u0259f\u0259rl\u0259rin, o c\u00fcml\u0259d\u0259n AB\u015e Prezidentinin milli t\u0259hl\u00fck\u0259sizlik m\u0259s\u0259l\u0259l\u0259ri \u00fczr\u0259 m\u00fc\u015faviri Con Boltonun&hellip;","_links":{"self":[{"href":"https:\/\/arantv.az\/index.php?rest_route=\/wp\/v2\/posts\/26142"}],"collection":[{"href":"https:\/\/arantv.az\/index.php?rest_route=\/wp\/v2\/posts"}],"about":[{"href":"https:\/\/arantv.az\/index.php?rest_route=\/wp\/v2\/types\/post"}],"author":[{"embeddable":true,"href":"https:\/\/arantv.az\/index.php?rest_route=\/wp\/v2\/users\/2"}],"replies":[{"embeddable":true,"href":"https:\/\/arantv.az\/index.php?rest_route=%2Fwp%2Fv2%2Fcomments&post=26142"}],"version-history":[{"count":0,"href":"https:\/\/arantv.az\/index.php?rest_route=\/wp\/v2\/posts\/26142\/revisions"}],"wp:featuredmedia":[{"embeddable":true,"href":"https:\/\/arantv.az\/index.php?rest_route=\/wp\/v2\/media\/26143"}],"wp:attachment":[{"href":"https:\/\/arantv.az\/index.php?rest_route=%2Fwp%2Fv2%2Fmedia&parent=26142"}],"wp:term":[{"taxonomy":"category","embeddable":true,"href":"https:\/\/arantv.az\/index.php?rest_route=%2Fwp%2Fv2%2Fcategories&post=26142"},{"taxonomy":"post_tag","embeddable":true,"href":"https:\/\/arantv.az\/index.php?rest_route=%2Fwp%2Fv2%2Ftags&post=26142"}],"curies":[{"name":"wp","href":"https:\/\/api.w.org\/{rel}","templated":true}]}}