{"id":26151,"date":"2018-12-04T16:20:24","date_gmt":"2018-12-04T13:20:24","guid":{"rendered":"http:\/\/arantv.az\/?p=26151"},"modified":"2018-12-04T16:20:24","modified_gmt":"2018-12-04T13:20:24","slug":"hikm%c9%99t-haciyev-az%c9%99rbaycan-erm%c9%99nistandaki-seckid%c9%99n-sonra-minsk-qrupunun-h%c9%99ms%c9%99drl%c9%99rinin-t%c9%99klif-etdiyi-substantiv-intensiv-danisiqlara-hazirdir","status":"publish","type":"post","link":"https:\/\/arantv.az\/?p=26151","title":{"rendered":"Hikm\u0259t Hac\u0131yev: &#8220;Az\u0259rbaycan Erm\u0259nistandak\u0131 se\u00e7kid\u0259n sonra Minsk qrupunun h\u0259ms\u0259drl\u0259rinin t\u0259klif etdiyi substantiv, intensiv dan\u0131\u015f\u0131qlara haz\u0131rd\u0131r&#8221;"},"content":{"rendered":"<p><em><strong>ARANTV.AZ<\/strong> trend-\u0259 istinad\u0259n Az\u0259rbaycan Prezidenti Administrasiyas\u0131n\u0131n Xarici siyas\u0259t m\u0259s\u0259l\u0259l\u0259ri \u015f\u00f6b\u0259sinin m\u00fcdiri Hikm\u0259t Hac\u0131yevin Br\u00fcsseld\u0259 d\u0259rc olunan n\u00fcfuzlu &#8220;Euractiv&#8221; q\u0259zetin\u0259\u00a0<\/em>m\u00fcsahib\u0259sini<em>\u00a0t\u0259qdim edir.<\/em><\/p>\n<p><strong>&#8211; Postsovet m\u0259kan\u0131nda bir ne\u00e7\u0259 &#8220;dondurulmu\u015f m\u00fcnaqi\u015f\u0259&#8221; var. Amma onlar\u0131n b\u0259zil\u0259rini &#8220;dondurulmu\u015f&#8221; hesab etm\u0259k olmaz. \u00c7\u00fcnki bu m\u00fcnaqi\u015f\u0259l\u0259rd\u0259 h\u0259l\u0259 d\u0259 silahlardan istifad\u0259 olunur, insanlar h\u0259yat\u0131n\u0131 itirir. Da\u011fl\u0131q Qaraba\u011f da bel\u0259 m\u00fcnaqi\u015f\u0259l\u0259rd\u0259n biridir. Erm\u0259nistanda yeni ba\u015f nazirin hakimiyy\u0259t\u0259 g\u0259li\u015find\u0259n sonra bu istiqam\u0259td\u0259 hans\u0131sa d\u0259yi\u015fiklikl\u0259r olubmu? M\u00fcnaqi\u015f\u0259nin h\u0259llind\u0259 m\u00fcsb\u0259t iinki\u015fafa \u00fcmid varm\u0131?<\/strong><\/p>\n<p>&#8211; Bu il noyabr\u0131n 11-d\u0259 Birinci D\u00fcnya m\u00fcharib\u0259sinin ba\u015fa \u00e7atmas\u0131n\u0131n 100-c\u00fc ild\u00f6n\u00fcm\u00fc qeyd olunub. T\u0259\u0259ss\u00fcfl\u0259 qeyd etm\u0259k laz\u0131md\u0131r ki, bu g\u00fcn Avropada, Az\u0259rbaycan\u0131n i\u015f\u011fal alt\u0131ndak\u0131 \u0259razil\u0259ri boyunca Birinci D\u00fcnya m\u00fcharib\u0259sini xat\u0131rladan s\u0259ng\u0259rl\u0259r var.<\/p>\n<p>Buna g\u00f6r\u0259 sizinl\u0259 raz\u0131yam. Bu m\u00fcnaqi\u015f\u0259ni metaforik olaraq &#8220;dondurulmu\u015f&#8221; hesab ed\u0259nl\u0259r yan\u0131l\u0131r. Birinci v\u0259 \u0130kinci D\u00fcnya m\u00fcharib\u0259si g\u00f6st\u0259rib ki, d\u00f6vl\u0259tl\u0259rin suverenliyin\u0259 v\u0259 \u0259razi b\u00fct\u00f6vl\u00fcy\u00fcn\u0259 qar\u015f\u0131 g\u00fccd\u0259n istifad\u0259nin d\u0259h\u015f\u0259tli f\u0259sadlar\u0131 olur. Odur ki, d\u00f6vl\u0259tl\u0259rin beyn\u0259lxalq birlik t\u0259r\u0259find\u0259n tan\u0131nm\u0131\u015f s\u0259rh\u0259dl\u0259rinin d\u0259yi\u015fdirilm\u0259sin\u0259 c\u0259hd q\u0259buledilm\u0259zdir.<\/p>\n<p>\u018fg\u0259r Erm\u0259nistandak\u0131 yeni h\u00f6kum\u0259t sivil d\u00f6vl\u0259t qurmaq, \u0259halisini layiqli h\u0259yatla t\u0259min etm\u0259k niyy\u0259tind\u0259dirs\u0259, r\u0259smi Yerevan \u00fcz\u0259rin\u0259 g\u00f6t\u00fcrd\u00fcy\u00fc beyn\u0259lxalq \u00f6hd\u0259likl\u0259ri yerin\u0259 yetirm\u0259li, BMT T\u0259hl\u00fck\u0259sizlik \u015euras\u0131n\u0131n q\u0259tnam\u0259l\u0259rind\u0259 t\u0259l\u0259b olundu\u011fu kimi, qo\u015funlar\u0131n\u0131 Az\u0259rbaycan\u0131n i\u015f\u011fal alt\u0131ndak\u0131 \u0259razil\u0259rind\u0259n \u00e7\u0131xarmal\u0131d\u0131r. Bundan \u0259lav\u0259, az\u0259rbaycanl\u0131 m\u0259cburi k\u00f6\u00e7k\u00fcnl\u0259r do\u011fma torpaqlar\u0131na qay\u0131tmal\u0131, \u0259dal\u0259t b\u0259rpa olunmal\u0131d\u0131r. \u018fdal\u0259t olmadan s\u00fclh\u00fc t\u0259min etm\u0259k m\u00fcmk\u00fcn deyil.<\/p>\n<p>Erm\u0259nistan qon\u015fu \u00f6lk\u0259l\u0259rl\u0259 s\u00fclh \u015f\u0259raitind\u0259 ya\u015fama\u011f\u0131 \u00f6yr\u0259nm\u0259lidir. O, h\u0259rbi t\u0259cav\u00fcz\u00fc, \u0259razi iddialar\u0131n\u0131 v\u0259 \u00f6z-\u00f6z\u00fcn\u00fc t\u0259crid etm\u0259yi dayand\u0131rmal\u0131d\u0131r. Yaln\u0131z bundan sonra h\u0259rbi riskl\u0259ri aradan qald\u0131rmaq, i\u015f\u011falla \u0259saslanan status-kvonu d\u0259yi\u015fdirm\u0259k olar. N\u0259tic\u0259d\u0259 m\u00fcnaqi\u015f\u0259nin siyasi yolla h\u0259llin\u0259 imkan yaranar.<\/p>\n<p>Yeri g\u0259lmi\u015fk\u0259n, AT\u018fT-in Minsk qrupunun h\u0259ms\u0259dri olan d\u00f6vl\u0259tl\u0259r (Fransa, Rusiya, AB\u015e) bu m\u00fcnaqi\u015f\u0259 il\u0259 ba\u011fl\u0131 status-kvonun d\u0259yi\u015fdirilm\u0259sin\u0259 ehtiyac oldu\u011funu h\u0259tta prezidentl\u0259r s\u0259viyy\u0259sind\u0259 d\u0259f\u0259l\u0259rl\u0259 vur\u011fulay\u0131blar. Erm\u0259nistandak\u0131 yeni h\u00f6kum\u0259td\u0259n d\u0259 bunu g\u00f6zl\u0259yirik. Onlar \u0259vv\u0259lki h\u0259rbi xunta rejiminin s\u0259hvl\u0259rini t\u0259krarlamamal\u0131d\u0131r.<\/p>\n<p>Bu ilin sentyabr\u0131nda D\u00fc\u015f\u0259nb\u0259d\u0259 MDB D\u00f6vl\u0259t Ba\u015f\u00e7\u0131lar\u0131 \u015euras\u0131n\u0131n iclas\u0131 \u0259snas\u0131nda Az\u0259rbaycan Prezidenti il\u0259 Erm\u0259nistan\u0131n ba\u015f naziri aras\u0131nda s\u00f6hb\u0259t olub. N\u0259tic\u0259d\u0259 Az\u0259rbaycan konstruktiv m\u00f6vqeyini, m\u00fcnaqi\u015f\u0259nin dan\u0131\u015f\u0131qlar yolu il\u0259 h\u0259llind\u0259 q\u0259tiyy\u0259tini bir daha n\u00fcmayi\u015f etdirib. At\u0259\u015fk\u0259s rejiminin g\u00fccl\u0259ndirilm\u0259si, a\u015fa\u011f\u0131 s\u0259viyy\u0259l\u0259rd\u0259 kommunikasiyan\u0131n yarad\u0131lmas\u0131, dan\u0131\u015f\u0131qlara dair \u00f6hd\u0259likl\u0259rin t\u0259min edilm\u0259si il\u0259 ba\u011fl\u0131 \u015fifahi raz\u0131l\u0131q \u0259ld\u0259 olunub.<\/p>\n<p>Az\u0259rbaycan Erm\u0259nistandak\u0131 se\u00e7kid\u0259n sonra AT\u018fT-in Minsk qrupunun h\u0259ms\u0259drl\u0259rinin t\u0259klif etdiyi v\u0259 d\u0259st\u0259kl\u0259diyi substantiv, intensiv dan\u0131\u015f\u0131qlara haz\u0131rd\u0131r. Amma t\u0259\u0259ss\u00fcf ki, Bak\u0131n\u0131n konstruktiv v\u0259 xo\u015fniyy\u0259tli m\u00f6vqeyin\u0259 r\u0259\u011fm\u0259n, Yerevan Az\u0259rbaycan\u0131n i\u015f\u011fal alt\u0131ndak\u0131 \u0259razil\u0259rind\u0259 qeyri-qanuni f\u0259aliyy\u0259tini davam etdirir. Bu, dan\u0131\u015f\u0131qlar \u00fc\u00e7\u00fcn \u0259lveri\u015fli m\u00fchitin yarad\u0131lmas\u0131na ciddi z\u0259rb\u0259 vurur.<\/p>\n<p><strong>&#8211; Erm\u0259nsitan\u0131n Az\u0259rbaycanda ciddi narahatl\u0131q yaradan f\u0259aliyy\u0259tin\u0259 misal g\u00f6st\u0259r\u0259 bil\u0259rsinizmi?<\/strong><\/p>\n<p>&#8211; Erm\u0259nistan Az\u0259rbaycan\u0131n i\u015f\u011fal alt\u0131ndak\u0131 \u0259razil\u0259rind\u0259 anneksiya siyas\u0259ti y\u00fcr\u00fcd\u00fcr, qeyri-qanuni f\u0259aliyy\u0259tl\u0259r h\u0259yata ke\u00e7irir. Bununla o, i\u015f\u011fal \u0259saslanan status-kvonu m\u00f6hk\u0259nl\u0259ndirm\u0259y\u0259 \u00e7al\u0131\u015f\u0131r. R\u0259smi Bak\u0131da x\u00fcsusil\u0259 ciddi narahatl\u0131q yaradan m\u0259s\u0259l\u0259 Suriya erm\u0259nil\u0259rinin i\u015f\u011fal alt\u0131ndak\u0131 \u0259razil\u0259rd\u0259 m\u0259skunla\u015fd\u0131r\u0131lmas\u0131, bu \u0259razil\u0259rd\u0259 demoqrafik v\u0259ziyy\u0259tin s\u00fcni \u015f\u0259kild\u0259 d\u0259yi\u015fdirilm\u0259sidir. Humanitar h\u00fcquqa v\u0259 Cenevr\u0259 Konvensiyalar\u0131na \u0259sas\u0259n, i\u015f\u011fal edilmi\u015f \u0259razil\u0259rd\u0259 qeyri-qanuni f\u0259aliyy\u0259t qada\u011fand\u0131r. \u0130\u015f\u011fal alt\u0131ndak\u0131 \u0259razil\u0259rd\u0259 mineral s\u0259rv\u0259tl\u0259rin istismar\u0131 v\u0259 onlar\u0131n \u0130qtisadi \u018fm\u0259kda\u015fl\u0131q v\u0259 \u0130nki\u015faf T\u0259\u015fkilat\u0131 \u00fczv \u00f6lk\u0259l\u0259rin\u0259 qeyri-\u015f\u0259ffaf \u015f\u0259kild\u0259 ixrac edilm\u0259si d\u0259 ciddi narahatl\u0131q yarad\u0131r. Bununla yana\u015f\u0131, Erm\u0259nistan i\u015f\u011fal etdiyi \u0259razil\u0259rd\u0259 Az\u0259rbaycan xalq\u0131n\u0131n \u0259srl\u0259rl\u0259 m\u00f6vcud olan m\u0259d\u0259ni irsini m\u0259hv edir. Onlardan b\u0259zil\u0259rinin b\u0259rpas\u0131 art\u0131q m\u00fcmk\u00fcn deyil. S\u00fclh prosesin\u0259 x\u0259l\u0259l g\u0259tirm\u0259kl\u0259 b\u0259rab\u0259r, Az\u0259rbaycan\u0131n i\u015f\u011fal alt\u0131ndak\u0131 \u0259razil\u0259rin\u0259 qeyri-qanuni s\u0259f\u0259rl\u0259r v\u0259 bu \u0259razil\u0259rd\u0259 qanunsuz \u0259m\u0259ll\u0259rin h\u0259yata ke\u00e7irilm\u0259si etnik t\u0259mizl\u0259m\u0259y\u0259 m\u0259ruz qalm\u0131\u015f 1 milyondan \u00e7ox az\u0259rbaycanl\u0131 m\u0259cburi k\u00f6\u00e7k\u00fcn v\u0259 qa\u00e7q\u0131n\u0131n kollektiv h\u00fcquqlar\u0131n\u0131n pozulmas\u0131d\u0131r.<\/p>\n<p><strong>&#8211; R\u0259smi Bak\u0131 b\u00fct\u00fcn \u0259sas qlobal \u00f6lk\u0259l\u0259rl\u0259 yax\u015f\u0131 \u0259laq\u0259l\u0259r\u0259 \u0259saslanan siyas\u0259t y\u00fcr\u00fcd\u00fcr. Lakin qlobal \u00f6lk\u0259l\u0259r aras\u0131nda m\u00fcnasib\u0259tl\u0259r daha da pisl\u0259\u015fir: AB\u015e il\u0259 Avropa \u0130ttifaq\u0131 aras\u0131nda m\u00fcnasib\u0259tl\u0259r indiy\u0259d\u0259k olmad\u0131\u011f\u0131 q\u0259d\u0259r pisdir, Va\u015finqtonla Pekin aras\u0131nda \u0259laq\u0259l\u0259rd\u0259 probleml\u0259r var, Rusiya il\u0259 Q\u0259rb \u00f6lk\u0259l\u0259ri aras\u0131ndak\u0131 m\u00fcnasib\u0259tl\u0259r narahatedicidir. Bug\u00fcnk\u00fc v\u0259ziyy\u0259ti nec\u0259 qiym\u0259tl\u0259ndirirsiniz? Bu, Az\u0259rbaycan \u00fc\u00e7\u00fcn nec\u0259 n\u0259tic\u0259l\u0259n\u0259 bil\u0259r? \u00d6lk\u0259nizin beyn\u0259lxalq s\u0259viyy\u0259d\u0259 rolu nec\u0259 olacaq?<\/strong><\/p>\n<p>&#8211; Beyn\u0259lxalq m\u00fcnasib\u0259tl\u0259rd\u0259 artan g\u0259rginlik v\u0259 ziddiyy\u0259t beyn\u0259lxalq ictimaiyy\u0259tinin m\u0259suliyy\u0259tli \u00fczv\u00fc olan Az\u0259rbaycan\u0131 da narahat edir. \u00c7\u00fcnki r\u0259smi Bak\u0131 qanunlara \u0259saslanan beyn\u0259lxalq siyasi v\u0259 iqtisadi d\u00fcz\u0259ni d\u0259st\u0259kl\u0259yir. Bununla yana\u015f\u0131, o, \u00e7ox\u015fax\u0259li beyn\u0259lxalq m\u00fcnasib\u0259tl\u0259rin v\u0259 \u0259m\u0259kda\u015fl\u0131\u011f\u0131n t\u0259r\u0259fdar\u0131d\u0131r.<\/p>\n<p>Az\u0259rbaycan universal t\u0259sisatlarla ba\u011fl\u0131 islahatlar\u0131n v\u0259 onlar\u0131n m\u00fcasir d\u00f6vr\u0259 uy\u011funla\u015fd\u0131r\u0131lmas\u0131n\u0131n sadiq t\u0259r\u0259fdar\u0131d\u0131r. Bak\u0131 2019-2022-ci ill\u0259rd\u0259 Qo\u015fulmama H\u0259r\u0259kat\u0131na s\u0259drlik ed\u0259c\u0259k (Qo\u015fulmama H\u0259r\u0259kat\u0131 120 \u00f6lk\u0259ni birl\u0259\u015fdir\u0259n beyn\u0259lxalq t\u0259sisatd\u0131r. Bu t\u0259\u015fkilata \u00fczv \u00f6lk\u0259l\u0259r he\u00e7 bir h\u0259rbi bloka qo\u015fulmur). Beyn\u0259lxalq s\u00fclh v\u0259 t\u0259hl\u00fck\u0259sizlik m\u0259s\u0259l\u0259l\u0259ri Qo\u015fulmama H\u0259r\u0259kat\u0131n\u0131n g\u00fcnd\u0259mind\u0259 olan prioritet m\u00f6vzulard\u0131r. Az\u0259rbaycan\u0131n s\u0259drliyi d\u00f6vr\u00fcnd\u0259 bu h\u0259d\u0259fl\u0259r\u0259 t\u00f6hf\u0259 verm\u0259si \u00fc\u00e7\u00fcn g\u00fccl\u00fc irad\u0259si var. Az\u0259rbaycan ziddiyy\u0259tl\u0259rd\u0259n uzaq durur v\u0259 ikit\u0259r\u0259fli s\u0259m\u0259r\u0259li \u0259m\u0259kda\u015fl\u0131q formalar\u0131 il\u0259 \u00f6z n\u00fcmun\u0259sini t\u0259qdim edir. Bu g\u00fcn \u00f6lk\u0259miz qlobal s\u00fclh platformas\u0131 rolunu oynay\u0131r. M\u00fcxt\u0259lif m\u00f6vqel\u0259ri olan \u00f6lk\u0259l\u0259r Az\u0259rbaycanda ortaq m\u0259xr\u0259c tap\u0131r. M\u0259s\u0259l\u0259n, Rusiya, AB\u015e v\u0259 NATO-nun h\u0259rbi liderl\u0259ri m\u00fcnt\u0259z\u0259m olaraq Bak\u0131da g\u00f6r\u00fc\u015f\u00fcr.<\/p>\n<p>Yeri g\u0259lmi\u015fk\u0259n, sual\u0131n\u0131z m\u0259n\u0259 prezident \u0130lham \u018fliyevin \u015eimali Atlantika \u015euras\u0131n\u0131n iclas\u0131ndak\u0131 s\u00f6zl\u0259rini xat\u0131rlatd\u0131. D\u00f6vl\u0259timizin ba\u015f\u00e7\u0131s\u0131 o zaman demi\u015fdi: &#8220;Biz dostlar\u0131m\u0131z\u0131n da bir-biri il\u0259 dost olmas\u0131n\u0131 ist\u0259rdik&#8221;. Bu b\u0259yanat q\u00fcvv\u0259d\u0259 qal\u0131r.<\/p>\n<p><strong>&#8211; &#8220;Bir k\u0259m\u0259r &#8211; bir yol&#8221; t\u0259\u015f\u0259bb\u00fcs\u00fc Az\u0259rbaycan \u00fc\u00e7\u00fcn n\u0259 q\u0259d\u0259r vacibdir? \u018fl\u0259td\u0259ki Beyn\u0259lxalq D\u0259niz Ticar\u0259t Liman\u0131 \u015f\u00fcbh\u0259siz ki, bu b\u00f6y\u00fck mozaikan\u0131n bir hiss\u0259sidir. Amma Avropa \u0130ttifaq\u0131 \u00c7inin bu plan\u0131ndan narahatd\u0131r v\u0259 bununla ba\u011fl\u0131 Pekin\u0259 \u00f6z t\u0259klifini verib. \u00d6lk\u0259l\u0259r \u00fc\u00e7\u00fcn udu\u015flu plan nec\u0259 ola bil\u0259r?<\/strong><\/p>\n<p>&#8211; Az\u0259rbaycan tarix\u0259n q\u0259dim \u0130p\u0259k Yolunun bir hiss\u0259si olub. \u00d6lk\u0259nin tarixi t\u0259cr\u00fcb\u0259sin\u0259, co\u011frafi m\u00f6vqeyin\u0259, h\u0259m\u00e7inin Az\u0259rbaycan\u0131n qlobal ticar\u0259t\u0259 t\u00f6hf\u0259 verm\u0259k \u0259zmin\u0259 g\u00f6r\u0259 r\u0259smi Bak\u0131 bel\u0259 layih\u0259l\u0259rd\u0259 f\u0259al i\u015ftirak edir. Bununla yana\u015f\u0131, o, ba\u011flant\u0131 v\u0259 uzla\u015fmalarla \u0259laq\u0259dar m\u00fcxt\u0259lif modell\u0259rin yarad\u0131lmas\u0131na t\u00f6hf\u0259 verir. Bu g\u00fcn \u00f6lk\u0259miz regionda \u0259n m\u00fcasir infrastruktura malik d\u00f6vl\u0259tdir. Buraya \u0130p\u0259k Yolunun yer\u00fcst\u00fc, hava, d\u0259niz v\u0259 d\u0259mir yol komponentl\u0259ri daxildir. Bak\u0131-Tbilisi-Qars d\u0259mir yolunun istismara verilm\u0259si bunun \u0259n bariz n\u00fcmun\u0259sidir. \u00c7in &#8220;Bir k\u0259m\u0259r &#8211; bir yol&#8221; t\u0259\u015f\u0259bb\u00fcs\u00fcn\u00fc ir\u0259li s\u00fcrd\u00fckd\u0259n etibar\u0259n Az\u0259rbaycan bu layih\u0259ni d\u0259st\u0259kl\u0259yir. Bununla yana\u015f\u0131, \u00f6lk\u0259miz A\u0130-nin uzla\u015fma v\u0259 ba\u011flant\u0131larla \u0259laq\u0259li konsepsiyas\u0131n\u0131 da t\u0259qdir edir. N\u0259qliyyat d\u0259hlizl\u0259rinin yarad\u0131lmas\u0131 t\u0259kc\u0259 y\u00fck da\u015f\u0131nmas\u0131 dem\u0259k deyil. \u018flb\u0259tt\u0259 ki, bu, daha b\u00f6y\u00fck anlam k\u0259sb edir. \u00c7\u00fcnki q\u0259dim \u0130p\u0259k Yolu g\u00f6st\u0259rib ki, bu, sivilizasiyalar\u0131n, m\u0259d\u0259niyy\u0259tl\u0259rin \u0259m\u0259kda\u015fl\u0131\u011f\u0131 v\u0259 qar\u015f\u0131l\u0131ql\u0131 z\u0259nginl\u0259\u015fm\u0259sidir. Az\u0259rbaycan is\u0259 m\u00fcasir infrastrukturu v\u0259 geni\u015f regionlara \u00e7\u0131x\u0131\u015f imkanlar\u0131 say\u0259sind\u0259 &#8220;\u015e\u0259rq-Q\u0259rb&#8221; layih\u0259si vasit\u0259sil\u0259 \u00c7in v\u0259 Avropa bazarlar\u0131n\u0131n birl\u0259\u015fm\u0259sin\u0259 t\u00f6hf\u0259 verir. Bu layih\u0259 il\u0259 \u00c7ind\u0259n Avropaya \u0259n q\u0131sa v\u0259 s\u0259rf\u0259li vaxtda y\u00fck da\u015f\u0131nmas\u0131 m\u00fcmk\u00fcn olacaq. Bununla \u00e7ox sayda i\u015f yerl\u0259ri yarad\u0131lacaq, \u00f6lk\u0259l\u0259r \u00e7i\u00e7\u0259kl\u0259n\u0259c\u0259k v\u0259 sabitlik olacaq. \u00d6lk\u0259l\u0259r \u00fc\u00e7\u00fcn udu\u015flu plan m\u0259hz budur.<\/p>\n<p><strong>&#8211; Az\u0259rbaycan h\u0259m co\u011frafi, h\u0259m d\u0259 dig\u0259r x\u00fcsusiyy\u0259tl\u0259r\u0259 g\u00f6r\u0259 T\u00fcrkiy\u0259 v\u0259 \u0130ranla yax\u0131nd\u0131r. Amma A\u0130 \u00fc\u00e7\u00fcn geosiyasi ambisiyalar\u0131 olan bel\u0259 t\u0259r\u0259fda\u015flarla i\u015fl\u0259m\u0259k h\u0259r zaman asan olmur. Bu m\u0259s\u0259l\u0259 il\u0259 ba\u011fl\u0131 m\u0259sl\u0259h\u0259t ver\u0259 bil\u0259rsinizmi?<\/strong><\/p>\n<p>&#8211; Qon\u015fu \u00f6lk\u0259l\u0259rl\u0259 \u0259laq\u0259l\u0259r Az\u0259rbaycan\u0131n xarici siyas\u0259ti \u00fc\u00e7\u00fcn prioritet m\u0259s\u0259l\u0259dir. D\u00fczg\u00fcn qeyd etdiniz ki, \u00f6lk\u0259mizin h\u0259m T\u00fcrkiy\u0259, h\u0259m d\u0259 \u0130ranla dostluq v\u0259 t\u0259r\u0259fda\u015fl\u0131q \u0259laq\u0259l\u0259ri var. He\u00e7 k\u0259s\u0259 m\u0259sl\u0259h\u0259t ver\u0259 bilm\u0259rik. Amma Az\u0259rbaycan \u00f6z t\u0259cr\u00fcb\u0259sini b\u00f6l\u00fc\u015f\u0259 v\u0259 \u00f6z\u00fc il\u0259 ba\u011fl\u0131 n\u00fcmun\u0259l\u0259ri g\u00f6st\u0259r\u0259 bil\u0259r. \u00d6lk\u0259miz \u015f\u0259ffaf, t\u0259xmin edil\u0259n, m\u00fcst\u0259qil xarici siyas\u0259t y\u00fcr\u00fcd\u00fcr. R\u0259smi Bak\u0131 he\u00e7 bir d\u00f6vl\u0259tin daxili i\u015fl\u0259rin\u0259 qar\u0131\u015fm\u0131r, Az\u0259rbaycan \u00f6z maraqlar\u0131 il\u0259 t\u0259r\u0259fda\u015flar\u0131n\u0131n maraqlar\u0131 aras\u0131nda ortaq n\u00f6qt\u0259 tapmaq yolu il\u0259 regional \u0259m\u0259kda\u015fl\u0131q imkanlar\u0131 t\u0259klif edir.<\/p>\n<p>Hesab edirik ki, \u0259n yax\u015f\u0131 inki\u015faf b\u00f6l\u00fc\u015f\u00fcl\u0259n inki\u015fafd\u0131r. N\u0259tic\u0259d\u0259 s\u00fclh\u0259 v\u0259 dostlu\u011fa \u0259saslanan qon\u015fuluq m\u00fcnasib\u0259tl\u0259rinin yarad\u0131lmas\u0131na t\u00f6hf\u0259 veririk.<\/p>\n<p>Az\u0259rbaycan T\u00fcrkiy\u0259 v\u0259 \u0130ranla ikit\u0259r\u0259fli, h\u0259m\u00e7inin \u00fc\u00e7t\u0259r\u0259fli formatda \u0259m\u0259kda\u015fl\u0131q edir. Bu, qar\u015f\u0131l\u0131ql\u0131 faydal\u0131 olan regional \u0259m\u0259kda\u015fl\u0131\u011fa t\u00f6hf\u0259 verir. Sonda onu \u0259lav\u0259 etm\u0259k ist\u0259rdim ki, qar\u015f\u0131l\u0131ql\u0131 xo\u015f niyy\u0259t\u0259 \u0259saslanan \u00fcmumi maraqlar v\u0259 etimad say\u0259sind\u0259 ikit\u0259r\u0259fli \u0259m\u0259kda\u015fl\u0131q modell\u0259ri il\u0259 ba\u011fl\u0131 u\u011fur qazanmaq m\u00fcmk\u00fcnd\u00fcr.<\/p>\n","protected":false},"excerpt":{"rendered":"<p>ARANTV.AZ trend-\u0259 istinad\u0259n Az\u0259rbaycan Prezidenti Administrasiyas\u0131n\u0131n Xarici siyas\u0259t m\u0259s\u0259l\u0259l\u0259ri \u015f\u00f6b\u0259sinin m\u00fcdiri Hikm\u0259t Hac\u0131yevin Br\u00fcsseld\u0259 d\u0259rc olunan n\u00fcfuzlu &#8220;Euractiv&#8221; q\u0259zetin\u0259\u00a0m\u00fcsahib\u0259sini\u00a0t\u0259qdim edir. &#8211; Postsovet m\u0259kan\u0131nda bir ne\u00e7\u0259 &#8220;dondurulmu\u015f m\u00fcnaqi\u015f\u0259&#8221; var. Amma onlar\u0131n b\u0259zil\u0259rini &#8220;dondurulmu\u015f&#8221; hesab etm\u0259k olmaz. \u00c7\u00fcnki bu m\u00fcnaqi\u015f\u0259l\u0259rd\u0259 h\u0259l\u0259 d\u0259 silahlardan istifad\u0259 olunur, insanlar h\u0259yat\u0131n\u0131 itirir. Da\u011fl\u0131q Qaraba\u011f da bel\u0259 m\u00fcnaqi\u015f\u0259l\u0259rd\u0259n biridir. Erm\u0259nistanda yeni ba\u015f nazirin hakimiyy\u0259t\u0259 g\u0259li\u015find\u0259n sonra bu istiqam\u0259td\u0259 hans\u0131sa d\u0259yi\u015fiklikl\u0259r olubmu? M\u00fcnaqi\u015f\u0259nin h\u0259llind\u0259 m\u00fcsb\u0259t iinki\u015fafa \u00fcmid varm\u0131? &#8211; Bu il noyabr\u0131n 11-d\u0259 Birinci D\u00fcnya m\u00fcharib\u0259sinin ba\u015fa \u00e7atmas\u0131n\u0131n 100-c\u00fc ild\u00f6n\u00fcm\u00fc qeyd olunub. T\u0259\u0259ss\u00fcfl\u0259 qeyd etm\u0259k laz\u0131md\u0131r ki, bu&hellip;<\/p>\n","protected":false},"author":2,"featured_media":26152,"comment_status":"closed","ping_status":"closed","sticky":false,"template":"","format":"standard","meta":{"om_disable_all_campaigns":false,"_monsterinsights_skip_tracking":false,"_monsterinsights_sitenote_active":false,"_monsterinsights_sitenote_note":"","_monsterinsights_sitenote_category":0},"categories":[4],"tags":[],"aioseo_notices":[],"gutentor_comment":0,"rttpg_featured_image_url":{"full":["https:\/\/arantv.az\/wp-content\/uploads\/2018\/12\/709696.jpg",800,600,false],"landscape":["https:\/\/arantv.az\/wp-content\/uploads\/2018\/12\/709696.jpg",800,600,false],"portraits":["https:\/\/arantv.az\/wp-content\/uploads\/2018\/12\/709696.jpg",800,600,false],"thumbnail":["https:\/\/arantv.az\/wp-content\/uploads\/2018\/12\/709696-150x150.jpg",150,150,true],"medium":["https:\/\/arantv.az\/wp-content\/uploads\/2018\/12\/709696-300x225.jpg",300,225,true],"large":["https:\/\/arantv.az\/wp-content\/uploads\/2018\/12\/709696.jpg",640,480,false],"1536x1536":["https:\/\/arantv.az\/wp-content\/uploads\/2018\/12\/709696.jpg",800,600,false],"2048x2048":["https:\/\/arantv.az\/wp-content\/uploads\/2018\/12\/709696.jpg",800,600,false],"post-thumbnail":["https:\/\/arantv.az\/wp-content\/uploads\/2018\/12\/709696-240x172.jpg",240,172,true],"advps-thumb-one":["https:\/\/arantv.az\/wp-content\/uploads\/2018\/12\/709696.jpg",800,600,false]},"rttpg_author":{"display_name":"V\u00fcsal Rafiqo\u011flu","author_link":"https:\/\/arantv.az\/?author=2"},"rttpg_comment":0,"rttpg_category":"<a href=\"https:\/\/arantv.az\/?cat=4\" rel=\"category\">Siyas\u0259t<\/a>","rttpg_excerpt":"ARANTV.AZ trend-\u0259 istinad\u0259n Az\u0259rbaycan Prezidenti Administrasiyas\u0131n\u0131n Xarici siyas\u0259t m\u0259s\u0259l\u0259l\u0259ri \u015f\u00f6b\u0259sinin m\u00fcdiri Hikm\u0259t Hac\u0131yevin Br\u00fcsseld\u0259 d\u0259rc olunan n\u00fcfuzlu &#8220;Euractiv&#8221; q\u0259zetin\u0259\u00a0m\u00fcsahib\u0259sini\u00a0t\u0259qdim edir. &#8211; Postsovet m\u0259kan\u0131nda bir ne\u00e7\u0259 &#8220;dondurulmu\u015f m\u00fcnaqi\u015f\u0259&#8221; var. Amma onlar\u0131n b\u0259zil\u0259rini &#8220;dondurulmu\u015f&#8221; hesab etm\u0259k olmaz. \u00c7\u00fcnki bu m\u00fcnaqi\u015f\u0259l\u0259rd\u0259 h\u0259l\u0259 d\u0259 silahlardan istifad\u0259 olunur, insanlar h\u0259yat\u0131n\u0131 itirir. Da\u011fl\u0131q Qaraba\u011f da bel\u0259 m\u00fcnaqi\u015f\u0259l\u0259rd\u0259n biridir. Erm\u0259nistanda yeni ba\u015f&hellip;","_links":{"self":[{"href":"https:\/\/arantv.az\/index.php?rest_route=\/wp\/v2\/posts\/26151"}],"collection":[{"href":"https:\/\/arantv.az\/index.php?rest_route=\/wp\/v2\/posts"}],"about":[{"href":"https:\/\/arantv.az\/index.php?rest_route=\/wp\/v2\/types\/post"}],"author":[{"embeddable":true,"href":"https:\/\/arantv.az\/index.php?rest_route=\/wp\/v2\/users\/2"}],"replies":[{"embeddable":true,"href":"https:\/\/arantv.az\/index.php?rest_route=%2Fwp%2Fv2%2Fcomments&post=26151"}],"version-history":[{"count":0,"href":"https:\/\/arantv.az\/index.php?rest_route=\/wp\/v2\/posts\/26151\/revisions"}],"wp:featuredmedia":[{"embeddable":true,"href":"https:\/\/arantv.az\/index.php?rest_route=\/wp\/v2\/media\/26152"}],"wp:attachment":[{"href":"https:\/\/arantv.az\/index.php?rest_route=%2Fwp%2Fv2%2Fmedia&parent=26151"}],"wp:term":[{"taxonomy":"category","embeddable":true,"href":"https:\/\/arantv.az\/index.php?rest_route=%2Fwp%2Fv2%2Fcategories&post=26151"},{"taxonomy":"post_tag","embeddable":true,"href":"https:\/\/arantv.az\/index.php?rest_route=%2Fwp%2Fv2%2Ftags&post=26151"}],"curies":[{"name":"wp","href":"https:\/\/api.w.org\/{rel}","templated":true}]}}