{"id":26157,"date":"2018-12-04T16:23:29","date_gmt":"2018-12-04T13:23:29","guid":{"rendered":"http:\/\/arantv.az\/?p=26157"},"modified":"2018-12-04T16:23:29","modified_gmt":"2018-12-04T13:23:29","slug":"nazir-az%c9%99rbaycan-rusiya-turkiy%c9%99-v%c9%99-iranin-telekommunikasiya-sah%c9%99sind%c9%99-birg%c9%99-%c9%99m%c9%99kdasligi-bar%c9%99d%c9%99","status":"publish","type":"post","link":"https:\/\/arantv.az\/?p=26157","title":{"rendered":"Nazir Az\u0259rbaycan, Rusiya, T\u00fcrkiy\u0259 v\u0259 \u0130ran\u0131n telekommunikasiya sah\u0259sind\u0259 birg\u0259 \u0259m\u0259kda\u015fl\u0131\u011f\u0131 bar\u0259d\u0259"},"content":{"rendered":"<p><strong>D\u00f6rd \u00f6lk\u0259nin &#8211; Az\u0259rbaycan, Rusiya, T\u00fcrkiy\u0259 v\u0259 \u0130ran\u0131n rabit\u0259 nazirlikl\u0259rinin \u0259m\u0259kda\u015fl\u0131\u011f\u0131 regionda telekommunikasiya infrastrukturunun inki\u015faf\u0131nda vacib rol oynayacaq.<\/strong><\/p>\n<p><strong>ARANTV.AZ<\/strong> trend-\u0259 istinad\u0259n x\u0259b\u0259r verir ki, bunu T\u00fcrkiy\u0259nin n\u0259qliyyat v\u0259 infrastruktur naziri Mehmet Cahit Turan deyib.<\/p>\n<p>O bildirib ki, d\u00f6rd \u00f6lk\u0259nin m\u00f6vcud infrastrukturu regionun b\u00fct\u00fcn \u00f6lk\u0259l\u0259rind\u0259 telekommunikasiyan\u0131n inki\u015faf\u0131na xidm\u0259t edir:<\/p>\n<p>&#8220;\u0130nformasiya m\u00fcbadil\u0259si \u00fc\u00e7\u00fcn h\u0259m peyk rabit\u0259sinin, h\u0259m d\u0259 fiber-optik infrastrukturun resurslar\u0131 istifad\u0259 oluna bil\u0259r&#8221;.<\/p>\n<p>Nazir onu da \u0259lav\u0259 edib ki, texnoloji infrastrukturun inki\u015faf\u0131 fonunda kibert\u0259hl\u00fck\u0259sizlik x\u00fcsusi \u0259h\u0259miyy\u0259t k\u0259sb etm\u0259y\u0259 ba\u015flay\u0131r v\u0259 bu aspektd\u0259 t\u0259r\u0259fl\u0259r bu sah\u0259 \u00fczr\u0259 \u0259m\u0259kda\u015fl\u0131\u011f\u0131n vacibliyini vur\u011fulay\u0131b.<\/p>\n<p><strong>Milli.Az<\/strong><\/p>\n","protected":false},"excerpt":{"rendered":"<p>D\u00f6rd \u00f6lk\u0259nin &#8211; Az\u0259rbaycan, Rusiya, T\u00fcrkiy\u0259 v\u0259 \u0130ran\u0131n rabit\u0259 nazirlikl\u0259rinin \u0259m\u0259kda\u015fl\u0131\u011f\u0131 regionda telekommunikasiya infrastrukturunun inki\u015faf\u0131nda vacib rol oynayacaq. ARANTV.AZ trend-\u0259 istinad\u0259n x\u0259b\u0259r verir ki, bunu T\u00fcrkiy\u0259nin n\u0259qliyyat v\u0259 infrastruktur naziri Mehmet Cahit Turan deyib. O bildirib ki, d\u00f6rd \u00f6lk\u0259nin m\u00f6vcud infrastrukturu regionun b\u00fct\u00fcn \u00f6lk\u0259l\u0259rind\u0259 telekommunikasiyan\u0131n inki\u015faf\u0131na xidm\u0259t edir: &#8220;\u0130nformasiya m\u00fcbadil\u0259si \u00fc\u00e7\u00fcn h\u0259m peyk rabit\u0259sinin, h\u0259m d\u0259 fiber-optik infrastrukturun resurslar\u0131 istifad\u0259 oluna bil\u0259r&#8221;. Nazir onu da \u0259lav\u0259 edib ki, texnoloji infrastrukturun inki\u015faf\u0131 fonunda kibert\u0259hl\u00fck\u0259sizlik x\u00fcsusi \u0259h\u0259miyy\u0259t k\u0259sb etm\u0259y\u0259 ba\u015flay\u0131r v\u0259 bu aspektd\u0259 t\u0259r\u0259fl\u0259r bu sah\u0259 \u00fczr\u0259 \u0259m\u0259kda\u015fl\u0131\u011f\u0131n vacibliyini vur\u011fulay\u0131b. Milli.Az<\/p>\n","protected":false},"author":2,"featured_media":26158,"comment_status":"closed","ping_status":"closed","sticky":false,"template":"","format":"standard","meta":{"om_disable_all_campaigns":false,"_monsterinsights_skip_tracking":false,"_monsterinsights_sitenote_active":false,"_monsterinsights_sitenote_note":"","_monsterinsights_sitenote_category":0},"categories":[4],"tags":[],"aioseo_notices":[],"gutentor_comment":0,"rttpg_featured_image_url":{"full":["https:\/\/arantv.az\/wp-content\/uploads\/2018\/12\/709683.jpg",600,450,false],"landscape":["https:\/\/arantv.az\/wp-content\/uploads\/2018\/12\/709683.jpg",600,450,false],"portraits":["https:\/\/arantv.az\/wp-content\/uploads\/2018\/12\/709683.jpg",600,450,false],"thumbnail":["https:\/\/arantv.az\/wp-content\/uploads\/2018\/12\/709683-150x150.jpg",150,150,true],"medium":["https:\/\/arantv.az\/wp-content\/uploads\/2018\/12\/709683-300x225.jpg",300,225,true],"large":["https:\/\/arantv.az\/wp-content\/uploads\/2018\/12\/709683.jpg",600,450,false],"1536x1536":["https:\/\/arantv.az\/wp-content\/uploads\/2018\/12\/709683.jpg",600,450,false],"2048x2048":["https:\/\/arantv.az\/wp-content\/uploads\/2018\/12\/709683.jpg",600,450,false],"post-thumbnail":["https:\/\/arantv.az\/wp-content\/uploads\/2018\/12\/709683-240x172.jpg",240,172,true],"advps-thumb-one":["https:\/\/arantv.az\/wp-content\/uploads\/2018\/12\/709683.jpg",600,450,false]},"rttpg_author":{"display_name":"V\u00fcsal Rafiqo\u011flu","author_link":"https:\/\/arantv.az\/?author=2"},"rttpg_comment":0,"rttpg_category":"<a href=\"https:\/\/arantv.az\/?cat=4\" rel=\"category\">Siyas\u0259t<\/a>","rttpg_excerpt":"D\u00f6rd \u00f6lk\u0259nin &#8211; Az\u0259rbaycan, Rusiya, T\u00fcrkiy\u0259 v\u0259 \u0130ran\u0131n rabit\u0259 nazirlikl\u0259rinin \u0259m\u0259kda\u015fl\u0131\u011f\u0131 regionda telekommunikasiya infrastrukturunun inki\u015faf\u0131nda vacib rol oynayacaq. ARANTV.AZ trend-\u0259 istinad\u0259n x\u0259b\u0259r verir ki, bunu T\u00fcrkiy\u0259nin n\u0259qliyyat v\u0259 infrastruktur naziri Mehmet Cahit Turan deyib. O bildirib ki, d\u00f6rd \u00f6lk\u0259nin m\u00f6vcud infrastrukturu regionun b\u00fct\u00fcn \u00f6lk\u0259l\u0259rind\u0259 telekommunikasiyan\u0131n inki\u015faf\u0131na xidm\u0259t edir: &#8220;\u0130nformasiya m\u00fcbadil\u0259si \u00fc\u00e7\u00fcn h\u0259m peyk rabit\u0259sinin, h\u0259m&hellip;","_links":{"self":[{"href":"https:\/\/arantv.az\/index.php?rest_route=\/wp\/v2\/posts\/26157"}],"collection":[{"href":"https:\/\/arantv.az\/index.php?rest_route=\/wp\/v2\/posts"}],"about":[{"href":"https:\/\/arantv.az\/index.php?rest_route=\/wp\/v2\/types\/post"}],"author":[{"embeddable":true,"href":"https:\/\/arantv.az\/index.php?rest_route=\/wp\/v2\/users\/2"}],"replies":[{"embeddable":true,"href":"https:\/\/arantv.az\/index.php?rest_route=%2Fwp%2Fv2%2Fcomments&post=26157"}],"version-history":[{"count":0,"href":"https:\/\/arantv.az\/index.php?rest_route=\/wp\/v2\/posts\/26157\/revisions"}],"wp:featuredmedia":[{"embeddable":true,"href":"https:\/\/arantv.az\/index.php?rest_route=\/wp\/v2\/media\/26158"}],"wp:attachment":[{"href":"https:\/\/arantv.az\/index.php?rest_route=%2Fwp%2Fv2%2Fmedia&parent=26157"}],"wp:term":[{"taxonomy":"category","embeddable":true,"href":"https:\/\/arantv.az\/index.php?rest_route=%2Fwp%2Fv2%2Fcategories&post=26157"},{"taxonomy":"post_tag","embeddable":true,"href":"https:\/\/arantv.az\/index.php?rest_route=%2Fwp%2Fv2%2Ftags&post=26157"}],"curies":[{"name":"wp","href":"https:\/\/api.w.org\/{rel}","templated":true}]}}