{"id":26290,"date":"2018-12-05T10:45:31","date_gmt":"2018-12-05T07:45:31","guid":{"rendered":"http:\/\/arantv.az\/?p=26290"},"modified":"2018-12-05T10:45:31","modified_gmt":"2018-12-05T07:45:31","slug":"az%c9%99rbaycan-v%c9%99-iran-trans-avrasiya-super-informasiya-magistrali-layih%c9%99si-uzr%c9%99-danisiqlar-aparir","status":"publish","type":"post","link":"https:\/\/arantv.az\/?p=26290","title":{"rendered":"Az\u0259rbaycan v\u0259 \u0130ran Trans-Avrasiya Super \u0130nformasiya Magistral\u0131 layih\u0259si \u00fczr\u0259 dan\u0131\u015f\u0131qlar apar\u0131r"},"content":{"rendered":"<blockquote><p><em><strong>Beyn\u0259lxalq rabit\u0259nin inki\u015faf etdirilm\u0259si istiqam\u0259tind\u0259 Trans-Avrasiya Super \u0130nformasiya Magistral\u0131 (TAS\u0130M) layih\u0259si b\u00f6y\u00fck \u0259h\u0259miyy\u0259t k\u0259sb edir. \u0130ran v\u0259 Az\u0259rbaycan bu sah\u0259d\u0259 dan\u0131\u015f\u0131qlar apar\u0131rlar.<\/strong><\/em><\/p><\/blockquote>\n<p><strong>ARANTV.AZ<\/strong> x\u0259b\u0259r verir ki, bunu trend-\u0259 \u00f6z\u0259l olaraq \u0130ran \u0130slam Respublikas\u0131n\u0131n rabit\u0259 v\u0259 informasiya texnologiyalar\u0131 naziri M\u0259h\u0259mm\u0259d Cavad Az\u0259ri C\u0259hromi deyib.<\/p>\n<p><img src=\"https:\/\/img.milli.az\/2018\/12\/05\/709864_000.jpg\" alt=\"\" \/><\/p>\n<p>Onun s\u00f6zl\u0259rin\u0259 g\u00f6r\u0259, bu magistral \u00c7ind\u0259n ba\u015flay\u0131r v\u0259 Avropada bitir: &#8220;Bu layih\u0259 vasit\u0259sil\u0259 \u0130ran\u0131n \u015fimal\u0131 il\u0259 \u00c7in v\u0259 Avropan\u0131n rabit\u0259 yolu birl\u0259\u015f\u0259c\u0259k. Haz\u0131rda Trans-Asiya-Avropa beyn\u0259lxalq kabel magistral\u0131 olsa da, ikinci magistral daha etibarl\u0131 yola \u00e7evril\u0259 bil\u0259r. T\u0259bii ki, bu yolun bir hiss\u0259si X\u0259z\u0259r d\u0259nizind\u0259n ke\u00e7\u0259c\u0259k&#8221;.<\/p>\n<p>M.C\u0259hromi \u0259lav\u0259 edib ki, birinci variantda \u0130ran\u0131n layih\u0259d\u0259 aktiv i\u015ftirak etm\u0259si \u00fc\u00e7\u00fcn d\u0259niz\u0259 alternativ olaraq bu rabit\u0259 magistral\u0131n\u0131n quru hiss\u0259d\u0259n ke\u00e7m\u0259si n\u0259z\u0259rd\u0259 tutulur: &#8220;\u0130kinci variantda is\u0259 bu x\u0259tt beyn\u0259lxalq tranzit yolunun t\u0259minat\u00e7\u0131s\u0131 ola bil\u0259r. \u00c7al\u0131\u015f\u0131r\u0131q ki, bu istiqam\u0259td\u0259 bir h\u0259ll yolu tapaq v\u0259 Az\u0259rbaycanla ikit\u0259r\u0259fli \u0259m\u0259kda\u015fl\u0131\u011f\u0131m\u0131z davam etsin&#8221;.<\/p>\n<p>Qeyd ed\u0259k ki, Trans-Avrasiya Super \u0130nformasiya Magistral\u0131 layih\u0259sinin m\u0259qs\u0259di \u015e\u0259rql\u0259 Q\u0259rbi birl\u0259\u015fdir\u0259c\u0259k \u0259n q\u0131sa transmilli fiber-optik x\u0259ttin in\u015fas\u0131d\u0131r. Bu layih\u0259 &#8220;r\u0259q\u0259msal f\u0259rqliliyi&#8221; aradan qald\u0131racaq v\u0259 d\u0259niz\u0259 \u00e7\u0131x\u0131\u015f\u0131 olmayan Avrasiya \u00f6lk\u0259l\u0259ri \u00fc\u00e7\u00fcn yeni iqtisadi imkanlar a\u00e7acaq.<\/p>\n","protected":false},"excerpt":{"rendered":"<p>Beyn\u0259lxalq rabit\u0259nin inki\u015faf etdirilm\u0259si istiqam\u0259tind\u0259 Trans-Avrasiya Super \u0130nformasiya Magistral\u0131 (TAS\u0130M) layih\u0259si b\u00f6y\u00fck \u0259h\u0259miyy\u0259t k\u0259sb edir. \u0130ran v\u0259 Az\u0259rbaycan bu sah\u0259d\u0259 dan\u0131\u015f\u0131qlar apar\u0131rlar. ARANTV.AZ x\u0259b\u0259r verir ki, bunu trend-\u0259 \u00f6z\u0259l olaraq \u0130ran \u0130slam Respublikas\u0131n\u0131n rabit\u0259 v\u0259 informasiya texnologiyalar\u0131 naziri M\u0259h\u0259mm\u0259d Cavad Az\u0259ri C\u0259hromi deyib. Onun s\u00f6zl\u0259rin\u0259 g\u00f6r\u0259, bu magistral \u00c7ind\u0259n ba\u015flay\u0131r v\u0259 Avropada bitir: &#8220;Bu layih\u0259 vasit\u0259sil\u0259 \u0130ran\u0131n \u015fimal\u0131 il\u0259 \u00c7in v\u0259 Avropan\u0131n rabit\u0259 yolu birl\u0259\u015f\u0259c\u0259k. Haz\u0131rda Trans-Asiya-Avropa beyn\u0259lxalq kabel magistral\u0131 olsa da, ikinci magistral daha etibarl\u0131 yola \u00e7evril\u0259 bil\u0259r. T\u0259bii ki, bu yolun bir hiss\u0259si X\u0259z\u0259r d\u0259nizind\u0259n ke\u00e7\u0259c\u0259k&#8221;. M.C\u0259hromi \u0259lav\u0259&hellip;<\/p>\n","protected":false},"author":2,"featured_media":26291,"comment_status":"closed","ping_status":"closed","sticky":false,"template":"","format":"standard","meta":{"om_disable_all_campaigns":false,"_monsterinsights_skip_tracking":false,"_monsterinsights_sitenote_active":false,"_monsterinsights_sitenote_note":"","_monsterinsights_sitenote_category":0},"categories":[4],"tags":[],"aioseo_notices":[],"gutentor_comment":0,"rttpg_featured_image_url":{"full":["https:\/\/arantv.az\/wp-content\/uploads\/2018\/12\/709864.jpg",800,600,false],"landscape":["https:\/\/arantv.az\/wp-content\/uploads\/2018\/12\/709864.jpg",800,600,false],"portraits":["https:\/\/arantv.az\/wp-content\/uploads\/2018\/12\/709864.jpg",800,600,false],"thumbnail":["https:\/\/arantv.az\/wp-content\/uploads\/2018\/12\/709864-150x150.jpg",150,150,true],"medium":["https:\/\/arantv.az\/wp-content\/uploads\/2018\/12\/709864-300x225.jpg",300,225,true],"large":["https:\/\/arantv.az\/wp-content\/uploads\/2018\/12\/709864.jpg",640,480,false],"1536x1536":["https:\/\/arantv.az\/wp-content\/uploads\/2018\/12\/709864.jpg",800,600,false],"2048x2048":["https:\/\/arantv.az\/wp-content\/uploads\/2018\/12\/709864.jpg",800,600,false],"post-thumbnail":["https:\/\/arantv.az\/wp-content\/uploads\/2018\/12\/709864-240x172.jpg",240,172,true],"advps-thumb-one":["https:\/\/arantv.az\/wp-content\/uploads\/2018\/12\/709864.jpg",800,600,false]},"rttpg_author":{"display_name":"V\u00fcsal Rafiqo\u011flu","author_link":"https:\/\/arantv.az\/?author=2"},"rttpg_comment":0,"rttpg_category":"<a href=\"https:\/\/arantv.az\/?cat=4\" rel=\"category\">Siyas\u0259t<\/a>","rttpg_excerpt":"Beyn\u0259lxalq rabit\u0259nin inki\u015faf etdirilm\u0259si istiqam\u0259tind\u0259 Trans-Avrasiya Super \u0130nformasiya Magistral\u0131 (TAS\u0130M) layih\u0259si b\u00f6y\u00fck \u0259h\u0259miyy\u0259t k\u0259sb edir. \u0130ran v\u0259 Az\u0259rbaycan bu sah\u0259d\u0259 dan\u0131\u015f\u0131qlar apar\u0131rlar. ARANTV.AZ x\u0259b\u0259r verir ki, bunu trend-\u0259 \u00f6z\u0259l olaraq \u0130ran \u0130slam Respublikas\u0131n\u0131n rabit\u0259 v\u0259 informasiya texnologiyalar\u0131 naziri M\u0259h\u0259mm\u0259d Cavad Az\u0259ri C\u0259hromi deyib. Onun s\u00f6zl\u0259rin\u0259 g\u00f6r\u0259, bu magistral \u00c7ind\u0259n ba\u015flay\u0131r v\u0259 Avropada bitir: &#8220;Bu layih\u0259&hellip;","_links":{"self":[{"href":"https:\/\/arantv.az\/index.php?rest_route=\/wp\/v2\/posts\/26290"}],"collection":[{"href":"https:\/\/arantv.az\/index.php?rest_route=\/wp\/v2\/posts"}],"about":[{"href":"https:\/\/arantv.az\/index.php?rest_route=\/wp\/v2\/types\/post"}],"author":[{"embeddable":true,"href":"https:\/\/arantv.az\/index.php?rest_route=\/wp\/v2\/users\/2"}],"replies":[{"embeddable":true,"href":"https:\/\/arantv.az\/index.php?rest_route=%2Fwp%2Fv2%2Fcomments&post=26290"}],"version-history":[{"count":0,"href":"https:\/\/arantv.az\/index.php?rest_route=\/wp\/v2\/posts\/26290\/revisions"}],"wp:featuredmedia":[{"embeddable":true,"href":"https:\/\/arantv.az\/index.php?rest_route=\/wp\/v2\/media\/26291"}],"wp:attachment":[{"href":"https:\/\/arantv.az\/index.php?rest_route=%2Fwp%2Fv2%2Fmedia&parent=26290"}],"wp:term":[{"taxonomy":"category","embeddable":true,"href":"https:\/\/arantv.az\/index.php?rest_route=%2Fwp%2Fv2%2Fcategories&post=26290"},{"taxonomy":"post_tag","embeddable":true,"href":"https:\/\/arantv.az\/index.php?rest_route=%2Fwp%2Fv2%2Ftags&post=26290"}],"curies":[{"name":"wp","href":"https:\/\/api.w.org\/{rel}","templated":true}]}}