{"id":26305,"date":"2018-12-05T11:17:29","date_gmt":"2018-12-05T08:17:29","guid":{"rendered":"http:\/\/arantv.az\/?p=26305"},"modified":"2018-12-05T11:17:29","modified_gmt":"2018-12-05T08:17:29","slug":"%c9%99li-h%c9%99s%c9%99nov-az%c9%99rbaycan-dili-butun-t%c9%99hsil-mu%c9%99ssis%c9%99l%c9%99rind%c9%99-kutl%c9%99vi-informasiya-vasit%c9%99l%c9%99rind%c9%99-qorunmalidir","status":"publish","type":"post","link":"https:\/\/arantv.az\/?p=26305","title":{"rendered":"\u018fli H\u0259s\u0259nov: &#8220;Az\u0259rbaycan dili b\u00fct\u00fcn t\u0259hsil m\u00fc\u0259ssis\u0259l\u0259rind\u0259, k\u00fctl\u0259vi informasiya vasit\u0259l\u0259rind\u0259 qorunmal\u0131d\u0131r&#8221;"},"content":{"rendered":"<blockquote><p><em><strong>Az\u0259rbaycan\u0131n d\u00f6vl\u0259t dilini qorumaq v\u0259zif\u0259si, ilk n\u00f6vb\u0259d\u0259, bu sah\u0259d\u0259 \u00f6hd\u0259liyi olan, d\u00f6vl\u0259t idar\u0259\u00e7iliyind\u0259 i\u015ftirak ed\u0259n m\u0259murlarla yana\u015f\u0131, akademik strukturlarda t\u0259msil olunan akademikl\u0259rin, aliml\u0259rin, institutlar\u0131n elmi i\u015f\u00e7il\u0259rin \u00fcz\u0259rin\u0259 d\u00fc\u015f\u00fcr.<\/strong><\/em><\/p><\/blockquote>\n<p><strong>ARANTV.AZ<\/strong> trend-\u0259 istinad\u0259n x\u0259b\u0259r verir ki, bunu Az\u0259rbaycan Prezidentinin \u0130ctimai-siyasi m\u0259s\u0259l\u0259l\u0259r \u00fczr\u0259 k\u00f6m\u0259k\u00e7isi \u018fli H\u0259s\u0259nov Az\u0259rbaycanda \u0259d\u0259bi dil normalar\u0131na riay\u0259t edilm\u0259si sah\u0259sind\u0259 bu ilin avqust-sentyabr aylar\u0131nda apar\u0131lm\u0131\u015f teleradio yay\u0131m\u00e7\u0131lar\u0131n\u0131n proqramlar\u0131n\u0131n (verili\u015fl\u0259rinin) monitorinql\u0259rinin n\u0259tic\u0259l\u0259rin\u0259 h\u0259sr olunmu\u015f konfransda deyib.<\/p>\n<p>\u018f.H\u0259s\u0259nov bildirib ki, \u0259lb\u0259tt\u0259, Az\u0259rbaycan dili b\u00fct\u00fcn t\u0259hsil m\u00fc\u0259ssis\u0259l\u0259rind\u0259, el\u0259c\u0259 d\u0259 k\u00fctl\u0259vi informasiya vasit\u0259l\u0259rind\u0259 qorunmal\u0131d\u0131r.<\/p>\n<p>Prezidentin k\u00f6m\u0259k\u00e7isi qeyd edib ki, h\u0259r bir m\u0259murun xarici dili y\u00fcks\u0259k s\u0259viyy\u0259d\u0259 bilm\u0259si onun \u00fcst\u00fcnl\u00fcy\u00fcd\u00fcr, amma d\u00f6vl\u0259t dilini bilm\u0259m\u0259si v\u0259 o dild\u0259 dan\u0131\u015fmamas\u0131 onun q\u0259bah\u0259tidir:<\/p>\n<p>&#8220;M\u0259mur xarici dili bilmirs\u0259, \u0259lb\u0259tt\u0259, bu onun \u00e7at\u0131\u015fmazl\u0131\u011f\u0131d\u0131r. Xarici dili bilm\u0259k m\u0259mura \u0259lav\u0259 \u00fcst\u00fcnl\u00fck verir, amma bilm\u0259m\u0259si q\u0259bah\u0259t say\u0131lm\u0131r, q\u0259bah\u0259t d\u00f6vl\u0259t dilini bilm\u0259m\u0259kdir. Bu, ziyal\u0131lara, jurnalistl\u0259r\u0259 d\u0259 aiddir&#8221;.<\/p>\n","protected":false},"excerpt":{"rendered":"<p>Az\u0259rbaycan\u0131n d\u00f6vl\u0259t dilini qorumaq v\u0259zif\u0259si, ilk n\u00f6vb\u0259d\u0259, bu sah\u0259d\u0259 \u00f6hd\u0259liyi olan, d\u00f6vl\u0259t idar\u0259\u00e7iliyind\u0259 i\u015ftirak ed\u0259n m\u0259murlarla yana\u015f\u0131, akademik strukturlarda t\u0259msil olunan akademikl\u0259rin, aliml\u0259rin, institutlar\u0131n elmi i\u015f\u00e7il\u0259rin \u00fcz\u0259rin\u0259 d\u00fc\u015f\u00fcr. ARANTV.AZ trend-\u0259 istinad\u0259n x\u0259b\u0259r verir ki, bunu Az\u0259rbaycan Prezidentinin \u0130ctimai-siyasi m\u0259s\u0259l\u0259l\u0259r \u00fczr\u0259 k\u00f6m\u0259k\u00e7isi \u018fli H\u0259s\u0259nov Az\u0259rbaycanda \u0259d\u0259bi dil normalar\u0131na riay\u0259t edilm\u0259si sah\u0259sind\u0259 bu ilin avqust-sentyabr aylar\u0131nda apar\u0131lm\u0131\u015f teleradio yay\u0131m\u00e7\u0131lar\u0131n\u0131n proqramlar\u0131n\u0131n (verili\u015fl\u0259rinin) monitorinql\u0259rinin n\u0259tic\u0259l\u0259rin\u0259 h\u0259sr olunmu\u015f konfransda deyib. \u018f.H\u0259s\u0259nov bildirib ki, \u0259lb\u0259tt\u0259, Az\u0259rbaycan dili b\u00fct\u00fcn t\u0259hsil m\u00fc\u0259ssis\u0259l\u0259rind\u0259, el\u0259c\u0259 d\u0259 k\u00fctl\u0259vi informasiya vasit\u0259l\u0259rind\u0259 qorunmal\u0131d\u0131r. Prezidentin k\u00f6m\u0259k\u00e7isi qeyd edib ki, h\u0259r bir m\u0259murun xarici dili&hellip;<\/p>\n","protected":false},"author":2,"featured_media":26306,"comment_status":"closed","ping_status":"closed","sticky":false,"template":"","format":"standard","meta":{"om_disable_all_campaigns":false,"_monsterinsights_skip_tracking":false,"_monsterinsights_sitenote_active":false,"_monsterinsights_sitenote_note":"","_monsterinsights_sitenote_category":0},"categories":[4],"tags":[],"aioseo_notices":[],"gutentor_comment":0,"rttpg_featured_image_url":{"full":["https:\/\/arantv.az\/wp-content\/uploads\/2018\/12\/709885.jpg",800,600,false],"landscape":["https:\/\/arantv.az\/wp-content\/uploads\/2018\/12\/709885.jpg",800,600,false],"portraits":["https:\/\/arantv.az\/wp-content\/uploads\/2018\/12\/709885.jpg",800,600,false],"thumbnail":["https:\/\/arantv.az\/wp-content\/uploads\/2018\/12\/709885-150x150.jpg",150,150,true],"medium":["https:\/\/arantv.az\/wp-content\/uploads\/2018\/12\/709885-300x225.jpg",300,225,true],"large":["https:\/\/arantv.az\/wp-content\/uploads\/2018\/12\/709885.jpg",640,480,false],"1536x1536":["https:\/\/arantv.az\/wp-content\/uploads\/2018\/12\/709885.jpg",800,600,false],"2048x2048":["https:\/\/arantv.az\/wp-content\/uploads\/2018\/12\/709885.jpg",800,600,false],"post-thumbnail":["https:\/\/arantv.az\/wp-content\/uploads\/2018\/12\/709885-240x172.jpg",240,172,true],"advps-thumb-one":["https:\/\/arantv.az\/wp-content\/uploads\/2018\/12\/709885.jpg",800,600,false]},"rttpg_author":{"display_name":"V\u00fcsal Rafiqo\u011flu","author_link":"https:\/\/arantv.az\/?author=2"},"rttpg_comment":0,"rttpg_category":"<a href=\"https:\/\/arantv.az\/?cat=4\" rel=\"category\">Siyas\u0259t<\/a>","rttpg_excerpt":"Az\u0259rbaycan\u0131n d\u00f6vl\u0259t dilini qorumaq v\u0259zif\u0259si, ilk n\u00f6vb\u0259d\u0259, bu sah\u0259d\u0259 \u00f6hd\u0259liyi olan, d\u00f6vl\u0259t idar\u0259\u00e7iliyind\u0259 i\u015ftirak ed\u0259n m\u0259murlarla yana\u015f\u0131, akademik strukturlarda t\u0259msil olunan akademikl\u0259rin, aliml\u0259rin, institutlar\u0131n elmi i\u015f\u00e7il\u0259rin \u00fcz\u0259rin\u0259 d\u00fc\u015f\u00fcr. ARANTV.AZ trend-\u0259 istinad\u0259n x\u0259b\u0259r verir ki, bunu Az\u0259rbaycan Prezidentinin \u0130ctimai-siyasi m\u0259s\u0259l\u0259l\u0259r \u00fczr\u0259 k\u00f6m\u0259k\u00e7isi \u018fli H\u0259s\u0259nov Az\u0259rbaycanda \u0259d\u0259bi dil normalar\u0131na riay\u0259t edilm\u0259si sah\u0259sind\u0259 bu ilin avqust-sentyabr aylar\u0131nda apar\u0131lm\u0131\u015f&hellip;","_links":{"self":[{"href":"https:\/\/arantv.az\/index.php?rest_route=\/wp\/v2\/posts\/26305"}],"collection":[{"href":"https:\/\/arantv.az\/index.php?rest_route=\/wp\/v2\/posts"}],"about":[{"href":"https:\/\/arantv.az\/index.php?rest_route=\/wp\/v2\/types\/post"}],"author":[{"embeddable":true,"href":"https:\/\/arantv.az\/index.php?rest_route=\/wp\/v2\/users\/2"}],"replies":[{"embeddable":true,"href":"https:\/\/arantv.az\/index.php?rest_route=%2Fwp%2Fv2%2Fcomments&post=26305"}],"version-history":[{"count":0,"href":"https:\/\/arantv.az\/index.php?rest_route=\/wp\/v2\/posts\/26305\/revisions"}],"wp:featuredmedia":[{"embeddable":true,"href":"https:\/\/arantv.az\/index.php?rest_route=\/wp\/v2\/media\/26306"}],"wp:attachment":[{"href":"https:\/\/arantv.az\/index.php?rest_route=%2Fwp%2Fv2%2Fmedia&parent=26305"}],"wp:term":[{"taxonomy":"category","embeddable":true,"href":"https:\/\/arantv.az\/index.php?rest_route=%2Fwp%2Fv2%2Fcategories&post=26305"},{"taxonomy":"post_tag","embeddable":true,"href":"https:\/\/arantv.az\/index.php?rest_route=%2Fwp%2Fv2%2Ftags&post=26305"}],"curies":[{"name":"wp","href":"https:\/\/api.w.org\/{rel}","templated":true}]}}