{"id":263235,"date":"2020-12-30T15:56:42","date_gmt":"2020-12-30T12:56:42","guid":{"rendered":"http:\/\/arantv.az\/?p=263235"},"modified":"2020-12-30T15:56:42","modified_gmt":"2020-12-30T12:56:42","slug":"b%c9%99zi-qadinlar-hesab-edir-ki-b%c9%99rab%c9%99rlik-kisinin-uz%c9%99rind%c9%99-hokmranliqdir","status":"publish","type":"post","link":"https:\/\/arantv.az\/?p=263235","title":{"rendered":"\u201cB\u0259zi qad\u0131nlar hesab edir ki, b\u0259rab\u0259rlik ki\u015finin \u00fcz\u0259rind\u0259 h\u00f6kmranl\u0131qd\u0131r\u201d"},"content":{"rendered":"<blockquote><p><em><strong>Avropada t\u0259hsil almaqla deyil. B\u0259z\u0259n qad\u0131nlar hesab edir ki, Avropa d\u00fc\u015f\u00fcnc\u0259sinin da\u015f\u0131y\u0131c\u0131s\u0131d\u0131r v\u0259 ona g\u00f6r\u0259 d\u0259 orada n\u0259 g\u00f6rd\u00fcns\u0259 Az\u0259rbaycanda da onu t\u0259qlid etm\u0259k olar. Bunlar yolverilm\u0259zdir.<\/strong><\/em><\/p><\/blockquote>\n<p><strong>ARANTV.AZ<\/strong> qafqazinfo-ya istinad\u0259n x\u0259b\u0259r verir ki, bunu deputat Razi Nurullayev Milli M\u0259clisd\u0259 deyib.<\/p>\n<p>Onun s\u00f6zl\u0259rin\u0259 g\u00f6r\u0259, gender b\u0259rab\u0259rliyi \u0259xlaqs\u0131zl\u0131\u011f\u0131n t\u0259bli\u011fi deyil:\u00a0&#8220;Y\u0259ni gender b\u0259rab\u0259rliyi il\u0259 \u0259xlaqs\u0131zl\u0131q bir tutula bilm\u0259z. Gender b\u0259rab\u0259rliyind\u0259n, qad\u0131n h\u00fcquqlar\u0131ndan sui-istifad\u0259 edib \u0259xlaqs\u0131zl\u0131\u011f\u0131 c\u0259miyy\u0259t\u0259 bula\u015fd\u0131rmaq olmaz. Gender b\u0259rab\u0259rliyi c\u0259miyy\u0259tin inki\u015faf\u0131nda qad\u0131nlar\u0131n m\u0259suliyy\u0259tinin art\u0131r\u0131lmas\u0131d\u0131r.<\/p>\n<p>T\u0259\u0259ss\u00fcf ki, b\u0259zi feminist qad\u0131nlar el\u0259 hesab edir ki, b\u0259rab\u0259rlik m\u0259suliyy\u0259tsizlik, ki\u015finin \u00fcz\u0259rind\u0259 h\u00f6kmranl\u0131q etm\u0259kdir. Xeyr, tam \u0259ksidir. C\u0259miyy\u0259tin, onun ki\u00e7ik bir subyekti olan ail\u0259nin inki\u015faf\u0131, m\u00fcasir bilik v\u0259 t\u0259l\u0259bl\u0259r\u0259 uy\u011funla\u015fmas\u0131nda m\u0259suliyy\u0259ti da\u015f\u0131maqd\u0131r.Hesab edir\u0259m ki, h\u0259r bir Az\u0259rbaycan qad\u0131n\u0131 bunun f\u0259rqind\u0259dir. \u0130st\u0259r ki\u015fi olsun, ist\u0259r d\u0259 qad\u0131n, n\u00fcmayi\u015fkaran\u0259 \u015f\u0259rab i\u00e7m\u0259kl\u0259, siqaret \u00e7\u0259km\u0259kl\u0259, oturmaq t\u0259rzini d\u0259yi\u015fm\u0259kl\u0259, a\u00e7\u0131q-sa\u00e7\u0131q geyiml\u0259rl\u0259 gender b\u0259rab\u0259rliyi olmur. Gender b\u0259rab\u0259rliyini d\u0259y\u0259r s\u0259viyy\u0259sin\u0259 qald\u0131rmaq laz\u0131md\u0131r&#8221;.<\/p>\n","protected":false},"excerpt":{"rendered":"<p>Avropada t\u0259hsil almaqla deyil. B\u0259z\u0259n qad\u0131nlar hesab edir ki, Avropa d\u00fc\u015f\u00fcnc\u0259sinin da\u015f\u0131y\u0131c\u0131s\u0131d\u0131r v\u0259 ona g\u00f6r\u0259 d\u0259 orada n\u0259 g\u00f6rd\u00fcns\u0259 Az\u0259rbaycanda da onu t\u0259qlid etm\u0259k olar. Bunlar yolverilm\u0259zdir. ARANTV.AZ qafqazinfo-ya istinad\u0259n x\u0259b\u0259r verir ki, bunu deputat Razi Nurullayev Milli M\u0259clisd\u0259 deyib. Onun s\u00f6zl\u0259rin\u0259 g\u00f6r\u0259, gender b\u0259rab\u0259rliyi \u0259xlaqs\u0131zl\u0131\u011f\u0131n t\u0259bli\u011fi deyil:\u00a0&#8220;Y\u0259ni gender b\u0259rab\u0259rliyi il\u0259 \u0259xlaqs\u0131zl\u0131q bir tutula bilm\u0259z. Gender b\u0259rab\u0259rliyind\u0259n, qad\u0131n h\u00fcquqlar\u0131ndan sui-istifad\u0259 edib \u0259xlaqs\u0131zl\u0131\u011f\u0131 c\u0259miyy\u0259t\u0259 bula\u015fd\u0131rmaq olmaz. Gender b\u0259rab\u0259rliyi c\u0259miyy\u0259tin inki\u015faf\u0131nda qad\u0131nlar\u0131n m\u0259suliyy\u0259tinin art\u0131r\u0131lmas\u0131d\u0131r. T\u0259\u0259ss\u00fcf ki, b\u0259zi feminist qad\u0131nlar el\u0259 hesab edir ki, b\u0259rab\u0259rlik m\u0259suliyy\u0259tsizlik, ki\u015finin \u00fcz\u0259rind\u0259 h\u00f6kmranl\u0131q etm\u0259kdir. Xeyr, tam \u0259ksidir.&hellip;<\/p>\n","protected":false},"author":2,"featured_media":263236,"comment_status":"closed","ping_status":"closed","sticky":false,"template":"","format":"standard","meta":{"om_disable_all_campaigns":false,"_monsterinsights_skip_tracking":false,"_monsterinsights_sitenote_active":false,"_monsterinsights_sitenote_note":"","_monsterinsights_sitenote_category":0},"categories":[26],"tags":[],"aioseo_notices":[],"gutentor_comment":0,"rttpg_featured_image_url":{"full":["https:\/\/arantv.az\/wp-content\/uploads\/2020\/12\/909602.jpg",800,600,false],"landscape":["https:\/\/arantv.az\/wp-content\/uploads\/2020\/12\/909602.jpg",800,600,false],"portraits":["https:\/\/arantv.az\/wp-content\/uploads\/2020\/12\/909602.jpg",800,600,false],"thumbnail":["https:\/\/arantv.az\/wp-content\/uploads\/2020\/12\/909602-150x150.jpg",150,150,true],"medium":["https:\/\/arantv.az\/wp-content\/uploads\/2020\/12\/909602-300x225.jpg",300,225,true],"large":["https:\/\/arantv.az\/wp-content\/uploads\/2020\/12\/909602.jpg",640,480,false],"1536x1536":["https:\/\/arantv.az\/wp-content\/uploads\/2020\/12\/909602.jpg",800,600,false],"2048x2048":["https:\/\/arantv.az\/wp-content\/uploads\/2020\/12\/909602.jpg",800,600,false],"post-thumbnail":["https:\/\/arantv.az\/wp-content\/uploads\/2020\/12\/909602-240x172.jpg",240,172,true],"advps-thumb-one":["https:\/\/arantv.az\/wp-content\/uploads\/2020\/12\/909602.jpg",800,600,false]},"rttpg_author":{"display_name":"V\u00fcsal Rafiqo\u011flu","author_link":"https:\/\/arantv.az\/?author=2"},"rttpg_comment":0,"rttpg_category":"<a href=\"https:\/\/arantv.az\/?cat=26\" rel=\"category\">Sosial<\/a>","rttpg_excerpt":"Avropada t\u0259hsil almaqla deyil. B\u0259z\u0259n qad\u0131nlar hesab edir ki, Avropa d\u00fc\u015f\u00fcnc\u0259sinin da\u015f\u0131y\u0131c\u0131s\u0131d\u0131r v\u0259 ona g\u00f6r\u0259 d\u0259 orada n\u0259 g\u00f6rd\u00fcns\u0259 Az\u0259rbaycanda da onu t\u0259qlid etm\u0259k olar. Bunlar yolverilm\u0259zdir. ARANTV.AZ qafqazinfo-ya istinad\u0259n x\u0259b\u0259r verir ki, bunu deputat Razi Nurullayev Milli M\u0259clisd\u0259 deyib. Onun s\u00f6zl\u0259rin\u0259 g\u00f6r\u0259, gender b\u0259rab\u0259rliyi \u0259xlaqs\u0131zl\u0131\u011f\u0131n t\u0259bli\u011fi deyil:\u00a0&#8220;Y\u0259ni gender b\u0259rab\u0259rliyi il\u0259 \u0259xlaqs\u0131zl\u0131q bir tutula bilm\u0259z.&hellip;","_links":{"self":[{"href":"https:\/\/arantv.az\/index.php?rest_route=\/wp\/v2\/posts\/263235"}],"collection":[{"href":"https:\/\/arantv.az\/index.php?rest_route=\/wp\/v2\/posts"}],"about":[{"href":"https:\/\/arantv.az\/index.php?rest_route=\/wp\/v2\/types\/post"}],"author":[{"embeddable":true,"href":"https:\/\/arantv.az\/index.php?rest_route=\/wp\/v2\/users\/2"}],"replies":[{"embeddable":true,"href":"https:\/\/arantv.az\/index.php?rest_route=%2Fwp%2Fv2%2Fcomments&post=263235"}],"version-history":[{"count":0,"href":"https:\/\/arantv.az\/index.php?rest_route=\/wp\/v2\/posts\/263235\/revisions"}],"wp:featuredmedia":[{"embeddable":true,"href":"https:\/\/arantv.az\/index.php?rest_route=\/wp\/v2\/media\/263236"}],"wp:attachment":[{"href":"https:\/\/arantv.az\/index.php?rest_route=%2Fwp%2Fv2%2Fmedia&parent=263235"}],"wp:term":[{"taxonomy":"category","embeddable":true,"href":"https:\/\/arantv.az\/index.php?rest_route=%2Fwp%2Fv2%2Fcategories&post=263235"},{"taxonomy":"post_tag","embeddable":true,"href":"https:\/\/arantv.az\/index.php?rest_route=%2Fwp%2Fv2%2Ftags&post=263235"}],"curies":[{"name":"wp","href":"https:\/\/api.w.org\/{rel}","templated":true}]}}