{"id":263239,"date":"2020-12-30T15:57:41","date_gmt":"2020-12-30T12:57:41","guid":{"rendered":"http:\/\/arantv.az\/?p=263239"},"modified":"2020-12-30T15:57:41","modified_gmt":"2020-12-30T12:57:41","slug":"az%c9%99rbaycanda-5-gun-is-olmayacaq-4","status":"publish","type":"post","link":"https:\/\/arantv.az\/?p=263239","title":{"rendered":"Az\u0259rbaycanda 5 g\u00fcn \u0130\u015e OLMAYACAQ"},"content":{"rendered":"<p>Yeni il bayram\u0131 il\u0259 \u0259laq\u0259dar ard\u0131c\u0131l 5 g\u00fcn i\u015f olmayacaq.<\/p>\n<p><strong>ARANTV.AZ<\/strong>\u00a0 bildirir ki, 31 Dekabr &#8211; D\u00fcnya Az\u0259rbaycanl\u0131lar\u0131n\u0131n H\u0259mr\u0259ylik g\u00fcn\u00fc v\u0259 1, 2 yanvar &#8211; Yeni il bayram\u0131 qeyri-i\u015f g\u00fcn\u00fcd\u00fcr.<\/p>\n<p>2 yanvar \u015f\u0259nb\u0259 g\u00fcn\u00fcn\u0259 t\u0259sad\u00fcf etdiyind\u0259n \u018fm\u0259k M\u0259c\u0259ll\u0259sin\u0259 \u0259sas\u0259n, yanvar\u0131n 4-\u00fc d\u0259 qeyri-i\u015f g\u00fcn\u00fc olacaq.<\/p>\n<p>Bel\u0259likl\u0259, Yeni il bayram\u0131 il\u0259 \u0259laq\u0259dar ard\u0131c\u0131l 5 g\u00fcn (31 dekabr, 1, 2, 3, 4 yanvar) i\u015f olmayacaq.<\/p>\n","protected":false},"excerpt":{"rendered":"<p>Yeni il bayram\u0131 il\u0259 \u0259laq\u0259dar ard\u0131c\u0131l 5 g\u00fcn i\u015f olmayacaq. ARANTV.AZ\u00a0 bildirir ki, 31 Dekabr &#8211; D\u00fcnya Az\u0259rbaycanl\u0131lar\u0131n\u0131n H\u0259mr\u0259ylik g\u00fcn\u00fc v\u0259 1, 2 yanvar &#8211; Yeni il bayram\u0131 qeyri-i\u015f g\u00fcn\u00fcd\u00fcr. 2 yanvar \u015f\u0259nb\u0259 g\u00fcn\u00fcn\u0259 t\u0259sad\u00fcf etdiyind\u0259n \u018fm\u0259k M\u0259c\u0259ll\u0259sin\u0259 \u0259sas\u0259n, yanvar\u0131n 4-\u00fc d\u0259 qeyri-i\u015f g\u00fcn\u00fc olacaq. Bel\u0259likl\u0259, Yeni il bayram\u0131 il\u0259 \u0259laq\u0259dar ard\u0131c\u0131l 5 g\u00fcn (31 dekabr, 1, 2, 3, 4 yanvar) i\u015f olmayacaq.<\/p>\n","protected":false},"author":2,"featured_media":263240,"comment_status":"closed","ping_status":"closed","sticky":false,"template":"","format":"standard","meta":{"om_disable_all_campaigns":false,"_monsterinsights_skip_tracking":false,"_monsterinsights_sitenote_active":false,"_monsterinsights_sitenote_note":"","_monsterinsights_sitenote_category":0},"categories":[26],"tags":[],"aioseo_notices":[],"gutentor_comment":0,"rttpg_featured_image_url":{"full":["https:\/\/arantv.az\/wp-content\/uploads\/2020\/12\/teqvim_0369.jpg",800,600,false],"landscape":["https:\/\/arantv.az\/wp-content\/uploads\/2020\/12\/teqvim_0369.jpg",800,600,false],"portraits":["https:\/\/arantv.az\/wp-content\/uploads\/2020\/12\/teqvim_0369.jpg",800,600,false],"thumbnail":["https:\/\/arantv.az\/wp-content\/uploads\/2020\/12\/teqvim_0369-150x150.jpg",150,150,true],"medium":["https:\/\/arantv.az\/wp-content\/uploads\/2020\/12\/teqvim_0369-300x225.jpg",300,225,true],"large":["https:\/\/arantv.az\/wp-content\/uploads\/2020\/12\/teqvim_0369.jpg",640,480,false],"1536x1536":["https:\/\/arantv.az\/wp-content\/uploads\/2020\/12\/teqvim_0369.jpg",800,600,false],"2048x2048":["https:\/\/arantv.az\/wp-content\/uploads\/2020\/12\/teqvim_0369.jpg",800,600,false],"post-thumbnail":["https:\/\/arantv.az\/wp-content\/uploads\/2020\/12\/teqvim_0369-240x172.jpg",240,172,true],"advps-thumb-one":["https:\/\/arantv.az\/wp-content\/uploads\/2020\/12\/teqvim_0369.jpg",800,600,false]},"rttpg_author":{"display_name":"V\u00fcsal Rafiqo\u011flu","author_link":"https:\/\/arantv.az\/?author=2"},"rttpg_comment":0,"rttpg_category":"<a href=\"https:\/\/arantv.az\/?cat=26\" rel=\"category\">Sosial<\/a>","rttpg_excerpt":"Yeni il bayram\u0131 il\u0259 \u0259laq\u0259dar ard\u0131c\u0131l 5 g\u00fcn i\u015f olmayacaq. ARANTV.AZ\u00a0 bildirir ki, 31 Dekabr &#8211; D\u00fcnya Az\u0259rbaycanl\u0131lar\u0131n\u0131n H\u0259mr\u0259ylik g\u00fcn\u00fc v\u0259 1, 2 yanvar &#8211; Yeni il bayram\u0131 qeyri-i\u015f g\u00fcn\u00fcd\u00fcr. 2 yanvar \u015f\u0259nb\u0259 g\u00fcn\u00fcn\u0259 t\u0259sad\u00fcf etdiyind\u0259n \u018fm\u0259k M\u0259c\u0259ll\u0259sin\u0259 \u0259sas\u0259n, yanvar\u0131n 4-\u00fc d\u0259 qeyri-i\u015f g\u00fcn\u00fc olacaq. Bel\u0259likl\u0259, Yeni il bayram\u0131 il\u0259 \u0259laq\u0259dar ard\u0131c\u0131l 5 g\u00fcn (31&hellip;","_links":{"self":[{"href":"https:\/\/arantv.az\/index.php?rest_route=\/wp\/v2\/posts\/263239"}],"collection":[{"href":"https:\/\/arantv.az\/index.php?rest_route=\/wp\/v2\/posts"}],"about":[{"href":"https:\/\/arantv.az\/index.php?rest_route=\/wp\/v2\/types\/post"}],"author":[{"embeddable":true,"href":"https:\/\/arantv.az\/index.php?rest_route=\/wp\/v2\/users\/2"}],"replies":[{"embeddable":true,"href":"https:\/\/arantv.az\/index.php?rest_route=%2Fwp%2Fv2%2Fcomments&post=263239"}],"version-history":[{"count":0,"href":"https:\/\/arantv.az\/index.php?rest_route=\/wp\/v2\/posts\/263239\/revisions"}],"wp:featuredmedia":[{"embeddable":true,"href":"https:\/\/arantv.az\/index.php?rest_route=\/wp\/v2\/media\/263240"}],"wp:attachment":[{"href":"https:\/\/arantv.az\/index.php?rest_route=%2Fwp%2Fv2%2Fmedia&parent=263239"}],"wp:term":[{"taxonomy":"category","embeddable":true,"href":"https:\/\/arantv.az\/index.php?rest_route=%2Fwp%2Fv2%2Fcategories&post=263239"},{"taxonomy":"post_tag","embeddable":true,"href":"https:\/\/arantv.az\/index.php?rest_route=%2Fwp%2Fv2%2Ftags&post=263239"}],"curies":[{"name":"wp","href":"https:\/\/api.w.org\/{rel}","templated":true}]}}