{"id":263247,"date":"2020-12-30T15:59:33","date_gmt":"2020-12-30T12:59:33","guid":{"rendered":"http:\/\/arantv.az\/?p=263247"},"modified":"2020-12-30T15:59:33","modified_gmt":"2020-12-30T12:59:33","slug":"v%c9%99t%c9%99n-muharib%c9%99sinin-qazisi-olan-jurnalist%c9%99-idman-mediasinin-f%c9%99xri-mukafati-verildi-foto","status":"publish","type":"post","link":"https:\/\/arantv.az\/?p=263247","title":{"rendered":"V\u0259t\u0259n m\u00fcharib\u0259sinin qazisi olan jurnalist\u0259 \u201c\u0130dman medias\u0131n\u0131n f\u0259xri\u201d m\u00fckafat\u0131 verildi &#8211; FOTO"},"content":{"rendered":"<p>Bu g\u00fcn Az\u0259rbaycan \u0130dman Jurnalistl\u0259ri Federasiyas\u0131nda (A\u0130JF) V\u0259t\u0259n m\u00fcharib\u0259sinin i\u015ftirak\u00e7\u0131s\u0131, idman jurnalisti Da\u015fq\u0131n \u018fzizl\u0259 g\u00f6r\u00fc\u015f ke\u00e7irilib.<\/p>\n<p>T\u0259dbiri giri\u015f s\u00f6z\u00fc il\u0259 a\u00e7an A\u0130JF-n\u0131n prezidenti Qabil Mehdiyev torpaqlar\u0131m\u0131z\u0131n d\u00fc\u015fm\u0259n tapda\u011f\u0131ndan azad olunmas\u0131nda i\u015ftirak\u0131na g\u00f6r\u0259 D.\u018fziz\u0259 qurumun \u00fczvl\u0259ri ad\u0131ndan t\u0259\u015f\u0259kk\u00fcr edib v\u0259 onu idman jurnalistl\u0259rimizin f\u0259xri adland\u0131r\u0131b.<\/p>\n<p>S\u0259mimi g\u00f6r\u00fc\u015f\u0259 g\u00f6r\u0259\u00a0A\u0130JF r\u0259hb\u0259rliyin\u0259 t\u0259\u015f\u0259kk\u00fcr\u00fcn\u00fc bildir\u0259n Da\u015fq\u0131n \u018fziz m\u00fcz\u0259ff\u0259r Az\u0259rbaycan Ordusunun s\u0131ralar\u0131nda d\u00f6y\u00fc\u015fm\u0259kd\u0259n q\u00fcrur hissi ke\u00e7irdiyini bildirib:<\/p>\n<div id=\"AdviadNativeVideo0\" class=\"AdviadNativeVideo\"><\/div>\n<p>\u201c44 g\u00fcnl\u00fck m\u00fcharib\u0259 zaman\u0131 \u0259li silah tutan h\u0259r bir k\u0259s do\u011fma torpaqlar\u0131 u\u011frunda c\u0259sar\u0259tl\u0259 \u00f6l\u00fcm-dirim sava\u015f\u0131na can at\u0131rd\u0131. B\u00fct\u00fcn az\u0259rbaycanl\u0131lar\u0131n \u00fcr\u0259yi do\u011fma Qaraba\u011fla d\u00f6y\u00fcn\u00fcrd\u00fc v\u0259 h\u0259r birimiz yaln\u0131z q\u0259l\u0259b\u0259 u\u011frunda d\u00f6y\u00fc\u015f\u00fcrd\u00fck. Allah b\u00fct\u00fcn \u015f\u0259hidl\u0259rimiz\u0259 r\u0259hm\u0259t el\u0259sin, onlar\u0131n haqq\u0131 \u00f6d\u0259nm\u0259z\u201d.<\/p>\n<p>D.\u018fziz g\u00f6r\u00fc\u015f zaman\u0131 q\u0259l\u0259b\u0259y\u0259 aparan d\u00f6y\u00fc\u015f yolundan b\u0259hs edib, xatir\u0259l\u0259rini t\u0259dbir i\u015ftirak\u00e7\u0131lar\u0131 il\u0259 b\u00f6l\u00fc\u015f\u00fcb.<\/p>\n<p>G\u00f6r\u00fc\u015fd\u0259 Qabil Mehdiyev Da\u015fq\u0131n \u018fziz\u0259 A\u0130JF-nin \u201c\u0130dman medias\u0131n\u0131n f\u0259xri\u201d m\u00fckafat\u0131n\u0131, Firuz Abdulla is\u0259 \u00fczvl\u00fck v\u0259siq\u0259sini v\u0259 xatir\u0259 h\u0259diyy\u0259sini t\u0259qdim edib. H\u0259m\u00e7inin, \u0130dar\u0259 Hey\u0259tinin q\u0259rar\u0131 il\u0259 A\u0130JF t\u0259r\u0259find\u0259n D.\u018fziz\u0259 m\u00fcalic\u0259sin\u0259 d\u0259st\u0259k m\u0259qs\u0259di il\u0259 maddi yard\u0131m da g\u00f6st\u0259rilib.<\/p>\n<div class=\"gallery\">\n<div class=\"gallery-i\"><img src=\"https:\/\/cdn.oxu.az\/uploads\/W1siZiIsIjIwMjAvMTIvMzAvMTYvMzkvNTgvMWYyMWQyYzItMWQ5YS00NWQwLTk2MTEtYTg5N2JmMWVkMTcxLzEzMzkyNTQwNl8yMzgyMzE1MjQzODMxNDdfODYxMzcxNzQ3MDU2Nzg5MjA0OV9vLmpwZyJdLFsicCIsImVuY29kZSIsImpwZyIsIi1xdWFsaXR5IDgwIl0sWyJwIiwidGh1bWIiLCI1OTB4NTkwXHUwMDNlIl1d?sha=116c2e67f4824c7c\" alt=\"\" \/><\/p>\n<div class=\"gallery-i-caption\"><\/div>\n<\/div>\n<\/div>\n<p>T\u0259dbird\u0259 qeyd olunub ki, V\u0259t\u0259n m\u00fcharib\u0259sind\u0259 i\u015ftirak ed\u0259n dig\u0259r idman jurnalistl\u0259ri il\u0259 d\u0259 A\u0130JF-d\u0259 yanvar ay\u0131 \u0259rzind\u0259 g\u00f6r\u00fc\u015fl\u0259r ke\u00e7iril\u0259c\u0259k. Karantin qaydalar\u0131na riay\u0259t edilm\u0259si m\u0259qs\u0259dil\u0259 v\u0259 b\u0259zi idman jurnalistl\u0259rimizin h\u0259l\u0259 d\u0259 ordu s\u0131ralar\u0131nda olmas\u0131 n\u0259z\u0259r\u0259 al\u0131naraq g\u00f6r\u00fc\u015fl\u0259rin f\u0259rdi qaydada ke\u00e7irilm\u0259si q\u0259rara al\u0131n\u0131b.<\/p>\n","protected":false},"excerpt":{"rendered":"<p>Bu g\u00fcn Az\u0259rbaycan \u0130dman Jurnalistl\u0259ri Federasiyas\u0131nda (A\u0130JF) V\u0259t\u0259n m\u00fcharib\u0259sinin i\u015ftirak\u00e7\u0131s\u0131, idman jurnalisti Da\u015fq\u0131n \u018fzizl\u0259 g\u00f6r\u00fc\u015f ke\u00e7irilib. T\u0259dbiri giri\u015f s\u00f6z\u00fc il\u0259 a\u00e7an A\u0130JF-n\u0131n prezidenti Qabil Mehdiyev torpaqlar\u0131m\u0131z\u0131n d\u00fc\u015fm\u0259n tapda\u011f\u0131ndan azad olunmas\u0131nda i\u015ftirak\u0131na g\u00f6r\u0259 D.\u018fziz\u0259 qurumun \u00fczvl\u0259ri ad\u0131ndan t\u0259\u015f\u0259kk\u00fcr edib v\u0259 onu idman jurnalistl\u0259rimizin f\u0259xri adland\u0131r\u0131b. S\u0259mimi g\u00f6r\u00fc\u015f\u0259 g\u00f6r\u0259\u00a0A\u0130JF r\u0259hb\u0259rliyin\u0259 t\u0259\u015f\u0259kk\u00fcr\u00fcn\u00fc bildir\u0259n Da\u015fq\u0131n \u018fziz m\u00fcz\u0259ff\u0259r Az\u0259rbaycan Ordusunun s\u0131ralar\u0131nda d\u00f6y\u00fc\u015fm\u0259kd\u0259n q\u00fcrur hissi ke\u00e7irdiyini bildirib: \u201c44 g\u00fcnl\u00fck m\u00fcharib\u0259 zaman\u0131 \u0259li silah tutan h\u0259r bir k\u0259s do\u011fma torpaqlar\u0131 u\u011frunda c\u0259sar\u0259tl\u0259 \u00f6l\u00fcm-dirim sava\u015f\u0131na can at\u0131rd\u0131. B\u00fct\u00fcn az\u0259rbaycanl\u0131lar\u0131n \u00fcr\u0259yi do\u011fma Qaraba\u011fla d\u00f6y\u00fcn\u00fcrd\u00fc v\u0259 h\u0259r birimiz yaln\u0131z q\u0259l\u0259b\u0259&hellip;<\/p>\n","protected":false},"author":2,"featured_media":263248,"comment_status":"closed","ping_status":"closed","sticky":false,"template":"","format":"standard","meta":{"om_disable_all_campaigns":false,"_monsterinsights_skip_tracking":false,"_monsterinsights_sitenote_active":false,"_monsterinsights_sitenote_note":"","_monsterinsights_sitenote_category":0},"categories":[6],"tags":[],"aioseo_notices":[],"gutentor_comment":0,"rttpg_featured_image_url":{"full":["https:\/\/arantv.az\/wp-content\/uploads\/2020\/12\/134673358_238231357716497_7720892958219364772_o.jpg",620,413,false],"landscape":["https:\/\/arantv.az\/wp-content\/uploads\/2020\/12\/134673358_238231357716497_7720892958219364772_o.jpg",620,413,false],"portraits":["https:\/\/arantv.az\/wp-content\/uploads\/2020\/12\/134673358_238231357716497_7720892958219364772_o.jpg",620,413,false],"thumbnail":["https:\/\/arantv.az\/wp-content\/uploads\/2020\/12\/134673358_238231357716497_7720892958219364772_o-150x150.jpg",150,150,true],"medium":["https:\/\/arantv.az\/wp-content\/uploads\/2020\/12\/134673358_238231357716497_7720892958219364772_o-300x200.jpg",300,200,true],"large":["https:\/\/arantv.az\/wp-content\/uploads\/2020\/12\/134673358_238231357716497_7720892958219364772_o.jpg",620,413,false],"1536x1536":["https:\/\/arantv.az\/wp-content\/uploads\/2020\/12\/134673358_238231357716497_7720892958219364772_o.jpg",620,413,false],"2048x2048":["https:\/\/arantv.az\/wp-content\/uploads\/2020\/12\/134673358_238231357716497_7720892958219364772_o.jpg",620,413,false],"post-thumbnail":["https:\/\/arantv.az\/wp-content\/uploads\/2020\/12\/134673358_238231357716497_7720892958219364772_o-240x172.jpg",240,172,true],"advps-thumb-one":["https:\/\/arantv.az\/wp-content\/uploads\/2020\/12\/134673358_238231357716497_7720892958219364772_o.jpg",620,413,false]},"rttpg_author":{"display_name":"V\u00fcsal Rafiqo\u011flu","author_link":"https:\/\/arantv.az\/?author=2"},"rttpg_comment":0,"rttpg_category":"<a href=\"https:\/\/arantv.az\/?cat=6\" rel=\"category\">\u0130dman<\/a>","rttpg_excerpt":"Bu g\u00fcn Az\u0259rbaycan \u0130dman Jurnalistl\u0259ri Federasiyas\u0131nda (A\u0130JF) V\u0259t\u0259n m\u00fcharib\u0259sinin i\u015ftirak\u00e7\u0131s\u0131, idman jurnalisti Da\u015fq\u0131n \u018fzizl\u0259 g\u00f6r\u00fc\u015f ke\u00e7irilib. T\u0259dbiri giri\u015f s\u00f6z\u00fc il\u0259 a\u00e7an A\u0130JF-n\u0131n prezidenti Qabil Mehdiyev torpaqlar\u0131m\u0131z\u0131n d\u00fc\u015fm\u0259n tapda\u011f\u0131ndan azad olunmas\u0131nda i\u015ftirak\u0131na g\u00f6r\u0259 D.\u018fziz\u0259 qurumun \u00fczvl\u0259ri ad\u0131ndan t\u0259\u015f\u0259kk\u00fcr edib v\u0259 onu idman jurnalistl\u0259rimizin f\u0259xri adland\u0131r\u0131b. S\u0259mimi g\u00f6r\u00fc\u015f\u0259 g\u00f6r\u0259\u00a0A\u0130JF r\u0259hb\u0259rliyin\u0259 t\u0259\u015f\u0259kk\u00fcr\u00fcn\u00fc bildir\u0259n Da\u015fq\u0131n \u018fziz m\u00fcz\u0259ff\u0259r Az\u0259rbaycan Ordusunun&hellip;","_links":{"self":[{"href":"https:\/\/arantv.az\/index.php?rest_route=\/wp\/v2\/posts\/263247"}],"collection":[{"href":"https:\/\/arantv.az\/index.php?rest_route=\/wp\/v2\/posts"}],"about":[{"href":"https:\/\/arantv.az\/index.php?rest_route=\/wp\/v2\/types\/post"}],"author":[{"embeddable":true,"href":"https:\/\/arantv.az\/index.php?rest_route=\/wp\/v2\/users\/2"}],"replies":[{"embeddable":true,"href":"https:\/\/arantv.az\/index.php?rest_route=%2Fwp%2Fv2%2Fcomments&post=263247"}],"version-history":[{"count":0,"href":"https:\/\/arantv.az\/index.php?rest_route=\/wp\/v2\/posts\/263247\/revisions"}],"wp:featuredmedia":[{"embeddable":true,"href":"https:\/\/arantv.az\/index.php?rest_route=\/wp\/v2\/media\/263248"}],"wp:attachment":[{"href":"https:\/\/arantv.az\/index.php?rest_route=%2Fwp%2Fv2%2Fmedia&parent=263247"}],"wp:term":[{"taxonomy":"category","embeddable":true,"href":"https:\/\/arantv.az\/index.php?rest_route=%2Fwp%2Fv2%2Fcategories&post=263247"},{"taxonomy":"post_tag","embeddable":true,"href":"https:\/\/arantv.az\/index.php?rest_route=%2Fwp%2Fv2%2Ftags&post=263247"}],"curies":[{"name":"wp","href":"https:\/\/api.w.org\/{rel}","templated":true}]}}