{"id":26328,"date":"2018-12-05T13:40:52","date_gmt":"2018-12-05T10:40:52","guid":{"rendered":"http:\/\/arantv.az\/?p=26328"},"modified":"2018-12-05T13:40:52","modified_gmt":"2018-12-05T10:40:52","slug":"%c9%99flatun-amasov-noqsanlar-jurnalistin-qeyri-pes%c9%99karligindan-v%c9%99-dili-yaxsi-bilm%c9%99m%c9%99sind%c9%99n-ir%c9%99li-g%c9%99lir","status":"publish","type":"post","link":"https:\/\/arantv.az\/?p=26328","title":{"rendered":"\u018fflatun Ama\u015fov: &#8220;N\u00f6qsanlar jurnalistin qeyri-pe\u015f\u0259karl\u0131\u011f\u0131ndan v\u0259 dili yax\u015f\u0131 bilm\u0259m\u0259sind\u0259n ir\u0259li g\u0259lir&#8221;"},"content":{"rendered":"<blockquote><p><em><strong>N\u00f6qsanlar jurnalistin qeyri-pe\u015f\u0259karl\u0131\u011f\u0131ndan v\u0259 dili yax\u015f\u0131 bilm\u0259m\u0259sind\u0259n ir\u0259li g\u0259lir.<\/strong><\/em><\/p><\/blockquote>\n<p><strong>ARANTV.AZ<\/strong> trend-\u0259 istinad\u0259n x\u0259b\u0259r verir ki, bunu M\u0259tbuat \u015euras\u0131n\u0131n s\u0259dri, Milli M\u0259clisin deputat\u0131 \u018fflatun Ama\u015fov Az\u0259rbaycanda \u0259d\u0259bi dil normalar\u0131na riay\u0259t edilm\u0259si sah\u0259sind\u0259 bu ilin avqust-sentyabr aylar\u0131nda apar\u0131lm\u0131\u015f teleradio yay\u0131m\u00e7\u0131lar\u0131n\u0131n proqramlar\u0131n\u0131n (verili\u015fl\u0259rinin) monitorinql\u0259rinin n\u0259tic\u0259l\u0259rin\u0259 h\u0259sr olunmu\u015f konfransda deyib.<\/p>\n<p>\u018f.Ama\u015fov bildirib ki, Az\u0259rbaycan dili bizim m\u0259n\u0259vi s\u0259rv\u0259timizdir, d\u00f6vl\u0259t atributlar\u0131m\u0131zdan biridir. Az\u0259rbaycan dili q\u0259dim v\u0259 z\u0259ngin dildir: &#8220;Az\u0259rbaycan M\u0259tbuat \u015euras\u0131 yarand\u0131\u011f\u0131 g\u00fcnd\u0259n dilimizin qorunmas\u0131 m\u0259s\u0259l\u0259sin\u0259 x\u00fcsusi diqq\u0259t yetirir, m\u0259tbuatda dil il\u0259 ba\u011fl\u0131 m\u00fct\u0259madi monitorinq ke\u00e7irir&#8221;.<\/p>\n<p>Onun s\u00f6zl\u0259rin\u0259 g\u00f6r\u0259, m\u0259tbuatda da dil il\u0259 ba\u011fl\u0131 n\u00f6qsanlar var: &#8220;Burada daha \u00e7ox qrammatik pozuntular qeyd\u0259 al\u0131n\u0131r. Q\u00fcsurlardan biri d\u0259 \u0259cn\u0259bi s\u00f6zl\u0259rd\u0259n yerli-yersiz istifad\u0259dir. Bu n\u00f6qsanlar jurnalistin qeyri-pe\u015f\u0259karl\u0131\u011f\u0131ndan v\u0259 dili yax\u015f\u0131 bilm\u0259m\u0259sind\u0259n ir\u0259li g\u0259lir&#8221;.<\/p>\n<div id=\"AdributorNativeVideo0\" class=\"AdributorNativeVideo\"><\/div>\n<p>Mill\u0259t v\u0259kili vur\u011fulay\u0131b ki, Az\u0259rbaycanda \u0259d\u0259bi dilin safl\u0131\u011f\u0131n\u0131n qorunmas\u0131 d\u00f6vl\u0259t s\u0259n\u0259dl\u0259rind\u0259 d\u0259 \u00f6z \u0259ksini tap\u0131b: &#8220;Biz \u00e7al\u0131\u015fmal\u0131y\u0131q ki, \u00f6z dilimizi qoruyaq&#8221;.<\/p>\n<p>\u018f.Ama\u015fov Az\u0259rbaycan dilin\u0259 dublyaj edil\u0259n filml\u0259rd\u0259 d\u0259 n\u00f6qsanlar\u0131n \u00e7ox oldu\u011funu diqq\u0259t\u0259 \u00e7atd\u0131r\u0131b: &#8220;\u015e\u0259xs\u0259n m\u0259n Az\u0259rbaycan dilin\u0259 dublyaj edil\u0259n filml\u0259r\u0259 baxa bilmir\u0259n, burada n\u00f6qsanlar kifay\u0259t q\u0259d\u0259rdir&#8221;.<\/p>\n","protected":false},"excerpt":{"rendered":"<p>N\u00f6qsanlar jurnalistin qeyri-pe\u015f\u0259karl\u0131\u011f\u0131ndan v\u0259 dili yax\u015f\u0131 bilm\u0259m\u0259sind\u0259n ir\u0259li g\u0259lir. ARANTV.AZ trend-\u0259 istinad\u0259n x\u0259b\u0259r verir ki, bunu M\u0259tbuat \u015euras\u0131n\u0131n s\u0259dri, Milli M\u0259clisin deputat\u0131 \u018fflatun Ama\u015fov Az\u0259rbaycanda \u0259d\u0259bi dil normalar\u0131na riay\u0259t edilm\u0259si sah\u0259sind\u0259 bu ilin avqust-sentyabr aylar\u0131nda apar\u0131lm\u0131\u015f teleradio yay\u0131m\u00e7\u0131lar\u0131n\u0131n proqramlar\u0131n\u0131n (verili\u015fl\u0259rinin) monitorinql\u0259rinin n\u0259tic\u0259l\u0259rin\u0259 h\u0259sr olunmu\u015f konfransda deyib. \u018f.Ama\u015fov bildirib ki, Az\u0259rbaycan dili bizim m\u0259n\u0259vi s\u0259rv\u0259timizdir, d\u00f6vl\u0259t atributlar\u0131m\u0131zdan biridir. Az\u0259rbaycan dili q\u0259dim v\u0259 z\u0259ngin dildir: &#8220;Az\u0259rbaycan M\u0259tbuat \u015euras\u0131 yarand\u0131\u011f\u0131 g\u00fcnd\u0259n dilimizin qorunmas\u0131 m\u0259s\u0259l\u0259sin\u0259 x\u00fcsusi diqq\u0259t yetirir, m\u0259tbuatda dil il\u0259 ba\u011fl\u0131 m\u00fct\u0259madi monitorinq ke\u00e7irir&#8221;. Onun s\u00f6zl\u0259rin\u0259 g\u00f6r\u0259, m\u0259tbuatda da dil il\u0259 ba\u011fl\u0131 n\u00f6qsanlar&hellip;<\/p>\n","protected":false},"author":2,"featured_media":26329,"comment_status":"closed","ping_status":"closed","sticky":false,"template":"","format":"standard","meta":{"om_disable_all_campaigns":false,"_monsterinsights_skip_tracking":false,"_monsterinsights_sitenote_active":false,"_monsterinsights_sitenote_note":"","_monsterinsights_sitenote_category":0},"categories":[1],"tags":[],"aioseo_notices":[],"gutentor_comment":0,"rttpg_featured_image_url":{"full":["https:\/\/arantv.az\/wp-content\/uploads\/2018\/12\/709918.jpg",800,600,false],"landscape":["https:\/\/arantv.az\/wp-content\/uploads\/2018\/12\/709918.jpg",800,600,false],"portraits":["https:\/\/arantv.az\/wp-content\/uploads\/2018\/12\/709918.jpg",800,600,false],"thumbnail":["https:\/\/arantv.az\/wp-content\/uploads\/2018\/12\/709918-150x150.jpg",150,150,true],"medium":["https:\/\/arantv.az\/wp-content\/uploads\/2018\/12\/709918-300x225.jpg",300,225,true],"large":["https:\/\/arantv.az\/wp-content\/uploads\/2018\/12\/709918.jpg",640,480,false],"1536x1536":["https:\/\/arantv.az\/wp-content\/uploads\/2018\/12\/709918.jpg",800,600,false],"2048x2048":["https:\/\/arantv.az\/wp-content\/uploads\/2018\/12\/709918.jpg",800,600,false],"post-thumbnail":["https:\/\/arantv.az\/wp-content\/uploads\/2018\/12\/709918-240x172.jpg",240,172,true],"advps-thumb-one":["https:\/\/arantv.az\/wp-content\/uploads\/2018\/12\/709918.jpg",800,600,false]},"rttpg_author":{"display_name":"V\u00fcsal Rafiqo\u011flu","author_link":"https:\/\/arantv.az\/?author=2"},"rttpg_comment":0,"rttpg_category":"<a href=\"https:\/\/arantv.az\/?cat=1\" rel=\"category\">C\u0259miyy\u0259t<\/a>","rttpg_excerpt":"N\u00f6qsanlar jurnalistin qeyri-pe\u015f\u0259karl\u0131\u011f\u0131ndan v\u0259 dili yax\u015f\u0131 bilm\u0259m\u0259sind\u0259n ir\u0259li g\u0259lir. ARANTV.AZ trend-\u0259 istinad\u0259n x\u0259b\u0259r verir ki, bunu M\u0259tbuat \u015euras\u0131n\u0131n s\u0259dri, Milli M\u0259clisin deputat\u0131 \u018fflatun Ama\u015fov Az\u0259rbaycanda \u0259d\u0259bi dil normalar\u0131na riay\u0259t edilm\u0259si sah\u0259sind\u0259 bu ilin avqust-sentyabr aylar\u0131nda apar\u0131lm\u0131\u015f teleradio yay\u0131m\u00e7\u0131lar\u0131n\u0131n proqramlar\u0131n\u0131n (verili\u015fl\u0259rinin) monitorinql\u0259rinin n\u0259tic\u0259l\u0259rin\u0259 h\u0259sr olunmu\u015f konfransda deyib. \u018f.Ama\u015fov bildirib ki, Az\u0259rbaycan dili bizim m\u0259n\u0259vi s\u0259rv\u0259timizdir, d\u00f6vl\u0259t&hellip;","_links":{"self":[{"href":"https:\/\/arantv.az\/index.php?rest_route=\/wp\/v2\/posts\/26328"}],"collection":[{"href":"https:\/\/arantv.az\/index.php?rest_route=\/wp\/v2\/posts"}],"about":[{"href":"https:\/\/arantv.az\/index.php?rest_route=\/wp\/v2\/types\/post"}],"author":[{"embeddable":true,"href":"https:\/\/arantv.az\/index.php?rest_route=\/wp\/v2\/users\/2"}],"replies":[{"embeddable":true,"href":"https:\/\/arantv.az\/index.php?rest_route=%2Fwp%2Fv2%2Fcomments&post=26328"}],"version-history":[{"count":0,"href":"https:\/\/arantv.az\/index.php?rest_route=\/wp\/v2\/posts\/26328\/revisions"}],"wp:featuredmedia":[{"embeddable":true,"href":"https:\/\/arantv.az\/index.php?rest_route=\/wp\/v2\/media\/26329"}],"wp:attachment":[{"href":"https:\/\/arantv.az\/index.php?rest_route=%2Fwp%2Fv2%2Fmedia&parent=26328"}],"wp:term":[{"taxonomy":"category","embeddable":true,"href":"https:\/\/arantv.az\/index.php?rest_route=%2Fwp%2Fv2%2Fcategories&post=26328"},{"taxonomy":"post_tag","embeddable":true,"href":"https:\/\/arantv.az\/index.php?rest_route=%2Fwp%2Fv2%2Ftags&post=26328"}],"curies":[{"name":"wp","href":"https:\/\/api.w.org\/{rel}","templated":true}]}}