{"id":26336,"date":"2018-12-05T13:55:03","date_gmt":"2018-12-05T10:55:03","guid":{"rendered":"http:\/\/arantv.az\/?p=26336"},"modified":"2018-12-05T13:55:03","modified_gmt":"2018-12-05T10:55:03","slug":"vasinqtonda-parlament-forumu-keciril%c9%99c%c9%99k","status":"publish","type":"post","link":"https:\/\/arantv.az\/?p=26336","title":{"rendered":"Va\u015finqtonda parlament forumu ke\u00e7iril\u0259c\u0259k"},"content":{"rendered":"<p><strong>ARANTV.AZ<\/strong> x\u0259b\u0259r verir ki, Az\u0259rbaycan Va\u015finqtonda ke\u00e7iril\u0259c\u0259k K\u0259\u015ffiyyat-T\u0259hl\u00fck\u0259sizlik \u00fczr\u0259 12-ci Parlament Forumunda t\u0259msil olunacaq. Forumda H\u00f6kum\u0259tl\u0259rin v\u0259 \u00f6z\u0259l sektorun terror\u00e7ulu\u011fun maliyy\u0259l\u0259\u015fdirilm\u0259si \u0259leyhin\u0259 f\u0259aliyy\u0259ti, Kiber t\u0259hl\u00fck\u0259sizlik, \u015e\u0259xsi h\u0259yat v\u0259 m\u0259lumatlar\u0131n payla\u015f\u0131lmas\u0131, Xarici s\u0259rmay\u0259 riskl\u0259ri v\u0259 dig\u0259r m\u00f6vzularda fikir m\u00fcbadil\u0259si\u00a0 apar\u0131lacaq. M\u00fczakir\u0259l\u0259rd\u0259 Az\u0259rbaycan t\u0259r\u0259fi m\u00f6vzularda \u00e7\u0131x\u0131\u015f ed\u0259c\u0259k v\u0259 m\u0259s\u0259l\u0259l\u0259r\u0259 m\u00fcnasib\u0259tini bildir\u0259c\u0259k.<\/p>\n","protected":false},"excerpt":{"rendered":"<p>ARANTV.AZ x\u0259b\u0259r verir ki, Az\u0259rbaycan Va\u015finqtonda ke\u00e7iril\u0259c\u0259k K\u0259\u015ffiyyat-T\u0259hl\u00fck\u0259sizlik \u00fczr\u0259 12-ci Parlament Forumunda t\u0259msil olunacaq. Forumda H\u00f6kum\u0259tl\u0259rin v\u0259 \u00f6z\u0259l sektorun terror\u00e7ulu\u011fun maliyy\u0259l\u0259\u015fdirilm\u0259si \u0259leyhin\u0259 f\u0259aliyy\u0259ti, Kiber t\u0259hl\u00fck\u0259sizlik, \u015e\u0259xsi h\u0259yat v\u0259 m\u0259lumatlar\u0131n payla\u015f\u0131lmas\u0131, Xarici s\u0259rmay\u0259 riskl\u0259ri v\u0259 dig\u0259r m\u00f6vzularda fikir m\u00fcbadil\u0259si\u00a0 apar\u0131lacaq. M\u00fczakir\u0259l\u0259rd\u0259 Az\u0259rbaycan t\u0259r\u0259fi m\u00f6vzularda \u00e7\u0131x\u0131\u015f ed\u0259c\u0259k v\u0259 m\u0259s\u0259l\u0259l\u0259r\u0259 m\u00fcnasib\u0259tini bildir\u0259c\u0259k.<\/p>\n","protected":false},"author":2,"featured_media":26337,"comment_status":"closed","ping_status":"closed","sticky":false,"template":"","format":"standard","meta":{"om_disable_all_campaigns":false,"_monsterinsights_skip_tracking":false,"_monsterinsights_sitenote_active":false,"_monsterinsights_sitenote_note":"","_monsterinsights_sitenote_category":0},"categories":[4],"tags":[],"aioseo_notices":[],"gutentor_comment":0,"rttpg_featured_image_url":{"full":["https:\/\/arantv.az\/wp-content\/uploads\/2018\/12\/f6kj1a707po8c140ja4pq9ih04vas.jpg",1024,603,false],"landscape":["https:\/\/arantv.az\/wp-content\/uploads\/2018\/12\/f6kj1a707po8c140ja4pq9ih04vas.jpg",1024,603,false],"portraits":["https:\/\/arantv.az\/wp-content\/uploads\/2018\/12\/f6kj1a707po8c140ja4pq9ih04vas.jpg",1024,603,false],"thumbnail":["https:\/\/arantv.az\/wp-content\/uploads\/2018\/12\/f6kj1a707po8c140ja4pq9ih04vas-150x150.jpg",150,150,true],"medium":["https:\/\/arantv.az\/wp-content\/uploads\/2018\/12\/f6kj1a707po8c140ja4pq9ih04vas-300x177.jpg",300,177,true],"large":["https:\/\/arantv.az\/wp-content\/uploads\/2018\/12\/f6kj1a707po8c140ja4pq9ih04vas-1024x603.jpg",640,377,true],"1536x1536":["https:\/\/arantv.az\/wp-content\/uploads\/2018\/12\/f6kj1a707po8c140ja4pq9ih04vas.jpg",1024,603,false],"2048x2048":["https:\/\/arantv.az\/wp-content\/uploads\/2018\/12\/f6kj1a707po8c140ja4pq9ih04vas.jpg",1024,603,false],"post-thumbnail":["https:\/\/arantv.az\/wp-content\/uploads\/2018\/12\/f6kj1a707po8c140ja4pq9ih04vas-240x172.jpg",240,172,true],"advps-thumb-one":["https:\/\/arantv.az\/wp-content\/uploads\/2018\/12\/f6kj1a707po8c140ja4pq9ih04vas.jpg",1024,603,false]},"rttpg_author":{"display_name":"V\u00fcsal Rafiqo\u011flu","author_link":"https:\/\/arantv.az\/?author=2"},"rttpg_comment":0,"rttpg_category":"<a href=\"https:\/\/arantv.az\/?cat=4\" rel=\"category\">Siyas\u0259t<\/a>","rttpg_excerpt":"ARANTV.AZ x\u0259b\u0259r verir ki, Az\u0259rbaycan Va\u015finqtonda ke\u00e7iril\u0259c\u0259k K\u0259\u015ffiyyat-T\u0259hl\u00fck\u0259sizlik \u00fczr\u0259 12-ci Parlament Forumunda t\u0259msil olunacaq. Forumda H\u00f6kum\u0259tl\u0259rin v\u0259 \u00f6z\u0259l sektorun terror\u00e7ulu\u011fun maliyy\u0259l\u0259\u015fdirilm\u0259si \u0259leyhin\u0259 f\u0259aliyy\u0259ti, Kiber t\u0259hl\u00fck\u0259sizlik, \u015e\u0259xsi h\u0259yat v\u0259 m\u0259lumatlar\u0131n payla\u015f\u0131lmas\u0131, Xarici s\u0259rmay\u0259 riskl\u0259ri v\u0259 dig\u0259r m\u00f6vzularda fikir m\u00fcbadil\u0259si\u00a0 apar\u0131lacaq. M\u00fczakir\u0259l\u0259rd\u0259 Az\u0259rbaycan t\u0259r\u0259fi m\u00f6vzularda \u00e7\u0131x\u0131\u015f ed\u0259c\u0259k v\u0259 m\u0259s\u0259l\u0259l\u0259r\u0259 m\u00fcnasib\u0259tini bildir\u0259c\u0259k.","_links":{"self":[{"href":"https:\/\/arantv.az\/index.php?rest_route=\/wp\/v2\/posts\/26336"}],"collection":[{"href":"https:\/\/arantv.az\/index.php?rest_route=\/wp\/v2\/posts"}],"about":[{"href":"https:\/\/arantv.az\/index.php?rest_route=\/wp\/v2\/types\/post"}],"author":[{"embeddable":true,"href":"https:\/\/arantv.az\/index.php?rest_route=\/wp\/v2\/users\/2"}],"replies":[{"embeddable":true,"href":"https:\/\/arantv.az\/index.php?rest_route=%2Fwp%2Fv2%2Fcomments&post=26336"}],"version-history":[{"count":0,"href":"https:\/\/arantv.az\/index.php?rest_route=\/wp\/v2\/posts\/26336\/revisions"}],"wp:featuredmedia":[{"embeddable":true,"href":"https:\/\/arantv.az\/index.php?rest_route=\/wp\/v2\/media\/26337"}],"wp:attachment":[{"href":"https:\/\/arantv.az\/index.php?rest_route=%2Fwp%2Fv2%2Fmedia&parent=26336"}],"wp:term":[{"taxonomy":"category","embeddable":true,"href":"https:\/\/arantv.az\/index.php?rest_route=%2Fwp%2Fv2%2Fcategories&post=26336"},{"taxonomy":"post_tag","embeddable":true,"href":"https:\/\/arantv.az\/index.php?rest_route=%2Fwp%2Fv2%2Ftags&post=26336"}],"curies":[{"name":"wp","href":"https:\/\/api.w.org\/{rel}","templated":true}]}}