{"id":26345,"date":"2018-12-05T14:01:48","date_gmt":"2018-12-05T11:01:48","guid":{"rendered":"http:\/\/arantv.az\/?p=26345"},"modified":"2018-12-05T14:01:48","modified_gmt":"2018-12-05T11:01:48","slug":"tbilisid%c9%99-ekoloji-konfrans-kecirilir","status":"publish","type":"post","link":"https:\/\/arantv.az\/?p=26345","title":{"rendered":"Tbilisid\u0259 ekoloji konfrans ke\u00e7irilir"},"content":{"rendered":"<p><strong>ARANTV.AZ<\/strong> x\u0259b\u0259r verir ki, Tbilisid\u0259 Qafqaz\u0131n t\u0259bi\u0259ti, fauna v\u0259 floras\u0131n\u0131n m\u00fchafiz\u0259sin\u0259 h\u0259sr olunan beyn\u0259lxalq konfrans ke\u00e7irilir. T\u0259dbird\u0259 \u00f6lk\u0259mizd\u0259 bu sah\u0259d\u0259 h\u0259yata ke\u00e7iril\u0259n layih\u0259l\u0259r, q\u0259bul olunan d\u00f6vl\u0259t proqramlar\u0131ndan dan\u0131\u015f\u0131l\u0131b.<\/p>\n<p>Tbilisid\u0259 Qafqaz\u0131n ekoloji sisteminin m\u00fchafiz\u0259sin\u0259 h\u0259sr olunan konfransda m\u0259lumat verilib. 100-\u0259 yax\u0131n n\u00fcmay\u0259nd\u0259nin i\u015ftirak etdiyi toplant\u0131da ekoloji sistemin m\u00fchafiz\u0259si il\u0259 ba\u011fl\u0131 g\u00f6r\u00fcl\u0259n i\u015fl\u0259r, beyn\u0259lxalq t\u0259\u015fkilatlar\u0131n t\u00f6vsiy\u0259l\u0259rinin icras\u0131 il\u0259 ba\u011fl\u0131 m\u0259s\u0259l\u0259l\u0259r, eyni zamanda yeni f\u0259aliyy\u0259t plan\u0131n\u0131n layih\u0259si m\u00fczakir\u0259 olunur. Qeyd edilib ki, 2000-ci ild\u0259 haz\u0131rlanan \u201cEkoregional t\u0259bi\u0259ti m\u00fchafiz\u0259 plan\u0131\u201d say\u0259sind\u0259 \u00f6t\u0259n ill\u0259r \u0259rzind\u0259 Qafqazda ekoloji tarazl\u0131\u011f\u0131n m\u00fchafiz\u0259si sah\u0259sind\u0259 m\u00fch\u00fcm i\u015fl\u0259r g\u00f6r\u00fcl\u00fcb. Konfransda i\u015ftirak ed\u0259n \u00dcmumd\u00fcnya T\u0259bi\u0259ti M\u00fchafiz\u0259 Fondunun Az\u0259rbaycan n\u00fcmay\u0259nd\u0259liyinin r\u0259hb\u0259ri El\u015fad \u018fsg\u0259rov \u00f6lk\u0259mizd\u0259 ekoloji sistemin m\u00fchafiz\u0259si, n\u0259sli k\u0259silm\u0259kd\u0259 olan heyvanlar\u0131n art\u0131r\u0131lmas\u0131, bitki \u00f6rt\u00fcy\u00fcn\u00fcn qorunmas\u0131 il\u0259 ba\u011fl\u0131 h\u0259yata ke\u00e7iril\u0259n layih\u0259l\u0259r, q\u0259bul olunan d\u00f6vl\u0259t proqramlar\u0131n\u0131n icras\u0131 v\u0259 \u0259ld\u0259 edil\u0259n nailiyy\u0259tl\u0259r bar\u0259d\u0259 m\u0259lumat verdi.<\/p>\n<p>Konfransda ad\u0131 \u201cQ\u0131rm\u0131z\u0131 kitab\u201da d\u00fc\u015f\u0259n fauna v\u0259 flora n\u00f6vl\u0259rinin, el\u0259c\u0259 d\u0259 me\u015f\u0259l\u0259rin, su h\u00f6vz\u0259l\u0259rinin, y\u00fcks\u0259k da\u011fl\u0131q \u0259razil\u0259rin qorunmas\u0131 m\u0259s\u0259l\u0259l\u0259ri d\u0259\u00a0m\u00fczakir\u0259 olunur. Ekoloji konfrans 3 g\u00fcn davam ed\u0259c\u0259k.<\/p>\n","protected":false},"excerpt":{"rendered":"<p>ARANTV.AZ x\u0259b\u0259r verir ki, Tbilisid\u0259 Qafqaz\u0131n t\u0259bi\u0259ti, fauna v\u0259 floras\u0131n\u0131n m\u00fchafiz\u0259sin\u0259 h\u0259sr olunan beyn\u0259lxalq konfrans ke\u00e7irilir. T\u0259dbird\u0259 \u00f6lk\u0259mizd\u0259 bu sah\u0259d\u0259 h\u0259yata ke\u00e7iril\u0259n layih\u0259l\u0259r, q\u0259bul olunan d\u00f6vl\u0259t proqramlar\u0131ndan dan\u0131\u015f\u0131l\u0131b. Tbilisid\u0259 Qafqaz\u0131n ekoloji sisteminin m\u00fchafiz\u0259sin\u0259 h\u0259sr olunan konfransda m\u0259lumat verilib. 100-\u0259 yax\u0131n n\u00fcmay\u0259nd\u0259nin i\u015ftirak etdiyi toplant\u0131da ekoloji sistemin m\u00fchafiz\u0259si il\u0259 ba\u011fl\u0131 g\u00f6r\u00fcl\u0259n i\u015fl\u0259r, beyn\u0259lxalq t\u0259\u015fkilatlar\u0131n t\u00f6vsiy\u0259l\u0259rinin icras\u0131 il\u0259 ba\u011fl\u0131 m\u0259s\u0259l\u0259l\u0259r, eyni zamanda yeni f\u0259aliyy\u0259t plan\u0131n\u0131n layih\u0259si m\u00fczakir\u0259 olunur. Qeyd edilib ki, 2000-ci ild\u0259 haz\u0131rlanan \u201cEkoregional t\u0259bi\u0259ti m\u00fchafiz\u0259 plan\u0131\u201d say\u0259sind\u0259 \u00f6t\u0259n ill\u0259r \u0259rzind\u0259 Qafqazda ekoloji tarazl\u0131\u011f\u0131n m\u00fchafiz\u0259si sah\u0259sind\u0259 m\u00fch\u00fcm i\u015fl\u0259r g\u00f6r\u00fcl\u00fcb. Konfransda i\u015ftirak&hellip;<\/p>\n","protected":false},"author":2,"featured_media":26346,"comment_status":"closed","ping_status":"closed","sticky":false,"template":"","format":"standard","meta":{"om_disable_all_campaigns":false,"_monsterinsights_skip_tracking":false,"_monsterinsights_sitenote_active":false,"_monsterinsights_sitenote_note":"","_monsterinsights_sitenote_category":0},"categories":[4],"tags":[],"aioseo_notices":[],"gutentor_comment":0,"rttpg_featured_image_url":{"full":["https:\/\/arantv.az\/wp-content\/uploads\/2018\/12\/f6kj1a707po8c140ja4pq9ih04tib.jpg",1000,666,false],"landscape":["https:\/\/arantv.az\/wp-content\/uploads\/2018\/12\/f6kj1a707po8c140ja4pq9ih04tib.jpg",1000,666,false],"portraits":["https:\/\/arantv.az\/wp-content\/uploads\/2018\/12\/f6kj1a707po8c140ja4pq9ih04tib.jpg",1000,666,false],"thumbnail":["https:\/\/arantv.az\/wp-content\/uploads\/2018\/12\/f6kj1a707po8c140ja4pq9ih04tib-150x150.jpg",150,150,true],"medium":["https:\/\/arantv.az\/wp-content\/uploads\/2018\/12\/f6kj1a707po8c140ja4pq9ih04tib-300x200.jpg",300,200,true],"large":["https:\/\/arantv.az\/wp-content\/uploads\/2018\/12\/f6kj1a707po8c140ja4pq9ih04tib.jpg",640,426,false],"1536x1536":["https:\/\/arantv.az\/wp-content\/uploads\/2018\/12\/f6kj1a707po8c140ja4pq9ih04tib.jpg",1000,666,false],"2048x2048":["https:\/\/arantv.az\/wp-content\/uploads\/2018\/12\/f6kj1a707po8c140ja4pq9ih04tib.jpg",1000,666,false],"post-thumbnail":["https:\/\/arantv.az\/wp-content\/uploads\/2018\/12\/f6kj1a707po8c140ja4pq9ih04tib-240x172.jpg",240,172,true],"advps-thumb-one":["https:\/\/arantv.az\/wp-content\/uploads\/2018\/12\/f6kj1a707po8c140ja4pq9ih04tib-1000x620.jpg",1000,620,true]},"rttpg_author":{"display_name":"V\u00fcsal Rafiqo\u011flu","author_link":"https:\/\/arantv.az\/?author=2"},"rttpg_comment":0,"rttpg_category":"<a href=\"https:\/\/arantv.az\/?cat=4\" rel=\"category\">Siyas\u0259t<\/a>","rttpg_excerpt":"ARANTV.AZ x\u0259b\u0259r verir ki, Tbilisid\u0259 Qafqaz\u0131n t\u0259bi\u0259ti, fauna v\u0259 floras\u0131n\u0131n m\u00fchafiz\u0259sin\u0259 h\u0259sr olunan beyn\u0259lxalq konfrans ke\u00e7irilir. T\u0259dbird\u0259 \u00f6lk\u0259mizd\u0259 bu sah\u0259d\u0259 h\u0259yata ke\u00e7iril\u0259n layih\u0259l\u0259r, q\u0259bul olunan d\u00f6vl\u0259t proqramlar\u0131ndan dan\u0131\u015f\u0131l\u0131b. Tbilisid\u0259 Qafqaz\u0131n ekoloji sisteminin m\u00fchafiz\u0259sin\u0259 h\u0259sr olunan konfransda m\u0259lumat verilib. 100-\u0259 yax\u0131n n\u00fcmay\u0259nd\u0259nin i\u015ftirak etdiyi toplant\u0131da ekoloji sistemin m\u00fchafiz\u0259si il\u0259 ba\u011fl\u0131 g\u00f6r\u00fcl\u0259n i\u015fl\u0259r, beyn\u0259lxalq t\u0259\u015fkilatlar\u0131n t\u00f6vsiy\u0259l\u0259rinin icras\u0131&hellip;","_links":{"self":[{"href":"https:\/\/arantv.az\/index.php?rest_route=\/wp\/v2\/posts\/26345"}],"collection":[{"href":"https:\/\/arantv.az\/index.php?rest_route=\/wp\/v2\/posts"}],"about":[{"href":"https:\/\/arantv.az\/index.php?rest_route=\/wp\/v2\/types\/post"}],"author":[{"embeddable":true,"href":"https:\/\/arantv.az\/index.php?rest_route=\/wp\/v2\/users\/2"}],"replies":[{"embeddable":true,"href":"https:\/\/arantv.az\/index.php?rest_route=%2Fwp%2Fv2%2Fcomments&post=26345"}],"version-history":[{"count":0,"href":"https:\/\/arantv.az\/index.php?rest_route=\/wp\/v2\/posts\/26345\/revisions"}],"wp:featuredmedia":[{"embeddable":true,"href":"https:\/\/arantv.az\/index.php?rest_route=\/wp\/v2\/media\/26346"}],"wp:attachment":[{"href":"https:\/\/arantv.az\/index.php?rest_route=%2Fwp%2Fv2%2Fmedia&parent=26345"}],"wp:term":[{"taxonomy":"category","embeddable":true,"href":"https:\/\/arantv.az\/index.php?rest_route=%2Fwp%2Fv2%2Fcategories&post=26345"},{"taxonomy":"post_tag","embeddable":true,"href":"https:\/\/arantv.az\/index.php?rest_route=%2Fwp%2Fv2%2Ftags&post=26345"}],"curies":[{"name":"wp","href":"https:\/\/api.w.org\/{rel}","templated":true}]}}