{"id":263494,"date":"2020-12-31T09:46:57","date_gmt":"2020-12-31T06:46:57","guid":{"rendered":"http:\/\/arantv.az\/?p=263494"},"modified":"2020-12-31T09:46:57","modified_gmt":"2020-12-31T06:46:57","slug":"hulusi-akar-bakida-fotos%c9%99rgiy%c9%99-qatildi-foto","status":"publish","type":"post","link":"https:\/\/arantv.az\/?p=263494","title":{"rendered":"Hulusi Akar Bak\u0131da fotos\u0259rgiy\u0259 qat\u0131ld\u0131 &#8211; FOTO"},"content":{"rendered":"<p>T\u00fcrkiy\u0259 Milli M\u00fcdafi\u0259 naziri Hulusi Akar r\u0259smi n\u00fcmay\u0259nd\u0259 hey\u0259ti il\u0259\u00a0Bak\u0131da T\u00fcrkiy\u0259-Az\u0259rbaycan qarda\u015fl\u0131\u011f\u0131n\u0131 ifad\u0259 ed\u0259n fotos\u0259rgid\u0259 olub.<\/p>\n<p>Nazirliyin \u201cTwitter\u201d s\u0259hif\u0259sind\u0259 s\u0259rgid\u0259n fotolar payla\u015f\u0131l\u0131b.<\/p>\n<div id=\"AdviadNativeVideo0\" class=\"AdviadNativeVideo\"><\/div>\n<p>M\u00fcdafi\u0259 naziri Zakir H\u0259s\u0259nov da onu m\u00fc\u015fay\u0259t edib.<\/p>\n<div>\n<div class=\"twitter-tweet twitter-tweet-rendered\"><iframe id=\"twitter-widget-0\" class=\"\" title=\"Twitter Tweet\" src=\"https:\/\/platform.twitter.com\/embed\/index.html?creatorScreenName=oxuaz&amp;dnt=false&amp;embedId=twitter-widget-0&amp;frame=false&amp;hideCard=false&amp;hideThread=false&amp;id=1344528794275766273&amp;lang=en&amp;origin=https%3A%2F%2Foxu.az%2Fpolitics%2F453830&amp;siteScreenName=oxuaz&amp;theme=light&amp;widgetsVersion=ed20a2b%3A1601588405575&amp;width=550px\" frameborder=\"0\" scrolling=\"no\" allowfullscreen=\"allowfullscreen\" data-tweet-id=\"1344528794275766273\" data-mce-fragment=\"1\"><\/iframe><\/div>\n<\/div>\n<p>&nbsp;<\/p>\n","protected":false},"excerpt":{"rendered":"<p>T\u00fcrkiy\u0259 Milli M\u00fcdafi\u0259 naziri Hulusi Akar r\u0259smi n\u00fcmay\u0259nd\u0259 hey\u0259ti il\u0259\u00a0Bak\u0131da T\u00fcrkiy\u0259-Az\u0259rbaycan qarda\u015fl\u0131\u011f\u0131n\u0131 ifad\u0259 ed\u0259n fotos\u0259rgid\u0259 olub. Nazirliyin \u201cTwitter\u201d s\u0259hif\u0259sind\u0259 s\u0259rgid\u0259n fotolar payla\u015f\u0131l\u0131b. M\u00fcdafi\u0259 naziri Zakir H\u0259s\u0259nov da onu m\u00fc\u015fay\u0259t edib. &nbsp;<\/p>\n","protected":false},"author":2,"featured_media":263495,"comment_status":"closed","ping_status":"closed","sticky":false,"template":"","format":"standard","meta":{"om_disable_all_campaigns":false,"_monsterinsights_skip_tracking":false,"_monsterinsights_sitenote_active":false,"_monsterinsights_sitenote_note":"","_monsterinsights_sitenote_category":0},"categories":[4],"tags":[],"aioseo_notices":[],"gutentor_comment":0,"rttpg_featured_image_url":{"full":["https:\/\/arantv.az\/wp-content\/uploads\/2020\/12\/Eqi2eWMXIAAHcnu.jpg",620,390,false],"landscape":["https:\/\/arantv.az\/wp-content\/uploads\/2020\/12\/Eqi2eWMXIAAHcnu.jpg",620,390,false],"portraits":["https:\/\/arantv.az\/wp-content\/uploads\/2020\/12\/Eqi2eWMXIAAHcnu.jpg",620,390,false],"thumbnail":["https:\/\/arantv.az\/wp-content\/uploads\/2020\/12\/Eqi2eWMXIAAHcnu-150x150.jpg",150,150,true],"medium":["https:\/\/arantv.az\/wp-content\/uploads\/2020\/12\/Eqi2eWMXIAAHcnu-300x189.jpg",300,189,true],"large":["https:\/\/arantv.az\/wp-content\/uploads\/2020\/12\/Eqi2eWMXIAAHcnu.jpg",620,390,false],"1536x1536":["https:\/\/arantv.az\/wp-content\/uploads\/2020\/12\/Eqi2eWMXIAAHcnu.jpg",620,390,false],"2048x2048":["https:\/\/arantv.az\/wp-content\/uploads\/2020\/12\/Eqi2eWMXIAAHcnu.jpg",620,390,false],"post-thumbnail":["https:\/\/arantv.az\/wp-content\/uploads\/2020\/12\/Eqi2eWMXIAAHcnu-240x172.jpg",240,172,true],"advps-thumb-one":["https:\/\/arantv.az\/wp-content\/uploads\/2020\/12\/Eqi2eWMXIAAHcnu.jpg",620,390,false]},"rttpg_author":{"display_name":"V\u00fcsal Rafiqo\u011flu","author_link":"https:\/\/arantv.az\/?author=2"},"rttpg_comment":0,"rttpg_category":"<a href=\"https:\/\/arantv.az\/?cat=4\" rel=\"category\">Siyas\u0259t<\/a>","rttpg_excerpt":"T\u00fcrkiy\u0259 Milli M\u00fcdafi\u0259 naziri Hulusi Akar r\u0259smi n\u00fcmay\u0259nd\u0259 hey\u0259ti il\u0259\u00a0Bak\u0131da T\u00fcrkiy\u0259-Az\u0259rbaycan qarda\u015fl\u0131\u011f\u0131n\u0131 ifad\u0259 ed\u0259n fotos\u0259rgid\u0259 olub. Nazirliyin \u201cTwitter\u201d s\u0259hif\u0259sind\u0259 s\u0259rgid\u0259n fotolar payla\u015f\u0131l\u0131b. M\u00fcdafi\u0259 naziri Zakir H\u0259s\u0259nov da onu m\u00fc\u015fay\u0259t edib. &nbsp;","_links":{"self":[{"href":"https:\/\/arantv.az\/index.php?rest_route=\/wp\/v2\/posts\/263494"}],"collection":[{"href":"https:\/\/arantv.az\/index.php?rest_route=\/wp\/v2\/posts"}],"about":[{"href":"https:\/\/arantv.az\/index.php?rest_route=\/wp\/v2\/types\/post"}],"author":[{"embeddable":true,"href":"https:\/\/arantv.az\/index.php?rest_route=\/wp\/v2\/users\/2"}],"replies":[{"embeddable":true,"href":"https:\/\/arantv.az\/index.php?rest_route=%2Fwp%2Fv2%2Fcomments&post=263494"}],"version-history":[{"count":0,"href":"https:\/\/arantv.az\/index.php?rest_route=\/wp\/v2\/posts\/263494\/revisions"}],"wp:featuredmedia":[{"embeddable":true,"href":"https:\/\/arantv.az\/index.php?rest_route=\/wp\/v2\/media\/263495"}],"wp:attachment":[{"href":"https:\/\/arantv.az\/index.php?rest_route=%2Fwp%2Fv2%2Fmedia&parent=263494"}],"wp:term":[{"taxonomy":"category","embeddable":true,"href":"https:\/\/arantv.az\/index.php?rest_route=%2Fwp%2Fv2%2Fcategories&post=263494"},{"taxonomy":"post_tag","embeddable":true,"href":"https:\/\/arantv.az\/index.php?rest_route=%2Fwp%2Fv2%2Ftags&post=263494"}],"curies":[{"name":"wp","href":"https:\/\/api.w.org\/{rel}","templated":true}]}}