{"id":263506,"date":"2020-12-31T11:03:20","date_gmt":"2020-12-31T08:03:20","guid":{"rendered":"http:\/\/arantv.az\/?p=263506"},"modified":"2020-12-31T11:03:20","modified_gmt":"2020-12-31T08:03:20","slug":"milli-konservatoriyasinin-%c9%99m%c9%99kdaslarina-f%c9%99xri-adlar-verildi-siyahi","status":"publish","type":"post","link":"https:\/\/arantv.az\/?p=263506","title":{"rendered":"Milli Konservatoriyas\u0131n\u0131n \u0259m\u0259kda\u015flar\u0131na f\u0259xri adlar verildi &#8211; S\u0130YAHI"},"content":{"rendered":"<p>Prezident \u0130lham \u018fliyev Az\u0259rbaycan Milli Konservatoriyas\u0131n\u0131n \u0259m\u0259kda\u015flar\u0131na f\u0259xri adlar\u0131n verilm\u0259si haqq\u0131nda s\u0259r\u0259ncam imzalay\u0131b.<\/p>\n<p>Bu bar\u0259d\u0259 Prezidentin r\u0259smi sayt\u0131nda\u00a0<a href=\"https:\/\/president.az\/articles\/49776\" target=\"_blank\" rel=\"noopener\">m\u0259lumat<\/a>\u00a0yerl\u0259\u015fdirilib.<\/p>\n<p>S\u0259r\u0259ncama \u0259sas\u0259n, Az\u0259rbaycan Milli Konservatoriyas\u0131n\u0131n 20 illiyi m\u00fcnasib\u0259til\u0259 v\u0259 Az\u0259rbaycanda milli musiqi t\u0259hsilinin inki\u015faf\u0131ndak\u0131 xidm\u0259tl\u0259rin\u0259 g\u00f6r\u0259 Az\u0259rbaycan Milli Konservatoriyas\u0131n\u0131n a\u015fa\u011f\u0131dak\u0131 \u0259m\u0259kda\u015flar\u0131na Az\u0259rbaycan Respublikas\u0131n\u0131n f\u0259xri adlar\u0131 verilir:<\/p>\n<p><strong>\u201cXalq artisti\u201d<\/strong><\/p>\n<p>H\u0259\u015fimov El\u00e7in L\u0259zgi o\u011flu<\/p>\n<p>Mansurov El\u015f\u0259n M\u0259mm\u0259d o\u011flu<\/p>\n<p>Mansurov Malik M\u0259mm\u0259d o\u011flu<\/p>\n<p><strong>\u201c\u018fm\u0259kdar inc\u0259s\u0259n\u0259t xadimi\u201d<\/strong><\/p>\n<p>H\u00fcseynova Lal\u0259 \u015eirm\u0259mm\u0259d q\u0131z\u0131<\/p>\n<p><strong>\u201c\u018fm\u0259kdar m\u0259d\u0259niyy\u0259t i\u015f\u00e7isi\u201d<\/strong><\/p>\n<p>Seyidova Yaqut \u015e\u0131xseyid q\u0131z\u0131<\/p>\n<p><strong>\u201c\u018fm\u0259kdar m\u00fc\u0259llim\u201d<\/strong><\/p>\n<p>Abdinzad\u0259 Firuz Zeynal o\u011flu<\/p>\n<p>\u018fl\u0259kb\u0259rov Sabir \u018fl\u0259kb\u0259r o\u011flu<\/p>\n<p>\u018fliyev Adg\u00f6z\u0259l M\u0259mm\u0259dh\u00fcseyn o\u011flu<\/p>\n<p>Na\u011f\u0131yev El\u00e7in A\u011fa\u015firin o\u011flu<\/p>\n<p>\u015eahm\u0259mm\u0259dova Naib\u0259 M\u0259qsud q\u0131z\u0131<\/p>\n<p>Yusifova T\u0259ran\u0259 \u018fb\u00fclf\u0259z q\u0131z\u0131.<\/p>\n","protected":false},"excerpt":{"rendered":"<p>Prezident \u0130lham \u018fliyev Az\u0259rbaycan Milli Konservatoriyas\u0131n\u0131n \u0259m\u0259kda\u015flar\u0131na f\u0259xri adlar\u0131n verilm\u0259si haqq\u0131nda s\u0259r\u0259ncam imzalay\u0131b. Bu bar\u0259d\u0259 Prezidentin r\u0259smi sayt\u0131nda\u00a0m\u0259lumat\u00a0yerl\u0259\u015fdirilib. S\u0259r\u0259ncama \u0259sas\u0259n, Az\u0259rbaycan Milli Konservatoriyas\u0131n\u0131n 20 illiyi m\u00fcnasib\u0259til\u0259 v\u0259 Az\u0259rbaycanda milli musiqi t\u0259hsilinin inki\u015faf\u0131ndak\u0131 xidm\u0259tl\u0259rin\u0259 g\u00f6r\u0259 Az\u0259rbaycan Milli Konservatoriyas\u0131n\u0131n a\u015fa\u011f\u0131dak\u0131 \u0259m\u0259kda\u015flar\u0131na Az\u0259rbaycan Respublikas\u0131n\u0131n f\u0259xri adlar\u0131 verilir: \u201cXalq artisti\u201d H\u0259\u015fimov El\u00e7in L\u0259zgi o\u011flu Mansurov El\u015f\u0259n M\u0259mm\u0259d o\u011flu Mansurov Malik M\u0259mm\u0259d o\u011flu \u201c\u018fm\u0259kdar inc\u0259s\u0259n\u0259t xadimi\u201d H\u00fcseynova Lal\u0259 \u015eirm\u0259mm\u0259d q\u0131z\u0131 \u201c\u018fm\u0259kdar m\u0259d\u0259niyy\u0259t i\u015f\u00e7isi\u201d Seyidova Yaqut \u015e\u0131xseyid q\u0131z\u0131 \u201c\u018fm\u0259kdar m\u00fc\u0259llim\u201d Abdinzad\u0259 Firuz Zeynal o\u011flu \u018fl\u0259kb\u0259rov Sabir \u018fl\u0259kb\u0259r o\u011flu \u018fliyev Adg\u00f6z\u0259l M\u0259mm\u0259dh\u00fcseyn o\u011flu Na\u011f\u0131yev El\u00e7in A\u011fa\u015firin o\u011flu&hellip;<\/p>\n","protected":false},"author":2,"featured_media":263507,"comment_status":"closed","ping_status":"closed","sticky":false,"template":"","format":"standard","meta":{"om_disable_all_campaigns":false,"_monsterinsights_skip_tracking":false,"_monsterinsights_sitenote_active":false,"_monsterinsights_sitenote_note":"","_monsterinsights_sitenote_category":0},"categories":[4],"tags":[],"aioseo_notices":[],"gutentor_comment":0,"rttpg_featured_image_url":{"full":["https:\/\/arantv.az\/wp-content\/uploads\/2020\/12\/468eeb4cb4eb82237970c61020f87ece-4.jpg",620,413,false],"landscape":["https:\/\/arantv.az\/wp-content\/uploads\/2020\/12\/468eeb4cb4eb82237970c61020f87ece-4.jpg",620,413,false],"portraits":["https:\/\/arantv.az\/wp-content\/uploads\/2020\/12\/468eeb4cb4eb82237970c61020f87ece-4.jpg",620,413,false],"thumbnail":["https:\/\/arantv.az\/wp-content\/uploads\/2020\/12\/468eeb4cb4eb82237970c61020f87ece-4-150x150.jpg",150,150,true],"medium":["https:\/\/arantv.az\/wp-content\/uploads\/2020\/12\/468eeb4cb4eb82237970c61020f87ece-4-300x200.jpg",300,200,true],"large":["https:\/\/arantv.az\/wp-content\/uploads\/2020\/12\/468eeb4cb4eb82237970c61020f87ece-4.jpg",620,413,false],"1536x1536":["https:\/\/arantv.az\/wp-content\/uploads\/2020\/12\/468eeb4cb4eb82237970c61020f87ece-4.jpg",620,413,false],"2048x2048":["https:\/\/arantv.az\/wp-content\/uploads\/2020\/12\/468eeb4cb4eb82237970c61020f87ece-4.jpg",620,413,false],"post-thumbnail":["https:\/\/arantv.az\/wp-content\/uploads\/2020\/12\/468eeb4cb4eb82237970c61020f87ece-4-240x172.jpg",240,172,true],"advps-thumb-one":["https:\/\/arantv.az\/wp-content\/uploads\/2020\/12\/468eeb4cb4eb82237970c61020f87ece-4.jpg",620,413,false]},"rttpg_author":{"display_name":"V\u00fcsal Rafiqo\u011flu","author_link":"https:\/\/arantv.az\/?author=2"},"rttpg_comment":0,"rttpg_category":"<a href=\"https:\/\/arantv.az\/?cat=4\" rel=\"category\">Siyas\u0259t<\/a>","rttpg_excerpt":"Prezident \u0130lham \u018fliyev Az\u0259rbaycan Milli Konservatoriyas\u0131n\u0131n \u0259m\u0259kda\u015flar\u0131na f\u0259xri adlar\u0131n verilm\u0259si haqq\u0131nda s\u0259r\u0259ncam imzalay\u0131b. Bu bar\u0259d\u0259 Prezidentin r\u0259smi sayt\u0131nda\u00a0m\u0259lumat\u00a0yerl\u0259\u015fdirilib. S\u0259r\u0259ncama \u0259sas\u0259n, Az\u0259rbaycan Milli Konservatoriyas\u0131n\u0131n 20 illiyi m\u00fcnasib\u0259til\u0259 v\u0259 Az\u0259rbaycanda milli musiqi t\u0259hsilinin inki\u015faf\u0131ndak\u0131 xidm\u0259tl\u0259rin\u0259 g\u00f6r\u0259 Az\u0259rbaycan Milli Konservatoriyas\u0131n\u0131n a\u015fa\u011f\u0131dak\u0131 \u0259m\u0259kda\u015flar\u0131na Az\u0259rbaycan Respublikas\u0131n\u0131n f\u0259xri adlar\u0131 verilir: \u201cXalq artisti\u201d H\u0259\u015fimov El\u00e7in L\u0259zgi o\u011flu Mansurov El\u015f\u0259n M\u0259mm\u0259d o\u011flu Mansurov&hellip;","_links":{"self":[{"href":"https:\/\/arantv.az\/index.php?rest_route=\/wp\/v2\/posts\/263506"}],"collection":[{"href":"https:\/\/arantv.az\/index.php?rest_route=\/wp\/v2\/posts"}],"about":[{"href":"https:\/\/arantv.az\/index.php?rest_route=\/wp\/v2\/types\/post"}],"author":[{"embeddable":true,"href":"https:\/\/arantv.az\/index.php?rest_route=\/wp\/v2\/users\/2"}],"replies":[{"embeddable":true,"href":"https:\/\/arantv.az\/index.php?rest_route=%2Fwp%2Fv2%2Fcomments&post=263506"}],"version-history":[{"count":0,"href":"https:\/\/arantv.az\/index.php?rest_route=\/wp\/v2\/posts\/263506\/revisions"}],"wp:featuredmedia":[{"embeddable":true,"href":"https:\/\/arantv.az\/index.php?rest_route=\/wp\/v2\/media\/263507"}],"wp:attachment":[{"href":"https:\/\/arantv.az\/index.php?rest_route=%2Fwp%2Fv2%2Fmedia&parent=263506"}],"wp:term":[{"taxonomy":"category","embeddable":true,"href":"https:\/\/arantv.az\/index.php?rest_route=%2Fwp%2Fv2%2Fcategories&post=263506"},{"taxonomy":"post_tag","embeddable":true,"href":"https:\/\/arantv.az\/index.php?rest_route=%2Fwp%2Fv2%2Ftags&post=263506"}],"curies":[{"name":"wp","href":"https:\/\/api.w.org\/{rel}","templated":true}]}}