{"id":263510,"date":"2020-12-31T11:04:27","date_gmt":"2020-12-31T08:04:27","guid":{"rendered":"http:\/\/arantv.az\/?p=263510"},"modified":"2020-12-31T11:04:27","modified_gmt":"2020-12-31T08:04:27","slug":"ilham-%c9%99liyev-k%c9%99nd-t%c9%99s%c9%99rrufatinin-inkisafinda-xidm%c9%99tl%c9%99ri-olan-bir-qrup-s%c9%99xsi-t%c9%99ltif-etdi-s%c9%99r%c9%99ncam","status":"publish","type":"post","link":"https:\/\/arantv.az\/?p=263510","title":{"rendered":"\u0130lham \u018fliyev k\u0259nd t\u0259s\u0259rr\u00fcfat\u0131n\u0131n inki\u015faf\u0131nda xidm\u0259tl\u0259ri olan bir qrup \u015f\u0259xsi t\u0259ltif etdi &#8211; S\u018fR\u018fNCAM"},"content":{"rendered":"<p>Prezident \u0130lham \u018fliyev Az\u0259rbaycan Respublikas\u0131nda k\u0259nd t\u0259s\u0259rr\u00fcfat\u0131n\u0131n inki\u015faf\u0131nda xidm\u0259tl\u0259ri olan bir qrup \u015f\u0259xsin t\u0259ltif edilm\u0259si haqq\u0131nda s\u0259r\u0259ncam imzalay\u0131b.<\/p>\n<p>Bununla ba\u011fl\u0131 Prezidentin r\u0259smi sayt\u0131\u00a0<a href=\"https:\/\/president.az\/articles\/49779\" target=\"_blank\" rel=\"noopener\">m\u0259lumat<\/a>\u00a0yay\u0131b.<\/p>\n<p>S\u0259r\u0259ncama \u0259sas\u0259n, Az\u0259rbaycan Respublikas\u0131nda k\u0259nd t\u0259s\u0259rr\u00fcfat\u0131n\u0131n inki\u015faf\u0131nda xidm\u0259tl\u0259ri olan a\u015fa\u011f\u0131dak\u0131 \u015f\u0259xsl\u0259r t\u0259ltif edilirl\u0259r:<\/p>\n<p><strong>1-ci d\u0259r\u0259c\u0259li \u201c\u018fm\u0259k\u201d ordeni il\u0259<\/strong><\/p>\n<p>Ataki\u015fiyev Saqif Yadulla o\u011flu<\/p>\n<p>\u018fliyev \u0130ntiqam Tahir o\u011flu<\/p>\n<p>\u018fsg\u0259rov \u018ffras \u018fmir o\u011flu<\/p>\n<p>Tal\u0131bov Cehun Abbas o\u011flu<\/p>\n<p>V\u0259liyev Vidadi Fazil o\u011flu<\/p>\n<p><strong>2-ci d\u0259r\u0259c\u0259li \u201c\u018fm\u0259k\u201d ordeni il\u0259<\/strong><\/p>\n<p>Cavadov Cavad Bahad\u0131r o\u011flu<\/p>\n<p>C\u0259f\u0259rov H\u00fcseyn Oruc o\u011flu<\/p>\n<p>\u018fliyev Ramiz Fayaz o\u011flu<\/p>\n<p>H\u00fcseynov Valid Saleh o\u011flu<\/p>\n<p>Qas\u0131mov Raquf Sovet o\u011flu<\/p>\n<p>M\u0259h\u0259rr\u0259mov \u018fdal\u0259t Qara o\u011flu<\/p>\n<p>Mikay\u0131lov Hakim Allahver\u0259n o\u011flu<\/p>\n<p>Mirz\u0259liyev C\u0259f\u0259r Aslan o\u011flu<\/p>\n<p>Mirz\u0259yeva Ulduz \u0130slam q\u0131z\u0131<\/p>\n<p>N\u0259z\u0259rov \u018flitehran \u018flisahib o\u011flu<\/p>\n<p>Rzayev \u015eahmar Mehdi o\u011flu<\/p>\n<p>Umarov Vasif Tofiq o\u011flu<\/p>\n<p>Zeynalov Teymur Nazim o\u011flu<\/p>\n<p><strong>3-c\u00fc d\u0259r\u0259c\u0259li \u201c\u018fm\u0259k\u201d ordeni il\u0259<\/strong><\/p>\n<p>C\u0259lilov Arif \u0130n\u015fallah o\u011flu<\/p>\n<p>F\u0259rz\u0259liyev Sabir T\u0259v\u0259l o\u011flu<\/p>\n<p>H\u0259midov Rauf Tal\u0131\u015f o\u011flu<\/p>\n<p>H\u0259s\u0259nov C\u0259m\u015fid \u0130brahimx\u0259lil o\u011flu<\/p>\n<p>Q\u0259niyev F\u0259rhad Allah\u015f\u00fck\u00fcr o\u011flu<\/p>\n<p>M\u0259d\u0259tov Sahib G\u00fcla\u011fa o\u011flu<\/p>\n<p>M\u0259h\u0259rr\u0259mov N\u0259bi Ba\u011f\u0131 o\u011flu<\/p>\n<p>M\u0259mm\u0259dov Qabil S\u00fcleyman o\u011flu<\/p>\n<p>Mustafayev A\u011famirz\u0259 \u0130mamal\u0131 o\u011flu<\/p>\n<p>Nuriyev Ramiz G\u00fcl\u0259li o\u011flu<\/p>\n<p>S\u0259m\u0259dov Eyvaz Mirz\u0259 o\u011flu<\/p>\n<p>\u015eabanov Vaqif Cuma o\u011flu<\/p>\n<p><strong>\u201cT\u0259r\u0259qqi\u201d medal\u0131 il\u0259<\/strong><\/p>\n<p>Abdullayev Q\u0259nb\u0259r Qara o\u011flu<\/p>\n<p>Allahver\u0259nov Mustafa \u0130brahim o\u011flu<\/p>\n<p>Babayev G\u0259nc\u0259li \u015eahlar o\u011flu<\/p>\n<p>\u018fliyev Mirz\u0259 Mikay\u0131l o\u011flu<\/p>\n<p>\u018fliyeva Zenfira Kamil q\u0131z\u0131<\/p>\n<p>H\u00fcseynov P\u0259nah Alxos o\u011flu<\/p>\n<p>\u0130smay\u0131lov \u0130srafil \u0130brahim o\u011flu<\/p>\n<p>Qaz\u0131yev Arif Tofiq o\u011flu<\/p>\n<p>Quliyev Yaqub \u0130smay\u0131l o\u011flu<\/p>\n<p>Mehr\u0259liyev \u0130man Xudaverdi o\u011flu<\/p>\n<p>Mustafayev Allahverdi \u015eah\u00fcseyn o\u011flu<\/p>\n<p>N\u0259sibov Famil N\u0259sir o\u011flu<\/p>\n<p>Ramazanov Adil Mirz\u0259 o\u011flu<\/p>\n<p>R\u00fcst\u0259mova Sial\u0259 \u0130smay\u0131l q\u0131z\u0131<\/p>\n<p>Seyidov Mirvasif Adil o\u011flu<\/p>\n<p>\u015e\u0131x\u0259liyev Fariz Q\u0259z\u0259nf\u0259r o\u011flu<\/p>\n<p>Verdiyev R\u0259hman X\u0259lil o\u011flu.<\/p>\n","protected":false},"excerpt":{"rendered":"<p>Prezident \u0130lham \u018fliyev Az\u0259rbaycan Respublikas\u0131nda k\u0259nd t\u0259s\u0259rr\u00fcfat\u0131n\u0131n inki\u015faf\u0131nda xidm\u0259tl\u0259ri olan bir qrup \u015f\u0259xsin t\u0259ltif edilm\u0259si haqq\u0131nda s\u0259r\u0259ncam imzalay\u0131b. Bununla ba\u011fl\u0131 Prezidentin r\u0259smi sayt\u0131\u00a0m\u0259lumat\u00a0yay\u0131b. S\u0259r\u0259ncama \u0259sas\u0259n, Az\u0259rbaycan Respublikas\u0131nda k\u0259nd t\u0259s\u0259rr\u00fcfat\u0131n\u0131n inki\u015faf\u0131nda xidm\u0259tl\u0259ri olan a\u015fa\u011f\u0131dak\u0131 \u015f\u0259xsl\u0259r t\u0259ltif edilirl\u0259r: 1-ci d\u0259r\u0259c\u0259li \u201c\u018fm\u0259k\u201d ordeni il\u0259 Ataki\u015fiyev Saqif Yadulla o\u011flu \u018fliyev \u0130ntiqam Tahir o\u011flu \u018fsg\u0259rov \u018ffras \u018fmir o\u011flu Tal\u0131bov Cehun Abbas o\u011flu V\u0259liyev Vidadi Fazil o\u011flu 2-ci d\u0259r\u0259c\u0259li \u201c\u018fm\u0259k\u201d ordeni il\u0259 Cavadov Cavad Bahad\u0131r o\u011flu C\u0259f\u0259rov H\u00fcseyn Oruc o\u011flu \u018fliyev Ramiz Fayaz o\u011flu H\u00fcseynov Valid Saleh o\u011flu Qas\u0131mov Raquf Sovet o\u011flu M\u0259h\u0259rr\u0259mov \u018fdal\u0259t Qara o\u011flu&hellip;<\/p>\n","protected":false},"author":2,"featured_media":263511,"comment_status":"closed","ping_status":"closed","sticky":false,"template":"","format":"standard","meta":{"om_disable_all_campaigns":false,"_monsterinsights_skip_tracking":false,"_monsterinsights_sitenote_active":false,"_monsterinsights_sitenote_note":"","_monsterinsights_sitenote_category":0},"categories":[4],"tags":[],"aioseo_notices":[],"gutentor_comment":0,"rttpg_featured_image_url":{"full":["https:\/\/arantv.az\/wp-content\/uploads\/2020\/12\/1557388930_1512478603_1505055918_1498630553_21518418079-1520403622_1520404087.jpg",620,384,false],"landscape":["https:\/\/arantv.az\/wp-content\/uploads\/2020\/12\/1557388930_1512478603_1505055918_1498630553_21518418079-1520403622_1520404087.jpg",620,384,false],"portraits":["https:\/\/arantv.az\/wp-content\/uploads\/2020\/12\/1557388930_1512478603_1505055918_1498630553_21518418079-1520403622_1520404087.jpg",620,384,false],"thumbnail":["https:\/\/arantv.az\/wp-content\/uploads\/2020\/12\/1557388930_1512478603_1505055918_1498630553_21518418079-1520403622_1520404087-150x150.jpg",150,150,true],"medium":["https:\/\/arantv.az\/wp-content\/uploads\/2020\/12\/1557388930_1512478603_1505055918_1498630553_21518418079-1520403622_1520404087-300x186.jpg",300,186,true],"large":["https:\/\/arantv.az\/wp-content\/uploads\/2020\/12\/1557388930_1512478603_1505055918_1498630553_21518418079-1520403622_1520404087.jpg",620,384,false],"1536x1536":["https:\/\/arantv.az\/wp-content\/uploads\/2020\/12\/1557388930_1512478603_1505055918_1498630553_21518418079-1520403622_1520404087.jpg",620,384,false],"2048x2048":["https:\/\/arantv.az\/wp-content\/uploads\/2020\/12\/1557388930_1512478603_1505055918_1498630553_21518418079-1520403622_1520404087.jpg",620,384,false],"post-thumbnail":["https:\/\/arantv.az\/wp-content\/uploads\/2020\/12\/1557388930_1512478603_1505055918_1498630553_21518418079-1520403622_1520404087-240x172.jpg",240,172,true],"advps-thumb-one":["https:\/\/arantv.az\/wp-content\/uploads\/2020\/12\/1557388930_1512478603_1505055918_1498630553_21518418079-1520403622_1520404087.jpg",620,384,false]},"rttpg_author":{"display_name":"V\u00fcsal Rafiqo\u011flu","author_link":"https:\/\/arantv.az\/?author=2"},"rttpg_comment":0,"rttpg_category":"<a href=\"https:\/\/arantv.az\/?cat=4\" rel=\"category\">Siyas\u0259t<\/a>","rttpg_excerpt":"Prezident \u0130lham \u018fliyev Az\u0259rbaycan Respublikas\u0131nda k\u0259nd t\u0259s\u0259rr\u00fcfat\u0131n\u0131n inki\u015faf\u0131nda xidm\u0259tl\u0259ri olan bir qrup \u015f\u0259xsin t\u0259ltif edilm\u0259si haqq\u0131nda s\u0259r\u0259ncam imzalay\u0131b. Bununla ba\u011fl\u0131 Prezidentin r\u0259smi sayt\u0131\u00a0m\u0259lumat\u00a0yay\u0131b. S\u0259r\u0259ncama \u0259sas\u0259n, Az\u0259rbaycan Respublikas\u0131nda k\u0259nd t\u0259s\u0259rr\u00fcfat\u0131n\u0131n inki\u015faf\u0131nda xidm\u0259tl\u0259ri olan a\u015fa\u011f\u0131dak\u0131 \u015f\u0259xsl\u0259r t\u0259ltif edilirl\u0259r: 1-ci d\u0259r\u0259c\u0259li \u201c\u018fm\u0259k\u201d ordeni il\u0259 Ataki\u015fiyev Saqif Yadulla o\u011flu \u018fliyev \u0130ntiqam Tahir o\u011flu \u018fsg\u0259rov \u018ffras \u018fmir o\u011flu Tal\u0131bov Cehun&hellip;","_links":{"self":[{"href":"https:\/\/arantv.az\/index.php?rest_route=\/wp\/v2\/posts\/263510"}],"collection":[{"href":"https:\/\/arantv.az\/index.php?rest_route=\/wp\/v2\/posts"}],"about":[{"href":"https:\/\/arantv.az\/index.php?rest_route=\/wp\/v2\/types\/post"}],"author":[{"embeddable":true,"href":"https:\/\/arantv.az\/index.php?rest_route=\/wp\/v2\/users\/2"}],"replies":[{"embeddable":true,"href":"https:\/\/arantv.az\/index.php?rest_route=%2Fwp%2Fv2%2Fcomments&post=263510"}],"version-history":[{"count":0,"href":"https:\/\/arantv.az\/index.php?rest_route=\/wp\/v2\/posts\/263510\/revisions"}],"wp:featuredmedia":[{"embeddable":true,"href":"https:\/\/arantv.az\/index.php?rest_route=\/wp\/v2\/media\/263511"}],"wp:attachment":[{"href":"https:\/\/arantv.az\/index.php?rest_route=%2Fwp%2Fv2%2Fmedia&parent=263510"}],"wp:term":[{"taxonomy":"category","embeddable":true,"href":"https:\/\/arantv.az\/index.php?rest_route=%2Fwp%2Fv2%2Fcategories&post=263510"},{"taxonomy":"post_tag","embeddable":true,"href":"https:\/\/arantv.az\/index.php?rest_route=%2Fwp%2Fv2%2Ftags&post=263510"}],"curies":[{"name":"wp","href":"https:\/\/api.w.org\/{rel}","templated":true}]}}