{"id":263518,"date":"2020-12-31T11:07:02","date_gmt":"2020-12-31T08:07:02","guid":{"rendered":"http:\/\/arantv.az\/?p=263518"},"modified":"2020-12-31T11:07:02","modified_gmt":"2020-12-31T08:07:02","slug":"bir-qrup-d%c9%99mir-yolu-n%c9%99qliyyati-iscil%c9%99ri-t%c9%99ltif-edildi-s%c9%99r%c9%99ncam","status":"publish","type":"post","link":"https:\/\/arantv.az\/?p=263518","title":{"rendered":"Bir qrup d\u0259mir yolu n\u0259qliyyat\u0131 i\u015f\u00e7il\u0259ri t\u0259ltif edildi &#8211; S\u018fR\u018fNCAM"},"content":{"rendered":"<p>Prezident \u0130lham \u018fliyev Az\u0259rbaycan d\u0259mir yolu n\u0259qliyyat\u0131 i\u015f\u00e7il\u0259rinin t\u0259ltif edilm\u0259si haqq\u0131nda s\u0259r\u0259ncam imzalay\u0131b.<\/p>\n<p>Bu bar\u0259d\u0259\u00a0<a href=\"https:\/\/president.az\/articles\/49781\" target=\"_blank\" rel=\"noopener\"><strong>m\u0259lumat<\/strong><\/a>\u00a0Prezidentin r\u0259smi sayt\u0131nda yerl\u0259\u015fdirilib.<\/p>\n<p>S\u0259r\u0259ncama g\u00f6r\u0259, Az\u0259rbaycanda d\u0259mir yolu n\u0259qliyyat\u0131n\u0131n inki\u015faf\u0131nda s\u0259m\u0259r\u0259li f\u0259aliyy\u0259tin\u0259 g\u00f6r\u0259 a\u015fa\u011f\u0131dak\u0131 \u015f\u0259xsl\u0259r t\u0259ltif edilibl\u0259r:<\/p>\n<div id=\"AdviadNativeVideo0\" class=\"AdviadNativeVideo\"><\/div>\n<p><strong>3-c\u00fc d\u0259r\u0259c\u0259li \u201c\u018fm\u0259k\u201d ordeni il\u0259<\/strong><\/p>\n<p>Abbasov Vaqif Kamal o\u011flu<\/p>\n<p>Cavadov \u0130lham Kamal o\u011flu<\/p>\n<p><strong>\u201cT\u0259r\u0259qqi\u201d medal\u0131 il\u0259<\/strong><\/p>\n<p>Abasov M\u00fc\u015ffiq S\u0259xav\u0259t o\u011flu<\/p>\n<p>Allahverdiyev M\u00fcbariz H\u0259s\u0259n o\u011flu<\/p>\n<p>Babayev Ramiz \u018flibaba o\u011flu<\/p>\n<p>Cavadov A\u011fa Tahir o\u011flu<\/p>\n<p>C\u0259f\u0259rov Elman Rza o\u011flu<\/p>\n<p>\u018fhm\u0259dov Mehman \u018fhm\u0259d o\u011flu<\/p>\n<p>\u018fhm\u0259dov Zahid F\u0259rman o\u011flu<\/p>\n<p>\u018fliyev Asif \u00c7\u0259rk\u0259z o\u011flu<\/p>\n<p>\u018fsg\u0259rov Anar \u015eahlar o\u011flu<\/p>\n<p>Q\u0259hr\u0259manov Seymur S\u00fcleyman o\u011flu<\/p>\n<p>M\u0259mm\u0259d\u0259liyev \u018f\u015fr\u0259f Allahverdi o\u011flu<\/p>\n<p>M\u0259mm\u0259dov El\u00e7in Tofiq o\u011flu<\/p>\n<p>M\u0259mm\u0259dov Mehman \u0130sg\u0259nd\u0259r o\u011flu<\/p>\n<p>N\u0259c\u0259fov \u018fl\u00f6vs\u0259t Niftulla o\u011flu<\/p>\n<p>N\u0259sirov F\u0259rhad S\u0259yyad o\u011flu.<\/p>\n","protected":false},"excerpt":{"rendered":"<p>Prezident \u0130lham \u018fliyev Az\u0259rbaycan d\u0259mir yolu n\u0259qliyyat\u0131 i\u015f\u00e7il\u0259rinin t\u0259ltif edilm\u0259si haqq\u0131nda s\u0259r\u0259ncam imzalay\u0131b. Bu bar\u0259d\u0259\u00a0m\u0259lumat\u00a0Prezidentin r\u0259smi sayt\u0131nda yerl\u0259\u015fdirilib. S\u0259r\u0259ncama g\u00f6r\u0259, Az\u0259rbaycanda d\u0259mir yolu n\u0259qliyyat\u0131n\u0131n inki\u015faf\u0131nda s\u0259m\u0259r\u0259li f\u0259aliyy\u0259tin\u0259 g\u00f6r\u0259 a\u015fa\u011f\u0131dak\u0131 \u015f\u0259xsl\u0259r t\u0259ltif edilibl\u0259r: 3-c\u00fc d\u0259r\u0259c\u0259li \u201c\u018fm\u0259k\u201d ordeni il\u0259 Abbasov Vaqif Kamal o\u011flu Cavadov \u0130lham Kamal o\u011flu \u201cT\u0259r\u0259qqi\u201d medal\u0131 il\u0259 Abasov M\u00fc\u015ffiq S\u0259xav\u0259t o\u011flu Allahverdiyev M\u00fcbariz H\u0259s\u0259n o\u011flu Babayev Ramiz \u018flibaba o\u011flu Cavadov A\u011fa Tahir o\u011flu C\u0259f\u0259rov Elman Rza o\u011flu \u018fhm\u0259dov Mehman \u018fhm\u0259d o\u011flu \u018fhm\u0259dov Zahid F\u0259rman o\u011flu \u018fliyev Asif \u00c7\u0259rk\u0259z o\u011flu \u018fsg\u0259rov Anar \u015eahlar o\u011flu Q\u0259hr\u0259manov Seymur S\u00fcleyman o\u011flu M\u0259mm\u0259d\u0259liyev \u018f\u015fr\u0259f&hellip;<\/p>\n","protected":false},"author":2,"featured_media":263519,"comment_status":"closed","ping_status":"closed","sticky":false,"template":"","format":"standard","meta":{"om_disable_all_campaigns":false,"_monsterinsights_skip_tracking":false,"_monsterinsights_sitenote_active":false,"_monsterinsights_sitenote_note":"","_monsterinsights_sitenote_category":0},"categories":[4],"tags":[],"aioseo_notices":[],"gutentor_comment":0,"rttpg_featured_image_url":{"full":["https:\/\/arantv.az\/wp-content\/uploads\/2020\/12\/409741563.jpg",620,335,false],"landscape":["https:\/\/arantv.az\/wp-content\/uploads\/2020\/12\/409741563.jpg",620,335,false],"portraits":["https:\/\/arantv.az\/wp-content\/uploads\/2020\/12\/409741563.jpg",620,335,false],"thumbnail":["https:\/\/arantv.az\/wp-content\/uploads\/2020\/12\/409741563-150x150.jpg",150,150,true],"medium":["https:\/\/arantv.az\/wp-content\/uploads\/2020\/12\/409741563-300x162.jpg",300,162,true],"large":["https:\/\/arantv.az\/wp-content\/uploads\/2020\/12\/409741563.jpg",620,335,false],"1536x1536":["https:\/\/arantv.az\/wp-content\/uploads\/2020\/12\/409741563.jpg",620,335,false],"2048x2048":["https:\/\/arantv.az\/wp-content\/uploads\/2020\/12\/409741563.jpg",620,335,false],"post-thumbnail":["https:\/\/arantv.az\/wp-content\/uploads\/2020\/12\/409741563-240x172.jpg",240,172,true],"advps-thumb-one":["https:\/\/arantv.az\/wp-content\/uploads\/2020\/12\/409741563.jpg",620,335,false]},"rttpg_author":{"display_name":"V\u00fcsal Rafiqo\u011flu","author_link":"https:\/\/arantv.az\/?author=2"},"rttpg_comment":0,"rttpg_category":"<a href=\"https:\/\/arantv.az\/?cat=4\" rel=\"category\">Siyas\u0259t<\/a>","rttpg_excerpt":"Prezident \u0130lham \u018fliyev Az\u0259rbaycan d\u0259mir yolu n\u0259qliyyat\u0131 i\u015f\u00e7il\u0259rinin t\u0259ltif edilm\u0259si haqq\u0131nda s\u0259r\u0259ncam imzalay\u0131b. Bu bar\u0259d\u0259\u00a0m\u0259lumat\u00a0Prezidentin r\u0259smi sayt\u0131nda yerl\u0259\u015fdirilib. S\u0259r\u0259ncama g\u00f6r\u0259, Az\u0259rbaycanda d\u0259mir yolu n\u0259qliyyat\u0131n\u0131n inki\u015faf\u0131nda s\u0259m\u0259r\u0259li f\u0259aliyy\u0259tin\u0259 g\u00f6r\u0259 a\u015fa\u011f\u0131dak\u0131 \u015f\u0259xsl\u0259r t\u0259ltif edilibl\u0259r: 3-c\u00fc d\u0259r\u0259c\u0259li \u201c\u018fm\u0259k\u201d ordeni il\u0259 Abbasov Vaqif Kamal o\u011flu Cavadov \u0130lham Kamal o\u011flu \u201cT\u0259r\u0259qqi\u201d medal\u0131 il\u0259 Abasov M\u00fc\u015ffiq S\u0259xav\u0259t o\u011flu Allahverdiyev M\u00fcbariz H\u0259s\u0259n&hellip;","_links":{"self":[{"href":"https:\/\/arantv.az\/index.php?rest_route=\/wp\/v2\/posts\/263518"}],"collection":[{"href":"https:\/\/arantv.az\/index.php?rest_route=\/wp\/v2\/posts"}],"about":[{"href":"https:\/\/arantv.az\/index.php?rest_route=\/wp\/v2\/types\/post"}],"author":[{"embeddable":true,"href":"https:\/\/arantv.az\/index.php?rest_route=\/wp\/v2\/users\/2"}],"replies":[{"embeddable":true,"href":"https:\/\/arantv.az\/index.php?rest_route=%2Fwp%2Fv2%2Fcomments&post=263518"}],"version-history":[{"count":0,"href":"https:\/\/arantv.az\/index.php?rest_route=\/wp\/v2\/posts\/263518\/revisions"}],"wp:featuredmedia":[{"embeddable":true,"href":"https:\/\/arantv.az\/index.php?rest_route=\/wp\/v2\/media\/263519"}],"wp:attachment":[{"href":"https:\/\/arantv.az\/index.php?rest_route=%2Fwp%2Fv2%2Fmedia&parent=263518"}],"wp:term":[{"taxonomy":"category","embeddable":true,"href":"https:\/\/arantv.az\/index.php?rest_route=%2Fwp%2Fv2%2Fcategories&post=263518"},{"taxonomy":"post_tag","embeddable":true,"href":"https:\/\/arantv.az\/index.php?rest_route=%2Fwp%2Fv2%2Ftags&post=263518"}],"curies":[{"name":"wp","href":"https:\/\/api.w.org\/{rel}","templated":true}]}}