{"id":26355,"date":"2018-12-05T14:41:52","date_gmt":"2018-12-05T11:41:52","guid":{"rendered":"http:\/\/arantv.az\/?p=26355"},"modified":"2018-12-05T14:41:52","modified_gmt":"2018-12-05T11:41:52","slug":"nazir-xaricd%c9%99-elmi-f%c9%99aliyy%c9%99tl%c9%99-m%c9%99sgul-olan-coxsayli-az%c9%99rbaycan-aliml%c9%99ri-var","status":"publish","type":"post","link":"https:\/\/arantv.az\/?p=26355","title":{"rendered":"Nazir: &#8220;Xaricd\u0259 elmi f\u0259aliyy\u0259tl\u0259 m\u0259\u015f\u011ful olan \u00e7oxsayl\u0131 Az\u0259rbaycan aliml\u0259ri var&#8221;"},"content":{"rendered":"<blockquote><p><em><strong>\u00d6t\u0259n ill\u0259r \u0259rzind\u0259 Az\u0259rbaycan aliml\u0259rinin impakt faktorlu xarici jurnallarda d\u0259rc etdirdiyi m\u0259qal\u0259l\u0259rin say\u0131 art\u0131b. Ancaq hesab edirik ki, n\u00f6vb\u0259ti ill\u0259rd\u0259 biz yaln\u0131z k\u0259miyy\u0259t\u0259 deyil, keyfiyy\u0259t g\u00f6st\u0259ricil\u0259rin\u0259 d\u0259 diqq\u0259t yetirm\u0259liyik.<\/strong><\/em><\/p><\/blockquote>\n<p><strong>ARANTV.AZ<\/strong> trend-\u0259 istinad\u0259n x\u0259b\u0259r verir ki, bunu t\u0259hsil naziri Ceyhun Bayramov deyib.<\/p>\n<p>Onun s\u00f6zl\u0259rin\u0259 g\u00f6r\u0259, d\u0259rc edil\u0259n m\u0259qal\u0259l\u0259rin say\u0131 deyil, onlara istinad edil\u0259n indeksl\u0259rin t\u0259hlili, Az\u0259rbaycan aliml\u0259rinin xarici \u00f6lk\u0259l\u0259rin aliml\u0259ri il\u0259 birg\u0259 f\u0259aliyy\u0259tinin n\u0259tic\u0259l\u0259rinin \u0259ld\u0259 edilm\u0259si vacibdir.<\/p>\n<p>Nazir qeyd edib ki, d\u00fcnya s\u0259viyy\u0259sind\u0259 elmi f\u0259aliyy\u0259tin real iqtisad\u0131yyat\u0131n t\u0259l\u0259bl\u0259rin\u0259 uy\u011fun olaraq h\u0259yata ke\u00e7irilm\u0259si t\u0259hsil m\u00fc\u0259ssis\u0259l\u0259rini innovasiya istehsal\u00e7\u0131lar\u0131 v\u0259 ixracat\u00e7\u0131lar\u0131na \u00e7evirib. \u0130nnovasiyalar\u0131n s\u0259m\u0259r\u0259li istifad\u0259si, y\u00fcks\u0259k s\u0259viyy\u0259li m\u00fct\u0259x\u0259ssisl\u0259rin haz\u0131rlanmas\u0131 t\u0259kmill\u0259\u015fdirilm\u0259ni z\u0259ruri edir:<\/p>\n<div id=\"AdributorNativeVideo0\" class=\"AdributorNativeVideo\"><\/div>\n<p>&#8220;Bel\u0259 oldu\u011fu t\u0259qdird\u0259 hesab edirik ki, elm, t\u0259hsil, innovasiyalar aras\u0131nda s\u0259b\u0259b-n\u0259tic\u0259 ba\u011flant\u0131s\u0131 m\u00fcasir universitetl\u0259rin \u0259sas missiyas\u0131 olmal\u0131d\u0131r&#8221;.<\/p>\n<p>C.Bayramov \u0259lav\u0259 edib ki, xarici \u00f6lk\u0259l\u0259rin t\u0259hsil m\u00fc\u0259ssi\u0259l\u0259rind\u0259 elmi-t\u0259dqiqat f\u0259aliyy\u0259ti il\u0259 m\u0259\u015f\u011ful olan \u00e7oxsayl\u0131 Az\u0259rbaycan aliml\u0259ri var.<\/p>\n<p>Nazir hesab edir ki, onlarla birg\u0259 \u0259m\u0259kda\u015fl\u0131\u011f\u0131n olmas\u0131 da \u00e7ox faydal\u0131d\u0131r.<\/p>\n","protected":false},"excerpt":{"rendered":"<p>\u00d6t\u0259n ill\u0259r \u0259rzind\u0259 Az\u0259rbaycan aliml\u0259rinin impakt faktorlu xarici jurnallarda d\u0259rc etdirdiyi m\u0259qal\u0259l\u0259rin say\u0131 art\u0131b. Ancaq hesab edirik ki, n\u00f6vb\u0259ti ill\u0259rd\u0259 biz yaln\u0131z k\u0259miyy\u0259t\u0259 deyil, keyfiyy\u0259t g\u00f6st\u0259ricil\u0259rin\u0259 d\u0259 diqq\u0259t yetirm\u0259liyik. ARANTV.AZ trend-\u0259 istinad\u0259n x\u0259b\u0259r verir ki, bunu t\u0259hsil naziri Ceyhun Bayramov deyib. Onun s\u00f6zl\u0259rin\u0259 g\u00f6r\u0259, d\u0259rc edil\u0259n m\u0259qal\u0259l\u0259rin say\u0131 deyil, onlara istinad edil\u0259n indeksl\u0259rin t\u0259hlili, Az\u0259rbaycan aliml\u0259rinin xarici \u00f6lk\u0259l\u0259rin aliml\u0259ri il\u0259 birg\u0259 f\u0259aliyy\u0259tinin n\u0259tic\u0259l\u0259rinin \u0259ld\u0259 edilm\u0259si vacibdir. Nazir qeyd edib ki, d\u00fcnya s\u0259viyy\u0259sind\u0259 elmi f\u0259aliyy\u0259tin real iqtisad\u0131yyat\u0131n t\u0259l\u0259bl\u0259rin\u0259 uy\u011fun olaraq h\u0259yata ke\u00e7irilm\u0259si t\u0259hsil m\u00fc\u0259ssis\u0259l\u0259rini innovasiya istehsal\u00e7\u0131lar\u0131 v\u0259 ixracat\u00e7\u0131lar\u0131na \u00e7evirib. \u0130nnovasiyalar\u0131n s\u0259m\u0259r\u0259li&hellip;<\/p>\n","protected":false},"author":2,"featured_media":26356,"comment_status":"closed","ping_status":"closed","sticky":false,"template":"","format":"standard","meta":{"om_disable_all_campaigns":false,"_monsterinsights_skip_tracking":false,"_monsterinsights_sitenote_active":false,"_monsterinsights_sitenote_note":"","_monsterinsights_sitenote_category":0},"categories":[1],"tags":[],"aioseo_notices":[],"gutentor_comment":0,"rttpg_featured_image_url":{"full":["https:\/\/arantv.az\/wp-content\/uploads\/2018\/12\/709942.jpg",800,600,false],"landscape":["https:\/\/arantv.az\/wp-content\/uploads\/2018\/12\/709942.jpg",800,600,false],"portraits":["https:\/\/arantv.az\/wp-content\/uploads\/2018\/12\/709942.jpg",800,600,false],"thumbnail":["https:\/\/arantv.az\/wp-content\/uploads\/2018\/12\/709942-150x150.jpg",150,150,true],"medium":["https:\/\/arantv.az\/wp-content\/uploads\/2018\/12\/709942-300x225.jpg",300,225,true],"large":["https:\/\/arantv.az\/wp-content\/uploads\/2018\/12\/709942.jpg",640,480,false],"1536x1536":["https:\/\/arantv.az\/wp-content\/uploads\/2018\/12\/709942.jpg",800,600,false],"2048x2048":["https:\/\/arantv.az\/wp-content\/uploads\/2018\/12\/709942.jpg",800,600,false],"post-thumbnail":["https:\/\/arantv.az\/wp-content\/uploads\/2018\/12\/709942-240x172.jpg",240,172,true],"advps-thumb-one":["https:\/\/arantv.az\/wp-content\/uploads\/2018\/12\/709942.jpg",800,600,false]},"rttpg_author":{"display_name":"V\u00fcsal Rafiqo\u011flu","author_link":"https:\/\/arantv.az\/?author=2"},"rttpg_comment":0,"rttpg_category":"<a href=\"https:\/\/arantv.az\/?cat=1\" rel=\"category\">C\u0259miyy\u0259t<\/a>","rttpg_excerpt":"\u00d6t\u0259n ill\u0259r \u0259rzind\u0259 Az\u0259rbaycan aliml\u0259rinin impakt faktorlu xarici jurnallarda d\u0259rc etdirdiyi m\u0259qal\u0259l\u0259rin say\u0131 art\u0131b. Ancaq hesab edirik ki, n\u00f6vb\u0259ti ill\u0259rd\u0259 biz yaln\u0131z k\u0259miyy\u0259t\u0259 deyil, keyfiyy\u0259t g\u00f6st\u0259ricil\u0259rin\u0259 d\u0259 diqq\u0259t yetirm\u0259liyik. ARANTV.AZ trend-\u0259 istinad\u0259n x\u0259b\u0259r verir ki, bunu t\u0259hsil naziri Ceyhun Bayramov deyib. Onun s\u00f6zl\u0259rin\u0259 g\u00f6r\u0259, d\u0259rc edil\u0259n m\u0259qal\u0259l\u0259rin say\u0131 deyil, onlara istinad edil\u0259n indeksl\u0259rin t\u0259hlili, Az\u0259rbaycan&hellip;","_links":{"self":[{"href":"https:\/\/arantv.az\/index.php?rest_route=\/wp\/v2\/posts\/26355"}],"collection":[{"href":"https:\/\/arantv.az\/index.php?rest_route=\/wp\/v2\/posts"}],"about":[{"href":"https:\/\/arantv.az\/index.php?rest_route=\/wp\/v2\/types\/post"}],"author":[{"embeddable":true,"href":"https:\/\/arantv.az\/index.php?rest_route=\/wp\/v2\/users\/2"}],"replies":[{"embeddable":true,"href":"https:\/\/arantv.az\/index.php?rest_route=%2Fwp%2Fv2%2Fcomments&post=26355"}],"version-history":[{"count":0,"href":"https:\/\/arantv.az\/index.php?rest_route=\/wp\/v2\/posts\/26355\/revisions"}],"wp:featuredmedia":[{"embeddable":true,"href":"https:\/\/arantv.az\/index.php?rest_route=\/wp\/v2\/media\/26356"}],"wp:attachment":[{"href":"https:\/\/arantv.az\/index.php?rest_route=%2Fwp%2Fv2%2Fmedia&parent=26355"}],"wp:term":[{"taxonomy":"category","embeddable":true,"href":"https:\/\/arantv.az\/index.php?rest_route=%2Fwp%2Fv2%2Fcategories&post=26355"},{"taxonomy":"post_tag","embeddable":true,"href":"https:\/\/arantv.az\/index.php?rest_route=%2Fwp%2Fv2%2Ftags&post=26355"}],"curies":[{"name":"wp","href":"https:\/\/api.w.org\/{rel}","templated":true}]}}