{"id":263570,"date":"2020-12-31T11:18:35","date_gmt":"2020-12-31T08:18:35","guid":{"rendered":"http:\/\/arantv.az\/?p=263570"},"modified":"2020-12-31T11:18:35","modified_gmt":"2020-12-31T08:18:35","slug":"ilham-%c9%99liyevd%c9%99n-r%c9%99him-sukurovla-bagli-s%c9%99r%c9%99ncam","status":"publish","type":"post","link":"https:\/\/arantv.az\/?p=263570","title":{"rendered":"\u0130lham \u018fliyevd\u0259n R\u0259him \u015e\u00fck\u00fcrovla ba\u011fl\u0131 S\u018fR\u018fNCAM"},"content":{"rendered":"<p>Prezident \u0130lham \u018fliyev R\u0259him \u0130zz\u0259t o\u011flu \u015e\u00fck\u00fcrova Az\u0259rbaycan Respublikas\u0131 Prezidentinin f\u0259rdi t\u0259qa\u00fcd\u00fcn\u00fcn verilm\u0259si haqq\u0131nda s\u0259r\u0259ncam imzalay\u0131b.<\/p>\n<p>Bununla ba\u011fl\u0131\u00a0<a href=\"https:\/\/azertag.az\/xeber\/RISukurova_Azerbaycan_Respublikasi_Prezidentinin_ferdi_teqaudunun_verilmesi_haqqinda_Azerbaycan_Respublikasi_Prezidentinin_Serencami-1678699\" target=\"_blank\" rel=\"noopener\">AZ\u018fRTAC<\/a>\u00a0m\u0259lumat yay\u0131b.<\/p>\n<p>S\u0259r\u0259ncama \u0259sas\u0259n, Az\u0259rbaycan Texniki Universitetinin 70 illiyi m\u00fcnasib\u0259til\u0259 Az\u0259rbaycanda m\u00fch\u0259ndis kadrlar\u0131n\u0131n haz\u0131rlanmas\u0131 v\u0259 texniki elml\u0259rin inki\u015faf\u0131nda uzunm\u00fcdd\u0259tli xidm\u0259tl\u0259rin\u0259 g\u00f6r\u0259 R\u0259him \u0130zz\u0259t o\u011flu \u015e\u00fck\u00fcrova Az\u0259rbaycan Respublikas\u0131 Prezidentinin f\u0259rdi t\u0259qa\u00fcd\u00fc verilir.<\/p>\n","protected":false},"excerpt":{"rendered":"<p>Prezident \u0130lham \u018fliyev R\u0259him \u0130zz\u0259t o\u011flu \u015e\u00fck\u00fcrova Az\u0259rbaycan Respublikas\u0131 Prezidentinin f\u0259rdi t\u0259qa\u00fcd\u00fcn\u00fcn verilm\u0259si haqq\u0131nda s\u0259r\u0259ncam imzalay\u0131b. Bununla ba\u011fl\u0131\u00a0AZ\u018fRTAC\u00a0m\u0259lumat yay\u0131b. S\u0259r\u0259ncama \u0259sas\u0259n, Az\u0259rbaycan Texniki Universitetinin 70 illiyi m\u00fcnasib\u0259til\u0259 Az\u0259rbaycanda m\u00fch\u0259ndis kadrlar\u0131n\u0131n haz\u0131rlanmas\u0131 v\u0259 texniki elml\u0259rin inki\u015faf\u0131nda uzunm\u00fcdd\u0259tli xidm\u0259tl\u0259rin\u0259 g\u00f6r\u0259 R\u0259him \u0130zz\u0259t o\u011flu \u015e\u00fck\u00fcrova Az\u0259rbaycan Respublikas\u0131 Prezidentinin f\u0259rdi t\u0259qa\u00fcd\u00fc verilir.<\/p>\n","protected":false},"author":2,"featured_media":198732,"comment_status":"closed","ping_status":"closed","sticky":false,"template":"","format":"standard","meta":{"om_disable_all_campaigns":false,"_monsterinsights_skip_tracking":false,"_monsterinsights_sitenote_active":false,"_monsterinsights_sitenote_note":"","_monsterinsights_sitenote_category":0},"categories":[4],"tags":[],"aioseo_notices":[],"gutentor_comment":0,"rttpg_featured_image_url":{"full":["https:\/\/arantv.az\/wp-content\/uploads\/2020\/07\/imza-kalem.jpg",620,354,false],"landscape":["https:\/\/arantv.az\/wp-content\/uploads\/2020\/07\/imza-kalem.jpg",620,354,false],"portraits":["https:\/\/arantv.az\/wp-content\/uploads\/2020\/07\/imza-kalem.jpg",620,354,false],"thumbnail":["https:\/\/arantv.az\/wp-content\/uploads\/2020\/07\/imza-kalem-150x150.jpg",150,150,true],"medium":["https:\/\/arantv.az\/wp-content\/uploads\/2020\/07\/imza-kalem-300x171.jpg",300,171,true],"large":["https:\/\/arantv.az\/wp-content\/uploads\/2020\/07\/imza-kalem.jpg",620,354,false],"1536x1536":["https:\/\/arantv.az\/wp-content\/uploads\/2020\/07\/imza-kalem.jpg",620,354,false],"2048x2048":["https:\/\/arantv.az\/wp-content\/uploads\/2020\/07\/imza-kalem.jpg",620,354,false],"post-thumbnail":["https:\/\/arantv.az\/wp-content\/uploads\/2020\/07\/imza-kalem-240x172.jpg",240,172,true],"advps-thumb-one":["https:\/\/arantv.az\/wp-content\/uploads\/2020\/07\/imza-kalem.jpg",620,354,false]},"rttpg_author":{"display_name":"V\u00fcsal Rafiqo\u011flu","author_link":"https:\/\/arantv.az\/?author=2"},"rttpg_comment":0,"rttpg_category":"<a href=\"https:\/\/arantv.az\/?cat=4\" rel=\"category\">Siyas\u0259t<\/a>","rttpg_excerpt":"Prezident \u0130lham \u018fliyev R\u0259him \u0130zz\u0259t o\u011flu \u015e\u00fck\u00fcrova Az\u0259rbaycan Respublikas\u0131 Prezidentinin f\u0259rdi t\u0259qa\u00fcd\u00fcn\u00fcn verilm\u0259si haqq\u0131nda s\u0259r\u0259ncam imzalay\u0131b. Bununla ba\u011fl\u0131\u00a0AZ\u018fRTAC\u00a0m\u0259lumat yay\u0131b. S\u0259r\u0259ncama \u0259sas\u0259n, Az\u0259rbaycan Texniki Universitetinin 70 illiyi m\u00fcnasib\u0259til\u0259 Az\u0259rbaycanda m\u00fch\u0259ndis kadrlar\u0131n\u0131n haz\u0131rlanmas\u0131 v\u0259 texniki elml\u0259rin inki\u015faf\u0131nda uzunm\u00fcdd\u0259tli xidm\u0259tl\u0259rin\u0259 g\u00f6r\u0259 R\u0259him \u0130zz\u0259t o\u011flu \u015e\u00fck\u00fcrova Az\u0259rbaycan Respublikas\u0131 Prezidentinin f\u0259rdi t\u0259qa\u00fcd\u00fc verilir.","_links":{"self":[{"href":"https:\/\/arantv.az\/index.php?rest_route=\/wp\/v2\/posts\/263570"}],"collection":[{"href":"https:\/\/arantv.az\/index.php?rest_route=\/wp\/v2\/posts"}],"about":[{"href":"https:\/\/arantv.az\/index.php?rest_route=\/wp\/v2\/types\/post"}],"author":[{"embeddable":true,"href":"https:\/\/arantv.az\/index.php?rest_route=\/wp\/v2\/users\/2"}],"replies":[{"embeddable":true,"href":"https:\/\/arantv.az\/index.php?rest_route=%2Fwp%2Fv2%2Fcomments&post=263570"}],"version-history":[{"count":0,"href":"https:\/\/arantv.az\/index.php?rest_route=\/wp\/v2\/posts\/263570\/revisions"}],"wp:featuredmedia":[{"embeddable":true,"href":"https:\/\/arantv.az\/index.php?rest_route=\/wp\/v2\/media\/198732"}],"wp:attachment":[{"href":"https:\/\/arantv.az\/index.php?rest_route=%2Fwp%2Fv2%2Fmedia&parent=263570"}],"wp:term":[{"taxonomy":"category","embeddable":true,"href":"https:\/\/arantv.az\/index.php?rest_route=%2Fwp%2Fv2%2Fcategories&post=263570"},{"taxonomy":"post_tag","embeddable":true,"href":"https:\/\/arantv.az\/index.php?rest_route=%2Fwp%2Fv2%2Ftags&post=263570"}],"curies":[{"name":"wp","href":"https:\/\/api.w.org\/{rel}","templated":true}]}}