{"id":263574,"date":"2020-12-31T11:19:35","date_gmt":"2020-12-31T08:19:35","guid":{"rendered":"http:\/\/arantv.az\/?p=263574"},"modified":"2020-12-31T11:19:35","modified_gmt":"2020-12-31T08:19:35","slug":"az%c9%99rbaycanin-pandemiya-sinagi-yoluxmalar-s%c9%99rt-karantin-virtual-t%c9%99hsil","status":"publish","type":"post","link":"https:\/\/arantv.az\/?p=263574","title":{"rendered":"Az\u0259rbaycan\u0131n pandemiya s\u0131na\u011f\u0131: Yoluxmalar, s\u0259rt karantin, virtual t\u0259hsil&#8230;"},"content":{"rendered":"<p>2020-ci ilin sonuncu g\u00fcn\u00fcn\u00fc, h\u0259tta son saatlar\u0131n\u0131 ya\u015fay\u0131r\u0131q. Bu il b\u00fct\u00fcn d\u00fcnya \u00f6lk\u0259l\u0259rinin tarixind\u0259 pandemiya ili kimi qald\u0131 des\u0259k, yan\u0131lmar\u0131q.<\/p>\n<p><em><strong>B\u0259s Az\u0259rbaycanda 2020-ci ild\u0259 pandemiya il\u0259 \u0259laq\u0259dar hans\u0131 add\u0131mlar at\u0131ld\u0131?<\/strong><\/em><\/p>\n<p>Dem\u0259k olar ki,\u00a0bu il ya\u015fanan \u0259ks\u0259r hadis\u0259l\u0259r b\u00fct\u00fcn d\u00fcnyan\u0131 \u00f6z c\u0259ngin\u0259 alan koronavirus pandemiyas\u0131 il\u0259 \u0259laq\u0259lidir.<\/p>\n<div id=\"AdviadNativeVideo0\" class=\"AdviadNativeVideo\"><\/div>\n<p>COVID-19 adland\u0131r\u0131lan infeskiya 2019-cu ilin dekabr ay\u0131nda ilk olaraq \u00c7inin Uhan \u015f\u0259h\u0259rind\u0259 yay\u0131lma\u011fa ba\u015flad\u0131. Bu g\u00fcn is\u0259 b\u00fct\u00fcn d\u00fcnya onunla m\u00fcbariz\u0259 apar\u0131r.<\/p>\n<p>D\u00fcnyada COVID-19 infeksiyas\u0131 yay\u0131lma\u011fa ba\u015flad\u0131\u011f\u0131 ilk d\u00f6vrd\u0259n, x\u00fcsusil\u0259 virusun \u00f6lk\u0259mizin s\u0259rh\u0259dl\u0259rin\u0259 yax\u0131nla\u015fd\u0131\u011f\u0131 ilk g\u00fcnl\u0259rd\u0259n ba\u015flayaraq, Az\u0259rbaycan hakimiyy\u0259ti \u00e7evik v\u0259 b\u00fct\u00fcn istiqam\u0259tl\u0259r \u00fczr\u0259 ciddi t\u0259dbirl\u0259r h\u0259yata ke\u00e7irm\u0259y\u0259 ba\u015flad\u0131<\/p>\n<p>T\u0259\u0259ss\u00fcf ki, b\u00fct\u00fcn t\u0259dbirl\u0259r\u0259 baxmayaraq, virus \u00f6lk\u0259miz\u0259 d\u0259 g\u0259lib \u00e7atd\u0131. B\u0259lk\u0259 d\u0259 g\u00f6r\u00fcl\u0259n t\u0259dbirl\u0259r s\u0259b\u0259bind\u0259n\u00a0bu pandemiyada \u0259n az itki ver\u0259n \u00f6lk\u0259l\u0259r s\u0131ras\u0131nday\u0131q.<\/p>\n<p>Az\u0259rbaycanda koronavirusa ilk yoluxma 2020-ci ilin\u00a0fevral ay\u0131nda qeyd\u0259 al\u0131nd\u0131.\u00a0 El\u0259 h\u0259min tarixd\u0259n d\u0259 COVID-19-a yoluxmalar dayanmadan artma\u011fa ba\u015flad\u0131. B\u00fct\u00fcn \u00f6lk\u0259l\u0259r kimi, Az\u0259rbaycanda da yoluxma say\u0131n\u0131n artan dinamikas\u0131na n\u0259zar\u0259t etm\u0259k m\u0259qs\u0259dil\u0259 d\u00f6vl\u0259t s\u0259viyy\u0259sind\u0259 bir s\u0131ra t\u0259dbirl\u0259r g\u00f6r\u00fcld\u00fc.<\/p>\n<p>Onlardan \u0259n \u00f6n\u0259mlisi insanlar\u0131n sa\u011flaml\u0131\u011f\u0131 \u00fc\u00e7\u00fcn \u00f6lk\u0259 \u0259razisind\u0259 t\u0259tbiq edil\u0259n v\u0259 bu g\u00fcn\u0259 q\u0259d\u0259r davam ed\u0259n karantin rejimi oldu.<\/p>\n<p><strong>COVID-19 v\u0259 s\u0259hiyy\u0259 sistemi<\/strong><\/p>\n<p>S\u00f6hb\u0259t insanlar\u0131n sa\u011flaml\u0131\u011f\u0131n\u0131n m\u00fcdafi\u0259sind\u0259n gedirs\u0259, \u0259sas y\u00fck \u00f6lk\u0259nin s\u0259hiyy\u0259 sisteminin \u00fcz\u0259rin\u0259 d\u00fc\u015f\u00fcr. H\u0259kiml\u0259rl\u0259 yana\u015f\u0131, dig\u0259r tibb i\u015f\u00e7il\u0259ri d\u0259 koronavirsla m\u00fcbariz\u0259 \u00fc\u00e7\u00fcn \u00e7\u0259tin \u015f\u0259raitd\u0259 \u00e7al\u0131\u015fma\u011fa m\u0259cbur qald\u0131lar.<\/p>\n<p>Respublika \u0259razisind\u0259 f\u0259aliyy\u0259t g\u00f6st\u0259r\u0259n x\u0259st\u0259xanalar\u0131n b\u00f6y\u00fck \u0259ks\u0259riyy\u0259ti pandemiya il\u0259 m\u00fcbariz\u0259 \u00e7\u0259r\u00e7iv\u0259sind\u0259 ba\u011fland\u0131 v\u0259 yaln\u0131z koronavirus x\u0259st\u0259l\u0259rin\u0259 xidm\u0259t g\u00f6st\u0259rdi. Bundan ba\u015fqa, \u00f6lk\u0259 \u00fczr\u0259 bir s\u0131ra modul tipli x\u0259st\u0259xanalar tikil\u0259r\u0259k, koronavirus x\u0259st\u0259l\u0259rinin m\u00fcalic\u0259si \u00fc\u00e7\u00fcn istifad\u0259y\u0259 verildi.<\/p>\n<p>X\u0259st\u0259xanalar m\u00fcasir laboratoriyalarla t\u0259min edildi, yoluxma hallar\u0131n\u0131n m\u00fc\u0259yy\u0259nl\u0259\u015fdirilm\u0259si \u00fc\u00e7\u00fcn testl\u0259rin geni\u015f t\u0259tbiqin\u0259 ba\u015flan\u0131ld\u0131. B\u00fct\u00fcn tibb m\u00fc\u0259ssis\u0259l\u0259rinin texniki t\u0259minat\u0131, x\u00fcsusi avadanl\u0131qlar\u0131n, d\u0259rman preparatlar\u0131n\u0131n, testl\u0259rin al\u0131nmas\u0131 v\u0259 \u00f6lk\u0259y\u0259 g\u0259tirilim\u0259si t\u0259min edildi.<\/p>\n<p>H\u0259kiml\u0259rin x\u0259st\u0259xanalara s\u0259f\u0259rb\u0259r olunmas\u0131, onlar\u0131n t\u0259chizat\u0131 m\u0259s\u0259l\u0259l\u0259ri h\u0259ll edildi, \u0259m\u0259khaqlar\u0131n\u0131n 3-5 misli miqdar\u0131nda \u0259lav\u0259l\u0259rin verilm\u0259si il\u0259 ba\u011fl\u0131 tap\u015f\u0131r\u0131qlar verildi. \u00d6lk\u0259mizd\u0259 qoruyucu, dezinfeksiya vasit\u0259l\u0259rinin istehsal\u0131 t\u0259\u015fkil olundu v\u0259 q\u0131sa m\u00fcdd\u0259td\u0259 bu sah\u0259d\u0259 olan probleml\u0259r aradan qald\u0131r\u0131ld\u0131.<\/p>\n<p>D\u00f6vl\u0259t orqanlar\u0131n\u0131n f\u0259aliyy\u0259tinin \u0259laq\u0259l\u0259ndirilm\u0259si, \u00fcmumi strategiyan\u0131n h\u0259yata ke\u00e7irilm\u0259si m\u0259qs\u0259dil\u0259 Nazirl\u0259r Kabinetinin yan\u0131nda operativ q\u0259rargah yarad\u0131ld\u0131 v\u0259 onun f\u0259aliyy\u0259ti t\u0259\u015fkil olundu. H\u00f6kum\u0259tin koronavirusla m\u00fcbariz\u0259 sah\u0259sind\u0259 strategiyas\u0131 \u00f6zl\u00fcy\u00fcnd\u0259 bir ne\u00e7\u0259 istiqam\u0259ti \u0259hat\u0259 etdi:<\/p>\n<p>Virusun yay\u0131lmas\u0131n\u0131n qar\u015f\u0131s\u0131n\u0131n al\u0131nmas\u0131, \u00f6lk\u0259 s\u0259hiyy\u0259sinin v\u0259 aidiyy\u0259ti infrastrukturun koronavirusla s\u0259m\u0259r\u0259li m\u00fcbariz\u0259si \u00fc\u00e7\u00fcn t\u0259l\u0259b olunan standartlara uy\u011funla\u015fd\u0131r\u0131lmas\u0131, iqtisadiyyat\u0131n dayan\u0131ql\u0131\u011f\u0131n\u0131n t\u0259min edilm\u0259si v\u0259 \u0259halinin sosial m\u00fcdafi\u0259sinin g\u00fccl\u0259ndirilm\u0259si il\u0259 ba\u011fl\u0131 m\u0259s\u0259l\u0259l\u0259rin h\u0259lli, v\u0259t\u0259nda\u015flar\u0131n h\u0259rt\u0259r\u0259fli m\u0259lumatland\u0131r\u0131lmas\u0131 v\u0259 maarifl\u0259ndirilm\u0259si.<\/p>\n<p>\u00d6lk\u0259daxili v\u0259ziyy\u0259t, xarici al\u0259ml\u0259 \u0259laq\u0259l\u0259r m\u00f6vcud t\u0259l\u0259bl\u0259r\u0259 uy\u011fun t\u0259nziml\u0259nm\u0259y\u0259 ba\u015flad\u0131. H\u00f6kum\u0259tin intensiv v\u0259 d\u00fczg\u00fcn f\u0259aliyy\u0259ti say\u0259sind\u0259 q\u0131sa zamanda koronavirusla m\u00fcbariz\u0259y\u0259 istiqam\u0259tl\u0259ndiril\u0259n s\u0259hiyy\u0259 infrastrukturu, aidiyy\u0259ti dig\u0259r d\u00f6vl\u0259t qurumlar\u0131n\u0131n f\u0259aliyy\u0259t v\u0259 bacar\u0131qlar\u0131 il\u0259 d\u0259 \u0259laq\u0259l\u0259ndirildi. Bu is\u0259 \u00f6z n\u00f6vb\u0259sind\u0259 bir \u00e7ox m\u00fch\u00fcm m\u0259s\u0259l\u0259l\u0259rin h\u0259llini asanla\u015fd\u0131rd\u0131.<\/p>\n<p>Bu m\u00fcdd\u0259t \u0259rzind\u0259 Az\u0259rbaycanda koronavirusla m\u00fcbariz\u0259 \u00e7\u0259r\u00e7iv\u0259sind\u0259 at\u0131lan add\u0131mlar \u00dcmumd\u00fcnya S\u0259hiyy\u0259 T\u0259\u015fkilat\u0131 t\u0259r\u0259find\u0259n y\u00fcks\u0259k qiym\u0259tl\u0259ndirildi. H\u0259tta \u00dcST t\u0259r\u0259find\u0259n veril\u0259n a\u00e7\u0131qlamalarda Az\u0259rbaycanda koronavirusla ba\u011fl\u0131 m\u00fcbariz\u0259nin y\u00fcks\u0259k s\u0259viyy\u0259d\u0259 t\u0259\u015fkil olundu\u011fu qeyd edildi.<\/p>\n<p>El\u0259c\u0259 d\u0259 \u00f6lk\u0259miz\u0259 tibbi maskalar\u0131n, dig\u0259r z\u0259ruri avadanl\u0131qlar\u0131n da verilm\u0259si t\u0259min edildi.<\/p>\n<p><strong>Xaricd\u0259 ya\u015fayan h\u0259mv\u0259t\u0259nl\u0259rimiz \u00f6lk\u0259y\u0259 qaytar\u0131ld\u0131<\/strong><\/p>\n<p>Pandemiya il\u0259 \u0259laq\u0259dar b\u00fct\u00fcn \u00f6lk\u0259l\u0259rd\u0259 v\u0259ziyy\u0259t g\u0259rgin idi. M\u00f6vcud v\u0259ziyy\u0259td\u0259 Az\u0259rbaycan h\u00f6kum\u0259ti \u00f6lk\u0259d\u0259n k\u0259narda olan v\u0259t\u0259nda\u015flar\u0131m\u0131z\u0131n da sa\u011flaml\u0131qlar\u0131n\u0131 qorumaq m\u0259qs\u0259dil\u0259 xaricd\u0259 olan v\u0259t\u0259nda\u015f\u0131m\u0131z\u0131n \u00f6lk\u0259y\u0259 qaytar\u0131lmas\u0131 t\u0259min edildi.<\/p>\n<p>Bu istiqam\u0259td\u0259 bir \u00e7ox \u00f6lk\u0259l\u0259rd\u0259n COVID-19 testinin n\u0259tic\u0259l\u0259ri m\u0259nfi \u00e7\u0131xan v\u0259t\u0259nda\u015flar\u0131m\u0131z \u00e7arter reysl\u0259ri il\u0259 Az\u0259rbaycana qaytar\u0131ld\u0131.<\/p>\n<p>Nazirl\u0259r Kabinetinin yan\u0131nda operativ q\u0259rargah b\u00fct\u00fcn t\u0259hsil m\u00fc\u0259ssis\u0259l\u0259rind\u0259 t\u0259dris, t\u0259lim-t\u0259rbiy\u0259 prosesinin dayand\u0131r\u0131lmas\u0131na v\u0259 bununla ba\u011fl\u0131 b\u00fct\u00fcn t\u0259dbirl\u0259rin t\u0259xir\u0259 sal\u0131nmas\u0131na dair q\u0259rar q\u0259bul etdi.<\/p>\n<p><strong>Karantin t\u0259dbirl\u0259ri<\/strong><\/p>\n<p>Yay aylar\u0131nda t\u0259tbiq edil\u0259n karantin t\u0259dbirl\u0259ri yoluxma say\u0131n\u0131n artmas\u0131n\u0131n qar\u015f\u0131s\u0131n\u0131 ald\u0131. Bel\u0259 ki, \u00f6lk\u0259 \u0259razisind\u0259 z\u0259rur\u0259t olmad\u0131\u011f\u0131 m\u00fcdd\u0259tc\u0259 v\u0259t\u0259nda\u015flar\u0131n k\u00fc\u00e7\u0259l\u0259r\u0259 \u00e7\u0131xmas\u0131na m\u0259hdudiyy\u0259tl\u0259r qoyuldu. Yoluxman\u0131n artmas\u0131na \u015f\u0259rait yarada bil\u0259c\u0259k iri ticar\u0259t obyektl\u0259ri, kafe v\u0259 restoranlar\u0131n f\u0259aliyy\u0259ti m\u00fcv\u0259qq\u0259ti olaraq m\u0259hdudla\u015fd\u0131r\u0131ld\u0131.<\/p>\n<p>T\u0259hsil m\u00fc\u0259ssis\u0259l\u0259rind\u0259 karantin t\u0259dbirl\u0259ri \u00e7\u0259r\u00e7iv\u0259sind\u0259 d\u0259rs c\u0259dv\u0259ll\u0259ri azald\u0131ld\u0131, \u015fagirdl\u0259rin t\u0259hsil m\u00fc\u0259ssis\u0259l\u0259rin\u0259 g\u0259li\u015fi n\u00f6vb\u0259li sistem\u0259 ke\u00e7irildi. B\u00fct\u00fcn t\u0259hsil m\u00fc\u0259ssis\u0259l\u0259rind\u0259 h\u0259ft\u0259d\u0259 bir ne\u00e7\u0259 d\u0259rs ke\u00e7irilm\u0259si t\u00f6vsiy\u0259 edildi.<\/p>\n<p>B\u00fct\u00fcn bu t\u0259dbirl\u0259rin n\u0259tic\u0259si olaraq, h\u0259min d\u00f6vrd\u0259 sanitar epidemoloji v\u0259ziyy\u0259t nisb\u0259t\u0259n d\u00fcz\u0259ldi. Lakin, bu, \u00e7ox davam etm\u0259di.<\/p>\n<p>Pay\u0131z f\u0259slinin g\u0259li\u015fi \u00f6z\u00fc il\u0259 b\u0259rab\u0259r virusun yay\u0131lma s\u00fcr\u0259tini d\u0259 art\u0131rd\u0131. Bel\u0259 olan halda Nazirl\u0259r Kabineti yan\u0131nda operativ q\u0259rargah t\u0259r\u0259find\u0259n karantin t\u0259dbirl\u0259rinin s\u0259rtl\u0259\u015fdirilm\u0259si il\u0259 ba\u011fl\u0131 q\u0259rar q\u0259bul edildi.<\/p>\n<p><strong>S\u0259rtl\u0259\u015fdirilmi\u015f karantin rejimi<\/strong><\/p>\n<p>Pay\u0131z f\u0259sli, m\u00f6vs\u00fcmi respirator x\u0259st\u0259likl\u0259rin ba\u015flamas\u0131 virusun yay\u0131lmas\u0131na t\u0259kan vers\u0259 d\u0259, yoluxma say\u0131n\u0131n artmas\u0131na s\u0259b\u0259b olan ba\u015fqa n\u00fcanslar da oldu. V\u0259t\u0259nda\u015flar ilkin m\u0259rh\u0259l\u0259d\u0259 yoluxma say\u0131n\u0131n azalmas\u0131na g\u00fcv\u0259n\u0259r\u0259k karantin qaydalar\u0131na laqeyd yana\u015fma\u011fa ba\u015flad\u0131lar.<\/p>\n<p>Karantin rejiminin s\u0259rtl\u0259\u015fdirilm\u0259si ilk olaraq t\u0259hsil sistemin\u0259 t\u0259sir g\u00f6st\u0259rdi. B\u00fct\u00fcn t\u0259hsil m\u00fc\u0259ssis\u0259l\u0259ri distant t\u0259hsil\u0259 ke\u00e7di.\u00a0\u201cVirtual m\u0259kt\u0259b\u201d layih\u0259si \u00e7\u0259r\u00e7iv\u0259sind\u0259 m\u00fc\u0259llim v\u0259 \u015fagirdl\u0259rin t\u0259dris prosesini onlayn qaydada h\u0259yata ke\u00e7irm\u0259si t\u0259klif olundu.<\/p>\n<p>Pay\u0131z m\u00f6vs\u00fcm\u00fcnd\u0259 sadalanan s\u0259b\u0259bl\u0259rd\u0259n COVID-19-a yoluxma say\u0131 yay m\u00f6vs\u00fcm\u00fc il\u0259 m\u00fcqayis\u0259d\u0259 d\u0259f\u0259l\u0259rl\u0259 \u00e7ox artd\u0131. Yoluxmalarla yana\u015f\u0131 x\u0259st\u0259liy\u0259 yoluxan \u015f\u0259xsl\u0259r aras\u0131nda m\u00fcxt\u0259lif ya\u015f qruplar\u0131ndan olan \u015f\u0259xsl\u0259rin \u00f6l\u00fcm say\u0131 da artd\u0131.<\/p>\n<p>Koronavirusla m\u00fcbariz\u0259d\u0259 h\u0259yat\u0131n\u0131 itir\u0259nl\u0259r aras\u0131nda ictimai-siyasi xadiml\u0259r, m\u00fcxt\u0259lif qurumlar\u0131n n\u00fcmay\u0259nd\u0259l\u0259ri, icra ba\u015f\u00e7\u0131lar\u0131, h\u0259tta jurnalistl\u0259r bel\u0259 oldu.<\/p>\n<p>Bu g\u00fcn\u0259 q\u0259d\u0259r Az\u0259rbaycanda koronavirusa 217 636 n\u0259f\u0259r yoluxub. Onlardan 180\u00a0295 n\u0259f\u0259r sa\u011fal\u0131b, 2 609 n\u0259f\u0259r is\u0259 v\u0259fat edib. Haz\u0131rda \u00f6lk\u0259d\u0259 34 732 aktiv koronovirus x\u0259st\u0259si var.<\/p>\n<p>\u00d6lk\u0259d\u0259 karantin qaydalar\u0131n\u0131 pozanlara qar\u015f\u0131 ciddi t\u0259dbirl\u0259rin g\u00f6r\u00fclm\u0259si virusun yay\u0131lmas\u0131n\u0131n qar\u015f\u0131s\u0131n\u0131 ald\u0131.\u00a0Bu t\u0259dbirl\u0259r haz\u0131rda da davam etdirilir.<\/p>\n<p><strong>G\u00fccl\u0259ndirilmi\u015f i\u015f rejimi<\/strong><\/p>\n<p>Koronavirusla m\u00fcbariz\u0259 \u00e7\u0259r\u00e7iv\u0259sind\u0259 d\u00f6vl\u0259t t\u0259r\u0259find\u0259n \u0259haliy\u0259 sosial yard\u0131mlar\u0131n verilm\u0259si il\u0259 ba\u011fl\u0131 m\u00fcvafiq tap\u015f\u0131r\u0131qlar verildi. Tap\u015f\u0131r\u0131qlar \u00e7\u0259r\u00e7iv\u0259sind\u0259 b\u00fct\u00fcn qurumlar, x\u00fcsusil\u0259 s\u0259hiyy\u0259 i\u015f\u00e7il\u0259ri, polis v\u0259 Daxili Qo\u015funlar, el\u0259c\u0259 d\u0259 \u018fm\u0259k v\u0259 \u018fhalinin Sosial M\u00fcdafi\u0259si Nazirliyinin \u00fcz\u0259rin\u0259 ciddi m\u0259suliyy\u0259t d\u00fc\u015fd\u00fc.<\/p>\n<p>B\u00fct\u00fcn qurumlar koronavirusla m\u00fcbariz\u0259 \u00e7\u0259r\u00e7iv\u0259sind\u0259 \u0259hali aras\u0131nda maarifl\u0259ndirici t\u0259dbirl\u0259r\u0259 geni\u015f yer verirdil\u0259r. X\u00fcsusil\u0259 koronavirusla m\u00fcbariz\u0259d\u0259 maarifl\u0259ndirici t\u0259dbirl\u0259rin \u0259hali aras\u0131nda t\u0259bli\u011fat\u0131n\u0131n g\u00fccl\u0259ndirilm\u0259sind\u0259 media n\u00fcmay\u0259nd\u0259l\u0259rinin d\u0259 rolu b\u00f6y\u00fck oldu.<\/p>\n<p>\u00d6lk\u0259 \u00fczr\u0259 pandemiya m\u00fcdd\u0259tind\u0259 gec\u0259-g\u00fcnd\u00fcz yorulmadan, h\u0259yat\u0131n\u0131 risk\u0259 ataraq xidm\u0259t aparan polisl\u0259r v\u0259 Daxili Qo\u015funlar\u0131n \u0259m\u0259kda\u015flar\u0131 \u0259hali aras\u0131nda tibbi maskadan istifad\u0259, sosial m\u0259saf\u0259nin g\u00f6zl\u0259nilm\u0259sinin yoluxma riskini n\u0259 q\u0259d\u0259r azaltd\u0131\u011f\u0131 bar\u0259d\u0259 profilaktik s\u00f6hb\u0259tl\u0259r apar\u0131b.<\/p>\n<p>Art\u0131q 2020-ci ili gerid\u0259 qoyuruq. B\u00fct\u00fcn bu \u00e7\u0259tinlikl\u0259r\u0259 baxmayaraq, 2020-ci il Az\u0259rbaycan tarixi \u00fc\u00e7\u00fcn Q\u0259l\u0259b\u0259 ili kimi xat\u0131rlanacaq. Bu il Az\u0259rbaycan Ordusu i\u015f\u011fal alt\u0131nda olan torpaqlar\u0131n\u0131 geri qaytararaq, Az\u0259rbaycan\u0131n \u0259razi b\u00fct\u00f6vl\u00fcy\u00fcn\u00fc b\u0259rpa etdi.<\/p>\n<p>Son olaraq davam ed\u0259n pandemik v\u0259ziyy\u0259td\u0259 \u0259haliy\u0259 karantin qaydalar\u0131na ciddi riay\u0259t edilm\u0259sin\u0259 dair m\u00fcraci\u0259tl\u0259r davam edir.<\/p>\n<p>2021-ci ili b\u00f6y\u00fck \u00fcmidl\u0259rl\u0259 qar\u015f\u0131lay\u0131r\u0131q. Qoy bu il sa\u011flam, xo\u015f m\u00fcjd\u0259l\u0259rl\u0259 dolu olsun. Bu il yar\u0131m qalan b\u00fct\u00fcn layih\u0259l\u0259r\u00a0n\u00f6vb\u0259ti ild\u0259 ger\u00e7\u0259kl\u0259\u015fsin.<\/p>\n","protected":false},"excerpt":{"rendered":"<p>2020-ci ilin sonuncu g\u00fcn\u00fcn\u00fc, h\u0259tta son saatlar\u0131n\u0131 ya\u015fay\u0131r\u0131q. Bu il b\u00fct\u00fcn d\u00fcnya \u00f6lk\u0259l\u0259rinin tarixind\u0259 pandemiya ili kimi qald\u0131 des\u0259k, yan\u0131lmar\u0131q. B\u0259s Az\u0259rbaycanda 2020-ci ild\u0259 pandemiya il\u0259 \u0259laq\u0259dar hans\u0131 add\u0131mlar at\u0131ld\u0131? Dem\u0259k olar ki,\u00a0bu il ya\u015fanan \u0259ks\u0259r hadis\u0259l\u0259r b\u00fct\u00fcn d\u00fcnyan\u0131 \u00f6z c\u0259ngin\u0259 alan koronavirus pandemiyas\u0131 il\u0259 \u0259laq\u0259lidir. COVID-19 adland\u0131r\u0131lan infeskiya 2019-cu ilin dekabr ay\u0131nda ilk olaraq \u00c7inin Uhan \u015f\u0259h\u0259rind\u0259 yay\u0131lma\u011fa ba\u015flad\u0131. Bu g\u00fcn is\u0259 b\u00fct\u00fcn d\u00fcnya onunla m\u00fcbariz\u0259 apar\u0131r. D\u00fcnyada COVID-19 infeksiyas\u0131 yay\u0131lma\u011fa ba\u015flad\u0131\u011f\u0131 ilk d\u00f6vrd\u0259n, x\u00fcsusil\u0259 virusun \u00f6lk\u0259mizin s\u0259rh\u0259dl\u0259rin\u0259 yax\u0131nla\u015fd\u0131\u011f\u0131 ilk g\u00fcnl\u0259rd\u0259n ba\u015flayaraq, Az\u0259rbaycan hakimiyy\u0259ti \u00e7evik v\u0259 b\u00fct\u00fcn istiqam\u0259tl\u0259r \u00fczr\u0259&hellip;<\/p>\n","protected":false},"author":2,"featured_media":263575,"comment_status":"closed","ping_status":"closed","sticky":false,"template":"","format":"standard","meta":{"om_disable_all_campaigns":false,"_monsterinsights_skip_tracking":false,"_monsterinsights_sitenote_active":false,"_monsterinsights_sitenote_note":"","_monsterinsights_sitenote_category":0},"categories":[26],"tags":[],"aioseo_notices":[],"gutentor_comment":0,"rttpg_featured_image_url":{"full":["https:\/\/arantv.az\/wp-content\/uploads\/2020\/12\/FotoJet-7-3.jpg",589,465,false],"landscape":["https:\/\/arantv.az\/wp-content\/uploads\/2020\/12\/FotoJet-7-3.jpg",589,465,false],"portraits":["https:\/\/arantv.az\/wp-content\/uploads\/2020\/12\/FotoJet-7-3.jpg",589,465,false],"thumbnail":["https:\/\/arantv.az\/wp-content\/uploads\/2020\/12\/FotoJet-7-3-150x150.jpg",150,150,true],"medium":["https:\/\/arantv.az\/wp-content\/uploads\/2020\/12\/FotoJet-7-3-300x237.jpg",300,237,true],"large":["https:\/\/arantv.az\/wp-content\/uploads\/2020\/12\/FotoJet-7-3.jpg",589,465,false],"1536x1536":["https:\/\/arantv.az\/wp-content\/uploads\/2020\/12\/FotoJet-7-3.jpg",589,465,false],"2048x2048":["https:\/\/arantv.az\/wp-content\/uploads\/2020\/12\/FotoJet-7-3.jpg",589,465,false],"post-thumbnail":["https:\/\/arantv.az\/wp-content\/uploads\/2020\/12\/FotoJet-7-3-240x172.jpg",240,172,true],"advps-thumb-one":["https:\/\/arantv.az\/wp-content\/uploads\/2020\/12\/FotoJet-7-3.jpg",589,465,false]},"rttpg_author":{"display_name":"V\u00fcsal Rafiqo\u011flu","author_link":"https:\/\/arantv.az\/?author=2"},"rttpg_comment":0,"rttpg_category":"<a href=\"https:\/\/arantv.az\/?cat=26\" rel=\"category\">Sosial<\/a>","rttpg_excerpt":"2020-ci ilin sonuncu g\u00fcn\u00fcn\u00fc, h\u0259tta son saatlar\u0131n\u0131 ya\u015fay\u0131r\u0131q. Bu il b\u00fct\u00fcn d\u00fcnya \u00f6lk\u0259l\u0259rinin tarixind\u0259 pandemiya ili kimi qald\u0131 des\u0259k, yan\u0131lmar\u0131q. B\u0259s Az\u0259rbaycanda 2020-ci ild\u0259 pandemiya il\u0259 \u0259laq\u0259dar hans\u0131 add\u0131mlar at\u0131ld\u0131? Dem\u0259k olar ki,\u00a0bu il ya\u015fanan \u0259ks\u0259r hadis\u0259l\u0259r b\u00fct\u00fcn d\u00fcnyan\u0131 \u00f6z c\u0259ngin\u0259 alan koronavirus pandemiyas\u0131 il\u0259 \u0259laq\u0259lidir. COVID-19 adland\u0131r\u0131lan infeskiya 2019-cu ilin dekabr ay\u0131nda ilk olaraq&hellip;","_links":{"self":[{"href":"https:\/\/arantv.az\/index.php?rest_route=\/wp\/v2\/posts\/263574"}],"collection":[{"href":"https:\/\/arantv.az\/index.php?rest_route=\/wp\/v2\/posts"}],"about":[{"href":"https:\/\/arantv.az\/index.php?rest_route=\/wp\/v2\/types\/post"}],"author":[{"embeddable":true,"href":"https:\/\/arantv.az\/index.php?rest_route=\/wp\/v2\/users\/2"}],"replies":[{"embeddable":true,"href":"https:\/\/arantv.az\/index.php?rest_route=%2Fwp%2Fv2%2Fcomments&post=263574"}],"version-history":[{"count":0,"href":"https:\/\/arantv.az\/index.php?rest_route=\/wp\/v2\/posts\/263574\/revisions"}],"wp:featuredmedia":[{"embeddable":true,"href":"https:\/\/arantv.az\/index.php?rest_route=\/wp\/v2\/media\/263575"}],"wp:attachment":[{"href":"https:\/\/arantv.az\/index.php?rest_route=%2Fwp%2Fv2%2Fmedia&parent=263574"}],"wp:term":[{"taxonomy":"category","embeddable":true,"href":"https:\/\/arantv.az\/index.php?rest_route=%2Fwp%2Fv2%2Fcategories&post=263574"},{"taxonomy":"post_tag","embeddable":true,"href":"https:\/\/arantv.az\/index.php?rest_route=%2Fwp%2Fv2%2Ftags&post=263574"}],"curies":[{"name":"wp","href":"https:\/\/api.w.org\/{rel}","templated":true}]}}