{"id":263578,"date":"2020-12-31T11:20:14","date_gmt":"2020-12-31T08:20:14","guid":{"rendered":"http:\/\/arantv.az\/?p=263578"},"modified":"2020-12-31T11:20:14","modified_gmt":"2020-12-31T08:20:14","slug":"emin-haciyev-heyd%c9%99r-%c9%99liyevin-az%c9%99rbaycanciliq-ideyasi-dunya-az%c9%99rbaycanlilarini-birl%c9%99sdir%c9%99n-platformadir","status":"publish","type":"post","link":"https:\/\/arantv.az\/?p=263578","title":{"rendered":"Emin Hac\u0131yev: \u201cHeyd\u0259r \u018fliyevin az\u0259rbaycan\u00e7\u0131l\u0131q ideyas\u0131 d\u00fcnya az\u0259rbaycanl\u0131lar\u0131n\u0131 birl\u0259\u015fdir\u0259n platformad\u0131r\u201d"},"content":{"rendered":"<p>\u00dcmummilli lider Heyd\u0259r \u018fliyevin az\u0259rbaycan\u00e7\u0131l\u0131q ideyas\u0131 d\u00fcnya az\u0259rbaycanl\u0131lar\u0131n\u0131n milli h\u0259mr\u0259yliyini yaradan ali m\u0259fkur\u0259dir. SSR\u0130 d\u00f6vr\u00fcnd\u0259 bir \u00e7ox siyasi reall\u0131qlar\u0131n, o c\u00fcml\u0259d\u0259n sovet ideologiyas\u0131n\u0131n m\u00f6vcud oldu\u011fu vaxtlarda m\u0259hz Heyd\u0259r \u018fliyevin m\u00fc\u0259yy\u0259n etdiyi siyas\u0259tl\u0259 d\u00fcnya az\u0259rbaycanl\u0131lar\u0131 aras\u0131nda milli birliy\u0259 ciddi t\u0259kan ver\u0259n\u00a0m\u0259d\u0259niyy\u0259t, inc\u0259s\u0259n\u0259t sah\u0259sind\u0259 b\u00f6y\u00fck i\u015fl\u0259r apar\u0131l\u0131rd\u0131. Bu da d\u00fcnya az\u0259rbaycanl\u0131lar\u0131n\u0131n tarixi V\u0259t\u0259nl\u0259ri il\u0259 &#8211; Az\u0259rbaycanla s\u0131x \u0259laq\u0259l\u0259rinin yaranmas\u0131na ciddi t\u0259kan verirdi.<\/p>\n<p>\u00dcmummilli lider Heyd\u0259r \u018fliyev az\u0259rbaycan\u00e7\u0131l\u0131q ideyas\u0131n\u0131 birl\u0259\u015fdirici platformaya \u00e7evirib, onun Az\u0259rbaycana r\u0259hb\u0259rlik etdiyi d\u00f6vrd\u0259 bu ideya z\u0259nginl\u0259\u015fib v\u0259\u00a0d\u00fcnya az\u0259rbaycanl\u0131lar\u0131n\u0131n \u201cs\u0259f\u0259rb\u0259r\u201d olunmas\u0131nda \u0259v\u0259zolunmaz rol oynay\u0131b. 31 dekabr\u0131n D\u00fcnya Az\u0259rbaycanl\u0131lar\u0131n\u0131n H\u0259mr\u0259yliyi G\u00fcn\u00fc kimi qeyd olunmas\u0131 g\u00f6rk\u0259mli d\u00f6vl\u0259t xadimi Heyd\u0259r \u018fliyevin tarixi xidm\u0259tidir.<\/p>\n<p>\u018fsas\u0131n\u0131 \u00dcmummilli lider Heyd\u0259r \u018fliyevin qoydu\u011fu az\u0259rbaycan\u00e7\u0131l\u0131q ideyas\u0131 Az\u0259rbaycan Prezidenti \u0130lham \u018fliyevin y\u00fcr\u00fctd\u00fcy\u00fc diaspor siyas\u0259tind\u0259 qorunub inki\u015faf etdirilir.<\/p>\n<p>Qeyd etm\u0259k laz\u0131md\u0131r ki, Az\u0259rbaycan Respublikas\u0131n\u0131n Birinci vitse-prezidenti Mehriban \u018fliyevan\u0131n v\u0259 Heyd\u0259r \u018fliyev Fondunun xaricd\u0259 g\u00f6rd\u00fcy\u00fc i\u015fl\u0259r t\u0259qdir\u0259layiqdir v\u0259 Az\u0259rbaycan diasporunun, el\u0259c\u0259 d\u0259 beyn\u0259lxalq ictimaiyy\u0259tin m\u0259lumatland\u0131r\u0131lmas\u0131nda x\u00fcsusi \u00f6n\u0259m\u0259 malikdir. Az\u0259rbaycan\u0131n Birinci vitse-prezidentinin r\u0259hb\u0259rlik etdiyi Heyd\u0259r \u018fliyev Fondu b\u0259\u015f\u0259riyy\u0259tin \u0259n b\u00f6y\u00fck faci\u0259l\u0259rind\u0259n say\u0131lan Xocal\u0131 soyq\u0131r\u0131m\u0131 haqq\u0131nda faktlar\u0131n d\u00fcnyaya \u00e7atd\u0131r\u0131lmas\u0131 istiqam\u0259tind\u0259 sistemli v\u0259 ard\u0131c\u0131l i\u015f g\u00f6r\u00fcr.<\/p>\n<p>Mehriban \u018fliyevan\u0131n t\u0259\u015f\u0259bb\u00fcs\u00fc il\u0259 art\u0131q bir ne\u00e7\u0259 \u00f6lk\u0259d\u0259 Az\u0259rbaycan evl\u0259ri v\u0259 \u201cQaraba\u011f\u201d adl\u0131 Az\u0259rbaycan m\u0259kt\u0259bl\u0259ri f\u0259aliyy\u0259t\u0259 ba\u015flay\u0131b. Bu n\u0259cib add\u0131m diasporumuzun t\u0259\u015fkilatlanmas\u0131nda x\u00fcsusi rola malikdir.<\/p>\n<p>Ba\u015fqa bir m\u0259qama da diqq\u0259t etm\u0259liyik ki, art\u0131q xarici \u00f6lk\u0259l\u0259rd\u0259 Az\u0259rbaycan v\u0259 t\u00fcrk diaspor t\u0259\u015fkilatlar\u0131 aras\u0131nda \u0259m\u0259kda\u015fl\u0131q inki\u015faf edir, bir s\u0131ra m\u00fch\u00fcm t\u0259dbirl\u0259r h\u0259yata ke\u00e7irilib. Diasporlar aras\u0131nda m\u00fcnasib\u0259tl\u0259rin m\u00f6hk\u0259ml\u0259nm\u0259sind\u0259 Az\u0259rbaycan v\u0259 T\u00fcrkiy\u0259nin d\u00f6vl\u0259t ba\u015f\u00e7\u0131lar\u0131n\u0131n da vahid platformadan \u00e7\u0131x\u0131\u015f etm\u0259l\u0259ri diqq\u0259ti c\u0259lb edir.<\/p>\n<p>\u00d6lk\u0259mizin \u0130kinci Qaraba\u011f m\u00fcharib\u0259sind\u0259ki b\u00f6y\u00fck q\u0259l\u0259b\u0259si xaricd\u0259 ya\u015fayan az\u0259rbaycanl\u0131lar\u0131n da m\u0259suliyy\u0259tini xeyli art\u0131rd\u0131. Diaspor t\u0259\u015fkilatlar\u0131 v\u0259 diaspor \u00fczvl\u0259ri Az\u0259rbaycan reall\u0131qlar\u0131n\u0131n d\u00fcnyaya \u00e7atd\u0131r\u0131lmas\u0131 istiqam\u0259tind\u0259 m\u0259qs\u0259dy\u00f6nl\u00fc \u015f\u0259kild\u0259 i\u015f apard\u0131lar. Onlarla \u00f6lk\u0259d\u0259 y\u00fczl\u0259rl\u0259 y\u00fcr\u00fc\u015f-mitinq ke\u00e7irildi v\u0259 beyn\u0259lxalq ictimaiyy\u0259t h\u0259qiq\u0259tl\u0259rl\u0259 tan\u0131\u015f oldu.<\/p>\n<p>\u201cQaraba\u011f Az\u0259rbaycand\u0131r\u201d \u015f\u00fcar\u0131 d\u00fcnyan\u0131n h\u0259r yerind\u0259 k\u00fc\u00e7\u0259 v\u0259 meydanlar\u0131 b\u0259z\u0259di. Xaricd\u0259 ya\u015fayan az\u0259rbaycanl\u0131lar r\u0259\u015fad\u0259tli Az\u0259rbaycan Ordusunun torpaqlar\u0131m\u0131z\u0131n i\u015f\u011faldan azad edilm\u0259si u\u011frunda misilsiz q\u0259hr\u0259manl\u0131\u011f\u0131 haqq\u0131nda d\u00fcnya medias\u0131nda m\u0259lumatlar\u0131n yay\u0131lmas\u0131nda b\u00f6y\u00fck rol oynad\u0131lar.<\/p>\n<p>Biz bu il tariximizn \u0259n g\u00f6z\u0259l h\u0259mr\u0259ylik g\u00fcnl\u0259rind\u0259n birini ya\u015fay\u0131r\u0131q. D\u00fcnya az\u0259rbaycanl\u0131lar\u0131 \u00f6z f\u0259aliyy\u0259tl\u0259ri il\u0259 bir daha s\u00fcbut etdil\u0259r ki, h\u0259r zaman M\u00fcz\u0259ff\u0259r Ali Ba\u015f Komandan\u0131n yan\u0131ndad\u0131rlar v\u0259 harada ya\u015famalar\u0131ndan as\u0131l\u0131 olmayaraq, Ana V\u0259t\u0259nl\u0259rinin m\u0259nafel\u0259rinin m\u00fcdafi\u0259sin\u0259 haz\u0131rd\u0131rlar. Ya\u015fas\u0131n \u0259b\u0259di birliyimiz v\u0259 h\u0259mr\u0259yliyimiz!<\/p>\n<p><strong>Mill\u0259t v\u0259kili Emin Hac\u0131yev<\/strong><\/p>\n","protected":false},"excerpt":{"rendered":"<p>\u00dcmummilli lider Heyd\u0259r \u018fliyevin az\u0259rbaycan\u00e7\u0131l\u0131q ideyas\u0131 d\u00fcnya az\u0259rbaycanl\u0131lar\u0131n\u0131n milli h\u0259mr\u0259yliyini yaradan ali m\u0259fkur\u0259dir. SSR\u0130 d\u00f6vr\u00fcnd\u0259 bir \u00e7ox siyasi reall\u0131qlar\u0131n, o c\u00fcml\u0259d\u0259n sovet ideologiyas\u0131n\u0131n m\u00f6vcud oldu\u011fu vaxtlarda m\u0259hz Heyd\u0259r \u018fliyevin m\u00fc\u0259yy\u0259n etdiyi siyas\u0259tl\u0259 d\u00fcnya az\u0259rbaycanl\u0131lar\u0131 aras\u0131nda milli birliy\u0259 ciddi t\u0259kan ver\u0259n\u00a0m\u0259d\u0259niyy\u0259t, inc\u0259s\u0259n\u0259t sah\u0259sind\u0259 b\u00f6y\u00fck i\u015fl\u0259r apar\u0131l\u0131rd\u0131. Bu da d\u00fcnya az\u0259rbaycanl\u0131lar\u0131n\u0131n tarixi V\u0259t\u0259nl\u0259ri il\u0259 &#8211; Az\u0259rbaycanla s\u0131x \u0259laq\u0259l\u0259rinin yaranmas\u0131na ciddi t\u0259kan verirdi. \u00dcmummilli lider Heyd\u0259r \u018fliyev az\u0259rbaycan\u00e7\u0131l\u0131q ideyas\u0131n\u0131 birl\u0259\u015fdirici platformaya \u00e7evirib, onun Az\u0259rbaycana r\u0259hb\u0259rlik etdiyi d\u00f6vrd\u0259 bu ideya z\u0259nginl\u0259\u015fib v\u0259\u00a0d\u00fcnya az\u0259rbaycanl\u0131lar\u0131n\u0131n \u201cs\u0259f\u0259rb\u0259r\u201d olunmas\u0131nda \u0259v\u0259zolunmaz rol oynay\u0131b. 31 dekabr\u0131n D\u00fcnya Az\u0259rbaycanl\u0131lar\u0131n\u0131n H\u0259mr\u0259yliyi G\u00fcn\u00fc&hellip;<\/p>\n","protected":false},"author":2,"featured_media":263579,"comment_status":"closed","ping_status":"closed","sticky":false,"template":"","format":"standard","meta":{"om_disable_all_campaigns":false,"_monsterinsights_skip_tracking":false,"_monsterinsights_sitenote_active":false,"_monsterinsights_sitenote_note":"","_monsterinsights_sitenote_category":0},"categories":[4],"tags":[],"aioseo_notices":[],"gutentor_comment":0,"rttpg_featured_image_url":{"full":["https:\/\/arantv.az\/wp-content\/uploads\/2020\/12\/shuh.jpg",620,413,false],"landscape":["https:\/\/arantv.az\/wp-content\/uploads\/2020\/12\/shuh.jpg",620,413,false],"portraits":["https:\/\/arantv.az\/wp-content\/uploads\/2020\/12\/shuh.jpg",620,413,false],"thumbnail":["https:\/\/arantv.az\/wp-content\/uploads\/2020\/12\/shuh-150x150.jpg",150,150,true],"medium":["https:\/\/arantv.az\/wp-content\/uploads\/2020\/12\/shuh-300x200.jpg",300,200,true],"large":["https:\/\/arantv.az\/wp-content\/uploads\/2020\/12\/shuh.jpg",620,413,false],"1536x1536":["https:\/\/arantv.az\/wp-content\/uploads\/2020\/12\/shuh.jpg",620,413,false],"2048x2048":["https:\/\/arantv.az\/wp-content\/uploads\/2020\/12\/shuh.jpg",620,413,false],"post-thumbnail":["https:\/\/arantv.az\/wp-content\/uploads\/2020\/12\/shuh-240x172.jpg",240,172,true],"advps-thumb-one":["https:\/\/arantv.az\/wp-content\/uploads\/2020\/12\/shuh.jpg",620,413,false]},"rttpg_author":{"display_name":"V\u00fcsal Rafiqo\u011flu","author_link":"https:\/\/arantv.az\/?author=2"},"rttpg_comment":0,"rttpg_category":"<a href=\"https:\/\/arantv.az\/?cat=4\" rel=\"category\">Siyas\u0259t<\/a>","rttpg_excerpt":"\u00dcmummilli lider Heyd\u0259r \u018fliyevin az\u0259rbaycan\u00e7\u0131l\u0131q ideyas\u0131 d\u00fcnya az\u0259rbaycanl\u0131lar\u0131n\u0131n milli h\u0259mr\u0259yliyini yaradan ali m\u0259fkur\u0259dir. SSR\u0130 d\u00f6vr\u00fcnd\u0259 bir \u00e7ox siyasi reall\u0131qlar\u0131n, o c\u00fcml\u0259d\u0259n sovet ideologiyas\u0131n\u0131n m\u00f6vcud oldu\u011fu vaxtlarda m\u0259hz Heyd\u0259r \u018fliyevin m\u00fc\u0259yy\u0259n etdiyi siyas\u0259tl\u0259 d\u00fcnya az\u0259rbaycanl\u0131lar\u0131 aras\u0131nda milli birliy\u0259 ciddi t\u0259kan ver\u0259n\u00a0m\u0259d\u0259niyy\u0259t, inc\u0259s\u0259n\u0259t sah\u0259sind\u0259 b\u00f6y\u00fck i\u015fl\u0259r apar\u0131l\u0131rd\u0131. Bu da d\u00fcnya az\u0259rbaycanl\u0131lar\u0131n\u0131n tarixi V\u0259t\u0259nl\u0259ri il\u0259 &#8211; Az\u0259rbaycanla s\u0131x&hellip;","_links":{"self":[{"href":"https:\/\/arantv.az\/index.php?rest_route=\/wp\/v2\/posts\/263578"}],"collection":[{"href":"https:\/\/arantv.az\/index.php?rest_route=\/wp\/v2\/posts"}],"about":[{"href":"https:\/\/arantv.az\/index.php?rest_route=\/wp\/v2\/types\/post"}],"author":[{"embeddable":true,"href":"https:\/\/arantv.az\/index.php?rest_route=\/wp\/v2\/users\/2"}],"replies":[{"embeddable":true,"href":"https:\/\/arantv.az\/index.php?rest_route=%2Fwp%2Fv2%2Fcomments&post=263578"}],"version-history":[{"count":0,"href":"https:\/\/arantv.az\/index.php?rest_route=\/wp\/v2\/posts\/263578\/revisions"}],"wp:featuredmedia":[{"embeddable":true,"href":"https:\/\/arantv.az\/index.php?rest_route=\/wp\/v2\/media\/263579"}],"wp:attachment":[{"href":"https:\/\/arantv.az\/index.php?rest_route=%2Fwp%2Fv2%2Fmedia&parent=263578"}],"wp:term":[{"taxonomy":"category","embeddable":true,"href":"https:\/\/arantv.az\/index.php?rest_route=%2Fwp%2Fv2%2Fcategories&post=263578"},{"taxonomy":"post_tag","embeddable":true,"href":"https:\/\/arantv.az\/index.php?rest_route=%2Fwp%2Fv2%2Ftags&post=263578"}],"curies":[{"name":"wp","href":"https:\/\/api.w.org\/{rel}","templated":true}]}}