{"id":263582,"date":"2020-12-31T11:21:06","date_gmt":"2020-12-31T08:21:06","guid":{"rendered":"http:\/\/arantv.az\/?p=263582"},"modified":"2020-12-31T11:21:06","modified_gmt":"2020-12-31T08:21:06","slug":"az%c9%99rini-hulusi-akarin-d%c9%99v%c9%99ti-il%c9%99-bakiya-g%c9%99ldi-foto","status":"publish","type":"post","link":"https:\/\/arantv.az\/?p=263582","title":{"rendered":"Az\u0259rini Hulusi Akar\u0131n d\u0259v\u0259ti il\u0259 Bak\u0131ya g\u0259ldi &#8211; FOTO"},"content":{"rendered":"<p>T\u00fcrkiy\u0259 v\u0259 Az\u0259rbaycan m\u00fcdafi\u0259 nazirl\u0259rinin i\u015ftirak etdiyi m\u0259rasimd\u0259 konsert t\u0259\u015fkil edilib.<\/p>\n<p>Bu bar\u0259d\u0259 T\u00fcrkiy\u0259 Milli M\u00fcdafi\u0259 Nazirliyinin \u201cTwitter\u201d hesab\u0131nda qeyd edilir.<\/p>\n<p>T\u00fcrkiy\u0259 M\u00fcdafi\u0259 naziri Hulusi Akar\u0131n d\u0259v\u0259ti il\u0259 Bak\u0131ya g\u0259l\u0259n s\u0259n\u0259t\u00e7il\u0259r Az\u0259rin, Esat Kabakl\u0131, Serkan \u00c7a\u011fr\u0131 v\u0259 Elif Buse Do\u011fan Qaraba\u011fda Ortaq M\u0259rk\u0259zd\u0259 f\u0259aliyy\u0259t g\u00f6st\u0259r\u0259c\u0259k t\u00fcrkiy\u0259li \u0259sg\u0259rl\u0259r \u00fc\u00e7\u00fcn mahn\u0131lar s\u0259sl\u0259ndiribl\u0259r.<\/p>\n<div>\n<div class=\"twitter-tweet twitter-tweet-rendered\"><iframe id=\"twitter-widget-0\" class=\"\" title=\"Twitter Tweet\" src=\"https:\/\/platform.twitter.com\/embed\/index.html?creatorScreenName=oxuaz&amp;dnt=false&amp;embedId=twitter-widget-0&amp;frame=false&amp;hideCard=false&amp;hideThread=false&amp;id=1344527587419283456&amp;lang=en&amp;origin=https%3A%2F%2Foxu.az%2Fpolitics%2F453846&amp;siteScreenName=oxuaz&amp;theme=light&amp;widgetsVersion=ed20a2b%3A1601588405575&amp;width=550px\" frameborder=\"0\" scrolling=\"no\" allowfullscreen=\"allowfullscreen\" data-tweet-id=\"1344527587419283456\" data-mce-fragment=\"1\"><\/iframe><\/div>\n<\/div>\n<p>&nbsp;<\/p>\n","protected":false},"excerpt":{"rendered":"<p>T\u00fcrkiy\u0259 v\u0259 Az\u0259rbaycan m\u00fcdafi\u0259 nazirl\u0259rinin i\u015ftirak etdiyi m\u0259rasimd\u0259 konsert t\u0259\u015fkil edilib. Bu bar\u0259d\u0259 T\u00fcrkiy\u0259 Milli M\u00fcdafi\u0259 Nazirliyinin \u201cTwitter\u201d hesab\u0131nda qeyd edilir. T\u00fcrkiy\u0259 M\u00fcdafi\u0259 naziri Hulusi Akar\u0131n d\u0259v\u0259ti il\u0259 Bak\u0131ya g\u0259l\u0259n s\u0259n\u0259t\u00e7il\u0259r Az\u0259rin, Esat Kabakl\u0131, Serkan \u00c7a\u011fr\u0131 v\u0259 Elif Buse Do\u011fan Qaraba\u011fda Ortaq M\u0259rk\u0259zd\u0259 f\u0259aliyy\u0259t g\u00f6st\u0259r\u0259c\u0259k t\u00fcrkiy\u0259li \u0259sg\u0259rl\u0259r \u00fc\u00e7\u00fcn mahn\u0131lar s\u0259sl\u0259ndiribl\u0259r. &nbsp;<\/p>\n","protected":false},"author":2,"featured_media":263583,"comment_status":"closed","ping_status":"closed","sticky":false,"template":"","format":"standard","meta":{"om_disable_all_campaigns":false,"_monsterinsights_skip_tracking":false,"_monsterinsights_sitenote_active":false,"_monsterinsights_sitenote_note":"","_monsterinsights_sitenote_category":0},"categories":[4],"tags":[],"aioseo_notices":[],"gutentor_comment":0,"rttpg_featured_image_url":{"full":["https:\/\/arantv.az\/wp-content\/uploads\/2020\/12\/Eqi1-HnXYAERRsV.jpg",620,381,false],"landscape":["https:\/\/arantv.az\/wp-content\/uploads\/2020\/12\/Eqi1-HnXYAERRsV.jpg",620,381,false],"portraits":["https:\/\/arantv.az\/wp-content\/uploads\/2020\/12\/Eqi1-HnXYAERRsV.jpg",620,381,false],"thumbnail":["https:\/\/arantv.az\/wp-content\/uploads\/2020\/12\/Eqi1-HnXYAERRsV-150x150.jpg",150,150,true],"medium":["https:\/\/arantv.az\/wp-content\/uploads\/2020\/12\/Eqi1-HnXYAERRsV-300x184.jpg",300,184,true],"large":["https:\/\/arantv.az\/wp-content\/uploads\/2020\/12\/Eqi1-HnXYAERRsV.jpg",620,381,false],"1536x1536":["https:\/\/arantv.az\/wp-content\/uploads\/2020\/12\/Eqi1-HnXYAERRsV.jpg",620,381,false],"2048x2048":["https:\/\/arantv.az\/wp-content\/uploads\/2020\/12\/Eqi1-HnXYAERRsV.jpg",620,381,false],"post-thumbnail":["https:\/\/arantv.az\/wp-content\/uploads\/2020\/12\/Eqi1-HnXYAERRsV-240x172.jpg",240,172,true],"advps-thumb-one":["https:\/\/arantv.az\/wp-content\/uploads\/2020\/12\/Eqi1-HnXYAERRsV.jpg",620,381,false]},"rttpg_author":{"display_name":"V\u00fcsal Rafiqo\u011flu","author_link":"https:\/\/arantv.az\/?author=2"},"rttpg_comment":0,"rttpg_category":"<a href=\"https:\/\/arantv.az\/?cat=4\" rel=\"category\">Siyas\u0259t<\/a>","rttpg_excerpt":"T\u00fcrkiy\u0259 v\u0259 Az\u0259rbaycan m\u00fcdafi\u0259 nazirl\u0259rinin i\u015ftirak etdiyi m\u0259rasimd\u0259 konsert t\u0259\u015fkil edilib. Bu bar\u0259d\u0259 T\u00fcrkiy\u0259 Milli M\u00fcdafi\u0259 Nazirliyinin \u201cTwitter\u201d hesab\u0131nda qeyd edilir. T\u00fcrkiy\u0259 M\u00fcdafi\u0259 naziri Hulusi Akar\u0131n d\u0259v\u0259ti il\u0259 Bak\u0131ya g\u0259l\u0259n s\u0259n\u0259t\u00e7il\u0259r Az\u0259rin, Esat Kabakl\u0131, Serkan \u00c7a\u011fr\u0131 v\u0259 Elif Buse Do\u011fan Qaraba\u011fda Ortaq M\u0259rk\u0259zd\u0259 f\u0259aliyy\u0259t g\u00f6st\u0259r\u0259c\u0259k t\u00fcrkiy\u0259li \u0259sg\u0259rl\u0259r \u00fc\u00e7\u00fcn mahn\u0131lar s\u0259sl\u0259ndiribl\u0259r. &nbsp;","_links":{"self":[{"href":"https:\/\/arantv.az\/index.php?rest_route=\/wp\/v2\/posts\/263582"}],"collection":[{"href":"https:\/\/arantv.az\/index.php?rest_route=\/wp\/v2\/posts"}],"about":[{"href":"https:\/\/arantv.az\/index.php?rest_route=\/wp\/v2\/types\/post"}],"author":[{"embeddable":true,"href":"https:\/\/arantv.az\/index.php?rest_route=\/wp\/v2\/users\/2"}],"replies":[{"embeddable":true,"href":"https:\/\/arantv.az\/index.php?rest_route=%2Fwp%2Fv2%2Fcomments&post=263582"}],"version-history":[{"count":0,"href":"https:\/\/arantv.az\/index.php?rest_route=\/wp\/v2\/posts\/263582\/revisions"}],"wp:featuredmedia":[{"embeddable":true,"href":"https:\/\/arantv.az\/index.php?rest_route=\/wp\/v2\/media\/263583"}],"wp:attachment":[{"href":"https:\/\/arantv.az\/index.php?rest_route=%2Fwp%2Fv2%2Fmedia&parent=263582"}],"wp:term":[{"taxonomy":"category","embeddable":true,"href":"https:\/\/arantv.az\/index.php?rest_route=%2Fwp%2Fv2%2Fcategories&post=263582"},{"taxonomy":"post_tag","embeddable":true,"href":"https:\/\/arantv.az\/index.php?rest_route=%2Fwp%2Fv2%2Ftags&post=263582"}],"curies":[{"name":"wp","href":"https:\/\/api.w.org\/{rel}","templated":true}]}}