{"id":263590,"date":"2020-12-31T11:23:41","date_gmt":"2020-12-31T08:23:41","guid":{"rendered":"http:\/\/arantv.az\/?p=263590"},"modified":"2020-12-31T11:23:41","modified_gmt":"2020-12-31T08:23:41","slug":"%c9%99rdogan-bakidaki-m%c9%99rasim%c9%99-telefonla-qatildi-foto-video","status":"publish","type":"post","link":"https:\/\/arantv.az\/?p=263590","title":{"rendered":"\u018frdo\u011fan Bak\u0131dak\u0131 m\u0259rasim\u0259 telefonla qat\u0131ld\u0131 &#8211; FOTO\/V\u0130DEO"},"content":{"rendered":"<p>T\u00fcrkiy\u0259 Prezidenti R\u0259c\u0259b Tayyib \u018frdo\u011fan T\u00fcrkiy\u0259 Milli M\u00fcdafi\u0259 naziri Hulusi Akar\u0131n r\u0259smi hey\u0259tl\u0259 Bak\u0131da i\u015ftirak etdiyi g\u00f6r\u00fc\u015f\u0259 telefonla qat\u0131l\u0131b.<\/p>\n<p>Bu bar\u0259d\u0259 nazirliyin \u201cTwitter\u201d hesab\u0131nda qeyd edilir.<\/p>\n<p>O, Qaraba\u011fda Ortaq M\u0259rk\u0259zd\u0259 f\u0259aliyy\u0259t g\u00f6st\u0259r\u0259c\u0259k heyy\u0259t\u0259 m\u00fcraci\u0259t edib:<\/p>\n<p>\u201cQarda\u015f\u0131m,\u00a0Az\u0259rbaycan\u0131n Prezidenti \u0130lham \u018fliyevin r\u0259hb\u0259rliyi alt\u0131nda 44 g\u00fcnd\u0259 dastan kimi q\u0259l\u0259b\u0259 qazand\u0131n\u0131z. Az\u0259rbaycan ordusunu Da\u011fl\u0131q Qaraba\u011f\u0131n v\u0259 i\u015f\u011fal olunmu\u015f Az\u0259rbaycan \u0259razil\u0259rinin azad edilm\u0259si u\u011frunda m\u00fcbariz\u0259d\u0259 qazand\u0131qlar\u0131 q\u0259l\u0259b\u0259y\u0259 g\u00f6r\u0259 t\u0259brik edir\u0259m. Bu q\u0259l\u0259b\u0259 bizi az\u0259rbaycanl\u0131 qarda\u015flar q\u0259d\u0259r sevindirib v\u0259 q\u00fcrurland\u0131r\u0131b\u201d.<\/p>\n<p>\u018frdo\u011fan 10 dekabrda Azadl\u0131q Meydan\u0131nda ke\u00e7iril\u0259n q\u0259l\u0259b\u0259 m\u0259rasimind\u0259 Az\u0259rbaycan xalq\u0131n\u0131n q\u00fcrurunu b\u00f6l\u00fc\u015fd\u00fckl\u0259rini d\u0259 xat\u0131rlad\u0131b:<\/p>\n<p>\u201cQarda\u015f Az\u0259rbaycan Qafqaz \u0130slam Ordusunu dualar v\u0259 sevinc g\u00f6z ya\u015flar\u0131 il\u0259 qar\u015f\u0131lad\u0131\u011f\u0131 kimi, T\u00fcrk Silahl\u0131 Q\u00fcvv\u0259l\u0259rini d\u0259 10 dekabrda eyni h\u0259y\u0259canla qar\u015f\u0131lad\u0131\u201d.<\/p>\n<div>\n<div class=\"twitter-tweet twitter-tweet-rendered\"><iframe id=\"twitter-widget-0\" class=\"\" title=\"Twitter Tweet\" src=\"https:\/\/platform.twitter.com\/embed\/index.html?creatorScreenName=oxuaz&amp;dnt=false&amp;embedId=twitter-widget-0&amp;frame=false&amp;hideCard=false&amp;hideThread=false&amp;id=1344535370378207238&amp;lang=en&amp;origin=https%3A%2F%2Foxu.az%2Fpolitics%2F453839&amp;siteScreenName=oxuaz&amp;theme=light&amp;widgetsVersion=ed20a2b%3A1601588405575&amp;width=550px\" frameborder=\"0\" scrolling=\"no\" allowfullscreen=\"allowfullscreen\" data-tweet-id=\"1344535370378207238\" data-mce-fragment=\"1\"><\/iframe><\/div>\n<\/div>\n<div><iframe loading=\"lazy\" src=\"https:\/\/www.youtube.com\/embed\/wZ-gLyCeHE4\" width=\"560\" height=\"315\" frameborder=\"0\" allowfullscreen=\"allowfullscreen\" data-mce-fragment=\"1\"><\/iframe><\/div>\n<p>&nbsp;<\/p>\n","protected":false},"excerpt":{"rendered":"<p>T\u00fcrkiy\u0259 Prezidenti R\u0259c\u0259b Tayyib \u018frdo\u011fan T\u00fcrkiy\u0259 Milli M\u00fcdafi\u0259 naziri Hulusi Akar\u0131n r\u0259smi hey\u0259tl\u0259 Bak\u0131da i\u015ftirak etdiyi g\u00f6r\u00fc\u015f\u0259 telefonla qat\u0131l\u0131b. Bu bar\u0259d\u0259 nazirliyin \u201cTwitter\u201d hesab\u0131nda qeyd edilir. O, Qaraba\u011fda Ortaq M\u0259rk\u0259zd\u0259 f\u0259aliyy\u0259t g\u00f6st\u0259r\u0259c\u0259k heyy\u0259t\u0259 m\u00fcraci\u0259t edib: \u201cQarda\u015f\u0131m,\u00a0Az\u0259rbaycan\u0131n Prezidenti \u0130lham \u018fliyevin r\u0259hb\u0259rliyi alt\u0131nda 44 g\u00fcnd\u0259 dastan kimi q\u0259l\u0259b\u0259 qazand\u0131n\u0131z. Az\u0259rbaycan ordusunu Da\u011fl\u0131q Qaraba\u011f\u0131n v\u0259 i\u015f\u011fal olunmu\u015f Az\u0259rbaycan \u0259razil\u0259rinin azad edilm\u0259si u\u011frunda m\u00fcbariz\u0259d\u0259 qazand\u0131qlar\u0131 q\u0259l\u0259b\u0259y\u0259 g\u00f6r\u0259 t\u0259brik edir\u0259m. Bu q\u0259l\u0259b\u0259 bizi az\u0259rbaycanl\u0131 qarda\u015flar q\u0259d\u0259r sevindirib v\u0259 q\u00fcrurland\u0131r\u0131b\u201d. \u018frdo\u011fan 10 dekabrda Azadl\u0131q Meydan\u0131nda ke\u00e7iril\u0259n q\u0259l\u0259b\u0259 m\u0259rasimind\u0259 Az\u0259rbaycan xalq\u0131n\u0131n q\u00fcrurunu b\u00f6l\u00fc\u015fd\u00fckl\u0259rini d\u0259 xat\u0131rlad\u0131b: \u201cQarda\u015f Az\u0259rbaycan&hellip;<\/p>\n","protected":false},"author":2,"featured_media":225439,"comment_status":"closed","ping_status":"closed","sticky":false,"template":"","format":"standard","meta":{"om_disable_all_campaigns":false,"_monsterinsights_skip_tracking":false,"_monsterinsights_sitenote_active":false,"_monsterinsights_sitenote_note":"","_monsterinsights_sitenote_category":0},"categories":[4],"tags":[],"aioseo_notices":[],"gutentor_comment":0,"rttpg_featured_image_url":{"full":["https:\/\/arantv.az\/wp-content\/uploads\/2020\/09\/recep-tayyip-erdogan.jpg",620,422,false],"landscape":["https:\/\/arantv.az\/wp-content\/uploads\/2020\/09\/recep-tayyip-erdogan.jpg",620,422,false],"portraits":["https:\/\/arantv.az\/wp-content\/uploads\/2020\/09\/recep-tayyip-erdogan.jpg",620,422,false],"thumbnail":["https:\/\/arantv.az\/wp-content\/uploads\/2020\/09\/recep-tayyip-erdogan-150x150.jpg",150,150,true],"medium":["https:\/\/arantv.az\/wp-content\/uploads\/2020\/09\/recep-tayyip-erdogan-300x204.jpg",300,204,true],"large":["https:\/\/arantv.az\/wp-content\/uploads\/2020\/09\/recep-tayyip-erdogan.jpg",620,422,false],"1536x1536":["https:\/\/arantv.az\/wp-content\/uploads\/2020\/09\/recep-tayyip-erdogan.jpg",620,422,false],"2048x2048":["https:\/\/arantv.az\/wp-content\/uploads\/2020\/09\/recep-tayyip-erdogan.jpg",620,422,false],"post-thumbnail":["https:\/\/arantv.az\/wp-content\/uploads\/2020\/09\/recep-tayyip-erdogan-240x172.jpg",240,172,true],"advps-thumb-one":["https:\/\/arantv.az\/wp-content\/uploads\/2020\/09\/recep-tayyip-erdogan.jpg",620,422,false]},"rttpg_author":{"display_name":"V\u00fcsal Rafiqo\u011flu","author_link":"https:\/\/arantv.az\/?author=2"},"rttpg_comment":0,"rttpg_category":"<a href=\"https:\/\/arantv.az\/?cat=4\" rel=\"category\">Siyas\u0259t<\/a>","rttpg_excerpt":"T\u00fcrkiy\u0259 Prezidenti R\u0259c\u0259b Tayyib \u018frdo\u011fan T\u00fcrkiy\u0259 Milli M\u00fcdafi\u0259 naziri Hulusi Akar\u0131n r\u0259smi hey\u0259tl\u0259 Bak\u0131da i\u015ftirak etdiyi g\u00f6r\u00fc\u015f\u0259 telefonla qat\u0131l\u0131b. Bu bar\u0259d\u0259 nazirliyin \u201cTwitter\u201d hesab\u0131nda qeyd edilir. O, Qaraba\u011fda Ortaq M\u0259rk\u0259zd\u0259 f\u0259aliyy\u0259t g\u00f6st\u0259r\u0259c\u0259k heyy\u0259t\u0259 m\u00fcraci\u0259t edib: \u201cQarda\u015f\u0131m,\u00a0Az\u0259rbaycan\u0131n Prezidenti \u0130lham \u018fliyevin r\u0259hb\u0259rliyi alt\u0131nda 44 g\u00fcnd\u0259 dastan kimi q\u0259l\u0259b\u0259 qazand\u0131n\u0131z. Az\u0259rbaycan ordusunu Da\u011fl\u0131q Qaraba\u011f\u0131n v\u0259 i\u015f\u011fal olunmu\u015f Az\u0259rbaycan&hellip;","_links":{"self":[{"href":"https:\/\/arantv.az\/index.php?rest_route=\/wp\/v2\/posts\/263590"}],"collection":[{"href":"https:\/\/arantv.az\/index.php?rest_route=\/wp\/v2\/posts"}],"about":[{"href":"https:\/\/arantv.az\/index.php?rest_route=\/wp\/v2\/types\/post"}],"author":[{"embeddable":true,"href":"https:\/\/arantv.az\/index.php?rest_route=\/wp\/v2\/users\/2"}],"replies":[{"embeddable":true,"href":"https:\/\/arantv.az\/index.php?rest_route=%2Fwp%2Fv2%2Fcomments&post=263590"}],"version-history":[{"count":0,"href":"https:\/\/arantv.az\/index.php?rest_route=\/wp\/v2\/posts\/263590\/revisions"}],"wp:featuredmedia":[{"embeddable":true,"href":"https:\/\/arantv.az\/index.php?rest_route=\/wp\/v2\/media\/225439"}],"wp:attachment":[{"href":"https:\/\/arantv.az\/index.php?rest_route=%2Fwp%2Fv2%2Fmedia&parent=263590"}],"wp:term":[{"taxonomy":"category","embeddable":true,"href":"https:\/\/arantv.az\/index.php?rest_route=%2Fwp%2Fv2%2Fcategories&post=263590"},{"taxonomy":"post_tag","embeddable":true,"href":"https:\/\/arantv.az\/index.php?rest_route=%2Fwp%2Fv2%2Ftags&post=263590"}],"curies":[{"name":"wp","href":"https:\/\/api.w.org\/{rel}","templated":true}]}}