{"id":263594,"date":"2020-12-31T11:24:23","date_gmt":"2020-12-31T08:24:23","guid":{"rendered":"http:\/\/arantv.az\/?p=263594"},"modified":"2020-12-31T11:24:23","modified_gmt":"2020-12-31T08:24:23","slug":"prezident-az%c9%99rbaycan-texniki-universitetinin-%c9%99m%c9%99kdaslarina-f%c9%99xri-adlar-verdi-s%c9%99r%c9%99ncam","status":"publish","type":"post","link":"https:\/\/arantv.az\/?p=263594","title":{"rendered":"Prezident Az\u0259rbaycan Texniki Universitetinin \u0259m\u0259kda\u015flar\u0131na f\u0259xri adlar verdi &#8211; S\u018fR\u018fNCAM"},"content":{"rendered":"<p>Prezident \u0130lham \u018fliyev Az\u0259rbaycan Texniki Universitetinin \u0259m\u0259kda\u015flar\u0131na f\u0259xri adlar\u0131n verilm\u0259si haqq\u0131nda s\u0259r\u0259ncam imzalay\u0131b.<\/p>\n<p>Bununla ba\u011fl\u0131\u00a0<a href=\"https:\/\/azertag.az\/xeber\/Azerbaycan_Texniki_Universitetinin_emekdaslarina_fexri_adlarin_verilmesi_haqqinda_Azerbaycan_Respublikasi_Prezidentinin_Serencami-1678691\" target=\"_blank\" rel=\"noopener\">AZ\u018fRTAC<\/a>\u00a0m\u0259lumat yay\u0131b.<\/p>\n<p>S\u0259r\u0259ncama \u0259sas\u0259n, Az\u0259rbaycan Texniki Universitetinin 70 illiyi m\u00fcnasib\u0259til\u0259 Az\u0259rbaycanda m\u00fch\u0259ndis kadrlar\u0131n\u0131n haz\u0131rlanmas\u0131 v\u0259 texniki elml\u0259rin inki\u015faf\u0131nda xidm\u0259tl\u0259rin\u0259 g\u00f6r\u0259 Az\u0259rbaycan Texniki Universitetinin a\u015fa\u011f\u0131dak\u0131 \u0259m\u0259kda\u015flar\u0131na Az\u0259rbaycan Respublikas\u0131n\u0131n f\u0259xri adlar\u0131 verilir:<\/p>\n<p><strong>\u201c\u018fm\u0259kdar elm xadimi\u201d<\/strong><\/p>\n<p>H\u00fcseynov Rafiq Qurban o\u011flu<\/p>\n<p>R\u0259sulov N\u0259riman Mo\u011fbil o\u011flu<\/p>\n<p><strong>\u201c\u018fm\u0259kdar m\u00fc\u0259llim\u201d<\/strong><\/p>\n<p>Abidov \u00c7ingiz Cabbar o\u011flu<\/p>\n<p>\u018fhm\u0259d Abdullah \u018fmrullah o\u011flu<\/p>\n<p>Haxiyev \u018flabbas Seydi o\u011flu<\/p>\n<p>H\u00fcseynov \u018fl\u0259kb\u0259r G\u00fcl\u0259hm\u0259d o\u011flu<\/p>\n<p>X\u0259lilov \u0130sa \u018fli o\u011flu<\/p>\n<p>M\u0259mm\u0259dov \u018fhm\u0259d Adil o\u011flu<\/p>\n<p>Namazov S\u00fcbhan Nadir o\u011flu<\/p>\n<p>Rzayeva G\u00fcl\u015f\u0259n D\u0259mirqan q\u0131z\u0131<\/p>\n<p>Rzayeva Nuriyy\u0259 \u018fsg\u0259r q\u0131z\u0131<\/p>\n<p><strong>\u201c\u018fm\u0259kdar m\u00fch\u0259ndis\u201d<\/strong><\/p>\n<p>Bax\u015f\u0259li Valeh \u0130smixan o\u011flu<\/p>\n<p>Bayramov Razim Pa\u015fa o\u011flu<\/p>\n<p>\u018fliyev Hikm\u0259t S\u0259xav\u0259ddin o\u011flu<\/p>\n<p>K\u0259rimov Ziyaf\u0259t Xeyrulla o\u011flu<\/p>\n<p>Yusubov Nizami D\u0259mir o\u011flu.<\/p>\n","protected":false},"excerpt":{"rendered":"<p>Prezident \u0130lham \u018fliyev Az\u0259rbaycan Texniki Universitetinin \u0259m\u0259kda\u015flar\u0131na f\u0259xri adlar\u0131n verilm\u0259si haqq\u0131nda s\u0259r\u0259ncam imzalay\u0131b. Bununla ba\u011fl\u0131\u00a0AZ\u018fRTAC\u00a0m\u0259lumat yay\u0131b. S\u0259r\u0259ncama \u0259sas\u0259n, Az\u0259rbaycan Texniki Universitetinin 70 illiyi m\u00fcnasib\u0259til\u0259 Az\u0259rbaycanda m\u00fch\u0259ndis kadrlar\u0131n\u0131n haz\u0131rlanmas\u0131 v\u0259 texniki elml\u0259rin inki\u015faf\u0131nda xidm\u0259tl\u0259rin\u0259 g\u00f6r\u0259 Az\u0259rbaycan Texniki Universitetinin a\u015fa\u011f\u0131dak\u0131 \u0259m\u0259kda\u015flar\u0131na Az\u0259rbaycan Respublikas\u0131n\u0131n f\u0259xri adlar\u0131 verilir: \u201c\u018fm\u0259kdar elm xadimi\u201d H\u00fcseynov Rafiq Qurban o\u011flu R\u0259sulov N\u0259riman Mo\u011fbil o\u011flu \u201c\u018fm\u0259kdar m\u00fc\u0259llim\u201d Abidov \u00c7ingiz Cabbar o\u011flu \u018fhm\u0259d Abdullah \u018fmrullah o\u011flu Haxiyev \u018flabbas Seydi o\u011flu H\u00fcseynov \u018fl\u0259kb\u0259r G\u00fcl\u0259hm\u0259d o\u011flu X\u0259lilov \u0130sa \u018fli o\u011flu M\u0259mm\u0259dov \u018fhm\u0259d Adil o\u011flu Namazov S\u00fcbhan Nadir o\u011flu Rzayeva G\u00fcl\u015f\u0259n D\u0259mirqan q\u0131z\u0131 Rzayeva&hellip;<\/p>\n","protected":false},"author":2,"featured_media":263595,"comment_status":"closed","ping_status":"closed","sticky":false,"template":"","format":"standard","meta":{"om_disable_all_campaigns":false,"_monsterinsights_skip_tracking":false,"_monsterinsights_sitenote_active":false,"_monsterinsights_sitenote_note":"","_monsterinsights_sitenote_category":0},"categories":[4],"tags":[],"aioseo_notices":[],"gutentor_comment":0,"rttpg_featured_image_url":{"full":["https:\/\/arantv.az\/wp-content\/uploads\/2020\/12\/prezident_s\u00c9_r\u00c9_ncam-1.jpg",620,363,false],"landscape":["https:\/\/arantv.az\/wp-content\/uploads\/2020\/12\/prezident_s\u00c9_r\u00c9_ncam-1.jpg",620,363,false],"portraits":["https:\/\/arantv.az\/wp-content\/uploads\/2020\/12\/prezident_s\u00c9_r\u00c9_ncam-1.jpg",620,363,false],"thumbnail":["https:\/\/arantv.az\/wp-content\/uploads\/2020\/12\/prezident_s\u00c9_r\u00c9_ncam-1-150x150.jpg",150,150,true],"medium":["https:\/\/arantv.az\/wp-content\/uploads\/2020\/12\/prezident_s\u00c9_r\u00c9_ncam-1-300x176.jpg",300,176,true],"large":["https:\/\/arantv.az\/wp-content\/uploads\/2020\/12\/prezident_s\u00c9_r\u00c9_ncam-1.jpg",620,363,false],"1536x1536":["https:\/\/arantv.az\/wp-content\/uploads\/2020\/12\/prezident_s\u00c9_r\u00c9_ncam-1.jpg",620,363,false],"2048x2048":["https:\/\/arantv.az\/wp-content\/uploads\/2020\/12\/prezident_s\u00c9_r\u00c9_ncam-1.jpg",620,363,false],"post-thumbnail":["https:\/\/arantv.az\/wp-content\/uploads\/2020\/12\/prezident_s\u00c9_r\u00c9_ncam-1-240x172.jpg",240,172,true],"advps-thumb-one":["https:\/\/arantv.az\/wp-content\/uploads\/2020\/12\/prezident_s\u00c9_r\u00c9_ncam-1.jpg",620,363,false]},"rttpg_author":{"display_name":"V\u00fcsal Rafiqo\u011flu","author_link":"https:\/\/arantv.az\/?author=2"},"rttpg_comment":0,"rttpg_category":"<a href=\"https:\/\/arantv.az\/?cat=4\" rel=\"category\">Siyas\u0259t<\/a>","rttpg_excerpt":"Prezident \u0130lham \u018fliyev Az\u0259rbaycan Texniki Universitetinin \u0259m\u0259kda\u015flar\u0131na f\u0259xri adlar\u0131n verilm\u0259si haqq\u0131nda s\u0259r\u0259ncam imzalay\u0131b. Bununla ba\u011fl\u0131\u00a0AZ\u018fRTAC\u00a0m\u0259lumat yay\u0131b. S\u0259r\u0259ncama \u0259sas\u0259n, Az\u0259rbaycan Texniki Universitetinin 70 illiyi m\u00fcnasib\u0259til\u0259 Az\u0259rbaycanda m\u00fch\u0259ndis kadrlar\u0131n\u0131n haz\u0131rlanmas\u0131 v\u0259 texniki elml\u0259rin inki\u015faf\u0131nda xidm\u0259tl\u0259rin\u0259 g\u00f6r\u0259 Az\u0259rbaycan Texniki Universitetinin a\u015fa\u011f\u0131dak\u0131 \u0259m\u0259kda\u015flar\u0131na Az\u0259rbaycan Respublikas\u0131n\u0131n f\u0259xri adlar\u0131 verilir: \u201c\u018fm\u0259kdar elm xadimi\u201d H\u00fcseynov Rafiq Qurban o\u011flu R\u0259sulov N\u0259riman Mo\u011fbil o\u011flu&hellip;","_links":{"self":[{"href":"https:\/\/arantv.az\/index.php?rest_route=\/wp\/v2\/posts\/263594"}],"collection":[{"href":"https:\/\/arantv.az\/index.php?rest_route=\/wp\/v2\/posts"}],"about":[{"href":"https:\/\/arantv.az\/index.php?rest_route=\/wp\/v2\/types\/post"}],"author":[{"embeddable":true,"href":"https:\/\/arantv.az\/index.php?rest_route=\/wp\/v2\/users\/2"}],"replies":[{"embeddable":true,"href":"https:\/\/arantv.az\/index.php?rest_route=%2Fwp%2Fv2%2Fcomments&post=263594"}],"version-history":[{"count":0,"href":"https:\/\/arantv.az\/index.php?rest_route=\/wp\/v2\/posts\/263594\/revisions"}],"wp:featuredmedia":[{"embeddable":true,"href":"https:\/\/arantv.az\/index.php?rest_route=\/wp\/v2\/media\/263595"}],"wp:attachment":[{"href":"https:\/\/arantv.az\/index.php?rest_route=%2Fwp%2Fv2%2Fmedia&parent=263594"}],"wp:term":[{"taxonomy":"category","embeddable":true,"href":"https:\/\/arantv.az\/index.php?rest_route=%2Fwp%2Fv2%2Fcategories&post=263594"},{"taxonomy":"post_tag","embeddable":true,"href":"https:\/\/arantv.az\/index.php?rest_route=%2Fwp%2Fv2%2Ftags&post=263594"}],"curies":[{"name":"wp","href":"https:\/\/api.w.org\/{rel}","templated":true}]}}