{"id":26401,"date":"2018-12-05T15:59:12","date_gmt":"2018-12-05T12:59:12","guid":{"rendered":"http:\/\/arantv.az\/?p=26401"},"modified":"2018-12-05T15:59:12","modified_gmt":"2018-12-05T12:59:12","slug":"dovl%c9%99t-gerbi-v%c9%99-dovl%c9%99t-himni-haqqinda-yeni-qanunlar-olacaq","status":"publish","type":"post","link":"https:\/\/arantv.az\/?p=26401","title":{"rendered":"D\u00f6vl\u0259t Gerbi v\u0259 D\u00f6vl\u0259t Himni haqq\u0131nda yeni qanunlar olacaq"},"content":{"rendered":"<p>Dekabr\u0131n 5-d\u0259 Milli M\u0259clisin (MM) H\u00fcquq siyas\u0259ti v\u0259 d\u00f6vl\u0259t quruculu\u011fu komit\u0259sinin iclas\u0131 ke\u00e7irilib.<\/p>\n<p><b>ARANTV.AZ\u00a0<\/b>x\u0259b\u0259r verir ki, komit\u0259 s\u0259dri\u00a0<strong>\u018fli H\u00fcseynli\u00a0<\/strong>iclas\u0131n g\u00fcnd\u0259liyi bar\u0259d\u0259 m\u0259lumat verib.<\/p>\n<p>Bildirilib ki, g\u00fcnd\u0259liy\u0259 \u201cAz\u0259rbaycan Respublikas\u0131n\u0131n D\u00f6vl\u0259t Gerbi haqq\u0131nda\u201d, \u201cAz\u0259rbaycan Respublikas\u0131n\u0131n D\u00f6vl\u0259t Himni haqq\u0131nda\u201d qanun layih\u0259l\u0259ri v\u0259 \u201cAz\u0259rbaycan Respublikas\u0131 Milli M\u0259clisinin komit\u0259l\u0259ri haqq\u0131nda\u201d qanunda d\u0259yi\u015fiklik edilm\u0259si bar\u0259d\u0259 qanun layih\u0259si daxildir.<\/p>\n<div id=\"AdributorNativeVideo0\" class=\"AdributorNativeVideo\"><\/div>\n<p>\u018f.\u00a0H\u00fcseynli deyib ki, \u201cAz\u0259rbaycan Respublikas\u0131n\u0131n D\u00f6vl\u0259t Gerbi haqq\u0131nda\u201d qanun layih\u0259si Az\u0259rbaycan Respublikas\u0131 Konstitusiyas\u0131n\u0131n 23-c\u00fc\u00a0madd\u0259sin\u0259 uy\u011fun olaraq, Az\u0259rbaycan Respublikas\u0131 D\u00f6vl\u0259t Gerbinin istifad\u0259si qaydalar\u0131n\u0131 m\u00fc\u0259yy\u0259n edir.<\/p>\n<p>O qeyd edib\u00a0ki, D\u00f6vl\u0259t Gerbinin r\u0259ngli qabar\u0131q t\u0259svirinin haz\u0131rlanmas\u0131 v\u0259 istehsal\u0131 qaydalar\u0131 Az\u0259rbaycan Respublikas\u0131n\u0131n m\u00fcvafiq icra hakimiyy\u0259ti orqan\u0131 t\u0259r\u0259find\u0259n m\u00fc\u0259yy\u0259n edilir:<\/p>\n<p>\u201cD\u00f6vl\u0259t Gerbinin t\u0259sviri olan m\u00f6h\u00fcrl\u0259rin v\u0259 blanklar\u0131n\u0131n haz\u0131rlanmas\u0131, istifad\u0259 olunmas\u0131, saxlan\u0131lmas\u0131 v\u0259 m\u0259hv edilm\u0259si qaydalar\u0131 Az\u0259rbaycan Respublikas\u0131n\u0131n m\u00fcvafiq icra hakimiyy\u0259ti orqan\u0131 t\u0259r\u0259find\u0259n m\u00fc\u0259yy\u0259nl\u0259\u015fdirilir.<\/p>\n<p>D\u00f6vl\u0259t Gerbi \u201cAz\u0259rbaycan Respublikas\u0131 D\u00f6vl\u0259t Gerbinin t\u0259svirinin t\u0259sdiq edilm\u0259si haqq\u0131nda\u201d\u00a0 Konstitusiya qanununa uy\u011fun t\u0259svir edilm\u0259li v\u0259 bu qanunda n\u0259z\u0259rd\u0259 tutulmu\u015f qaydada istifad\u0259 edilm\u0259lidir. S\u0259n\u0259d\u0259 \u0259sas\u0259n, bu qanunun t\u0259l\u0259bl\u0259rini pozan \u015f\u0259xsl\u0259r \u0130nzibati X\u0259talar M\u0259c\u0259ll\u0259sin\u0259, D\u00f6vl\u0259t Gerbi bar\u0259d\u0259 t\u0259hqiredici h\u0259r\u0259k\u0259tl\u0259r ed\u0259n \u015f\u0259xsl\u0259r is\u0259 Cinay\u0259t M\u0259c\u0259ll\u0259sin\u0259 uy\u011fun olaraq m\u0259suliyy\u0259t da\u015f\u0131y\u0131rlar\u201d.<\/p>\n<p>Diqq\u0259t\u0259 \u00e7atd\u0131r\u0131l\u0131b ki, \u201cAz\u0259rbaycan Respublikas\u0131n\u0131n D\u00f6vl\u0259t Himni haqq\u0131nda\u201d qanun layih\u0259si Az\u0259rbaycan\u00a0Konstitusiyas\u0131n\u0131n 23-c\u00fc madd\u0259sin\u0259 uy\u011fun olaraq, Az\u0259rbaycan Respublikas\u0131 D\u00f6vl\u0259t Himninin ifa edilm\u0259si, oxunmas\u0131, dinl\u0259nm\u0259si v\u0259 istifad\u0259si hallar\u0131n\u0131 v\u0259 qaydalar\u0131n\u0131 m\u00fc\u0259yy\u0259n edir.<\/p>\n<p>\u0130clasda \u201cAz\u0259rbaycan Respublikas\u0131 Milli M\u0259clisinin komit\u0259l\u0259ri haqq\u0131nda\u201d qanunda d\u0259yi\u015fiklik edilm\u0259si bar\u0259d\u0259 qanun layih\u0259si m\u00fczakir\u0259 edilib.<\/p>\n<p>Bildirilib ki, qanun layih\u0259si Az\u0259rbaycan Respublikas\u0131n\u0131n 1996-ci il 17 may tarixli qanunu il\u0259 t\u0259sdiq edilmi\u015f \u201cAz\u0259rbaycan Respublikas\u0131 Milli M\u0259clisinin Daxili Nizamnam\u0259si\u201dn\u0259 uy\u011funla\u015fd\u0131rmaq v\u0259 Milli M\u0259clis haqq\u0131nda qanunvericiliyin t\u0259kmill\u0259\u015fdirilm\u0259si m\u0259qs\u0259di il\u0259 haz\u0131rlan\u0131b.<\/p>\n<p>M\u00fczakir\u0259l\u0259rd\u0259n sonra qanun layih\u0259l\u0259ri MM-in plenar iclas\u0131na t\u00f6vsiy\u0259 edilib.<\/p>\n<p>oxu.az<\/p>\n","protected":false},"excerpt":{"rendered":"<p>Dekabr\u0131n 5-d\u0259 Milli M\u0259clisin (MM) H\u00fcquq siyas\u0259ti v\u0259 d\u00f6vl\u0259t quruculu\u011fu komit\u0259sinin iclas\u0131 ke\u00e7irilib. ARANTV.AZ\u00a0x\u0259b\u0259r verir ki, komit\u0259 s\u0259dri\u00a0\u018fli H\u00fcseynli\u00a0iclas\u0131n g\u00fcnd\u0259liyi bar\u0259d\u0259 m\u0259lumat verib. Bildirilib ki, g\u00fcnd\u0259liy\u0259 \u201cAz\u0259rbaycan Respublikas\u0131n\u0131n D\u00f6vl\u0259t Gerbi haqq\u0131nda\u201d, \u201cAz\u0259rbaycan Respublikas\u0131n\u0131n D\u00f6vl\u0259t Himni haqq\u0131nda\u201d qanun layih\u0259l\u0259ri v\u0259 \u201cAz\u0259rbaycan Respublikas\u0131 Milli M\u0259clisinin komit\u0259l\u0259ri haqq\u0131nda\u201d qanunda d\u0259yi\u015fiklik edilm\u0259si bar\u0259d\u0259 qanun layih\u0259si daxildir. \u018f.\u00a0H\u00fcseynli deyib ki, \u201cAz\u0259rbaycan Respublikas\u0131n\u0131n D\u00f6vl\u0259t Gerbi haqq\u0131nda\u201d qanun layih\u0259si Az\u0259rbaycan Respublikas\u0131 Konstitusiyas\u0131n\u0131n 23-c\u00fc\u00a0madd\u0259sin\u0259 uy\u011fun olaraq, Az\u0259rbaycan Respublikas\u0131 D\u00f6vl\u0259t Gerbinin istifad\u0259si qaydalar\u0131n\u0131 m\u00fc\u0259yy\u0259n edir. O qeyd edib\u00a0ki, D\u00f6vl\u0259t Gerbinin r\u0259ngli qabar\u0131q t\u0259svirinin haz\u0131rlanmas\u0131 v\u0259 istehsal\u0131 qaydalar\u0131 Az\u0259rbaycan Respublikas\u0131n\u0131n&hellip;<\/p>\n","protected":false},"author":2,"featured_media":26402,"comment_status":"closed","ping_status":"closed","sticky":false,"template":"","format":"standard","meta":{"om_disable_all_campaigns":false,"_monsterinsights_skip_tracking":false,"_monsterinsights_sitenote_active":false,"_monsterinsights_sitenote_note":"","_monsterinsights_sitenote_category":0},"categories":[4],"tags":[],"aioseo_notices":[],"gutentor_comment":0,"rttpg_featured_image_url":{"full":["https:\/\/arantv.az\/wp-content\/uploads\/2018\/12\/14979549542806560183_1000x669.jpg",620,378,false],"landscape":["https:\/\/arantv.az\/wp-content\/uploads\/2018\/12\/14979549542806560183_1000x669.jpg",620,378,false],"portraits":["https:\/\/arantv.az\/wp-content\/uploads\/2018\/12\/14979549542806560183_1000x669.jpg",620,378,false],"thumbnail":["https:\/\/arantv.az\/wp-content\/uploads\/2018\/12\/14979549542806560183_1000x669-150x150.jpg",150,150,true],"medium":["https:\/\/arantv.az\/wp-content\/uploads\/2018\/12\/14979549542806560183_1000x669-300x183.jpg",300,183,true],"large":["https:\/\/arantv.az\/wp-content\/uploads\/2018\/12\/14979549542806560183_1000x669.jpg",620,378,false],"1536x1536":["https:\/\/arantv.az\/wp-content\/uploads\/2018\/12\/14979549542806560183_1000x669.jpg",620,378,false],"2048x2048":["https:\/\/arantv.az\/wp-content\/uploads\/2018\/12\/14979549542806560183_1000x669.jpg",620,378,false],"post-thumbnail":["https:\/\/arantv.az\/wp-content\/uploads\/2018\/12\/14979549542806560183_1000x669-240x172.jpg",240,172,true],"advps-thumb-one":["https:\/\/arantv.az\/wp-content\/uploads\/2018\/12\/14979549542806560183_1000x669.jpg",620,378,false]},"rttpg_author":{"display_name":"V\u00fcsal Rafiqo\u011flu","author_link":"https:\/\/arantv.az\/?author=2"},"rttpg_comment":0,"rttpg_category":"<a href=\"https:\/\/arantv.az\/?cat=4\" rel=\"category\">Siyas\u0259t<\/a>","rttpg_excerpt":"Dekabr\u0131n 5-d\u0259 Milli M\u0259clisin (MM) H\u00fcquq siyas\u0259ti v\u0259 d\u00f6vl\u0259t quruculu\u011fu komit\u0259sinin iclas\u0131 ke\u00e7irilib. ARANTV.AZ\u00a0x\u0259b\u0259r verir ki, komit\u0259 s\u0259dri\u00a0\u018fli H\u00fcseynli\u00a0iclas\u0131n g\u00fcnd\u0259liyi bar\u0259d\u0259 m\u0259lumat verib. Bildirilib ki, g\u00fcnd\u0259liy\u0259 \u201cAz\u0259rbaycan Respublikas\u0131n\u0131n D\u00f6vl\u0259t Gerbi haqq\u0131nda\u201d, \u201cAz\u0259rbaycan Respublikas\u0131n\u0131n D\u00f6vl\u0259t Himni haqq\u0131nda\u201d qanun layih\u0259l\u0259ri v\u0259 \u201cAz\u0259rbaycan Respublikas\u0131 Milli M\u0259clisinin komit\u0259l\u0259ri haqq\u0131nda\u201d qanunda d\u0259yi\u015fiklik edilm\u0259si bar\u0259d\u0259 qanun layih\u0259si daxildir. \u018f.\u00a0H\u00fcseynli deyib ki,&hellip;","_links":{"self":[{"href":"https:\/\/arantv.az\/index.php?rest_route=\/wp\/v2\/posts\/26401"}],"collection":[{"href":"https:\/\/arantv.az\/index.php?rest_route=\/wp\/v2\/posts"}],"about":[{"href":"https:\/\/arantv.az\/index.php?rest_route=\/wp\/v2\/types\/post"}],"author":[{"embeddable":true,"href":"https:\/\/arantv.az\/index.php?rest_route=\/wp\/v2\/users\/2"}],"replies":[{"embeddable":true,"href":"https:\/\/arantv.az\/index.php?rest_route=%2Fwp%2Fv2%2Fcomments&post=26401"}],"version-history":[{"count":0,"href":"https:\/\/arantv.az\/index.php?rest_route=\/wp\/v2\/posts\/26401\/revisions"}],"wp:featuredmedia":[{"embeddable":true,"href":"https:\/\/arantv.az\/index.php?rest_route=\/wp\/v2\/media\/26402"}],"wp:attachment":[{"href":"https:\/\/arantv.az\/index.php?rest_route=%2Fwp%2Fv2%2Fmedia&parent=26401"}],"wp:term":[{"taxonomy":"category","embeddable":true,"href":"https:\/\/arantv.az\/index.php?rest_route=%2Fwp%2Fv2%2Fcategories&post=26401"},{"taxonomy":"post_tag","embeddable":true,"href":"https:\/\/arantv.az\/index.php?rest_route=%2Fwp%2Fv2%2Ftags&post=26401"}],"curies":[{"name":"wp","href":"https:\/\/api.w.org\/{rel}","templated":true}]}}