{"id":264031,"date":"2021-01-01T06:25:47","date_gmt":"2021-01-01T03:25:47","guid":{"rendered":"http:\/\/arantv.az\/?p=264031"},"modified":"2021-01-01T06:25:47","modified_gmt":"2021-01-01T03:25:47","slug":"ilham-%c9%99liyev-44-gun-%c9%99rzind%c9%99-dusm%c9%99nin-ordusu-m%c9%99hv-edildi-bu-gun-erm%c9%99nistan-ordusu-yoxdur","status":"publish","type":"post","link":"https:\/\/arantv.az\/?p=264031","title":{"rendered":"\u0130lham \u018fliyev: \u201c44 g\u00fcn \u0259rzind\u0259 d\u00fc\u015fm\u0259nin ordusu m\u0259hv edildi, bu g\u00fcn Erm\u0259nistan ordusu yoxdur\u201d"},"content":{"rendered":"<p>\u201cSon ill\u0259rd\u0259 v\u0259ziyy\u0259t g\u0259rginl\u0259\u015fm\u0259y\u0259 ba\u015flam\u0131\u015fd\u0131. Art\u0131q Erm\u0259nistan da \u00f6z niyy\u0259tini gizl\u0259d\u0259 bilmirdi. \u00c7\u00fcnki dan\u0131\u015f\u0131qlar\u0131n m\u0259nas\u0131 art\u0131q faktiki olaraq itmi\u015fdi. Erm\u0259nistan i\u015f\u011fal edilmi\u015f torpaqlarda m\u00fcnt\u0259z\u0259m olaraq h\u0259rbi t\u0259liml\u0259r ke\u00e7irirdi. Erm\u0259nistan r\u0259hb\u0259rliyinin s\u00f6zl\u0259rin\u0259 g\u00f6r\u0259, bu t\u0259liml\u0259rd\u0259 10 minl\u0259rl\u0259 canl\u0131 q\u00fcvv\u0259 i\u015ftirak edirdi. Bizim m\u00f6vqel\u0259rimiz\u0259 qar\u015f\u0131 h\u00fccum t\u0259\u015fkil edilirdi. H\u0259rbi vertolyot h\u00fccum etmi\u015fdi v\u0259 o vertolyot vuruldu. Bu da Erm\u0259nistana imkan verdi ki, bunu b\u0259han\u0259 g\u0259tir\u0259r\u0259k desin, b\u0259li, Az\u0259rbaycan bizim vertolyotumuzu vurdu, indi dan\u0131\u015f\u0131qlar dayanmal\u0131d\u0131r. H\u0259r d\u0259f\u0259 m\u00fc\u0259yy\u0259n ir\u0259lil\u0259yi\u015f\u0259 imkan yarand\u0131qca, bel\u0259 t\u0259xribatlara \u0259l at\u0131rd\u0131lar\u201d.<\/p>\n<p>Bu bar\u0259d\u0259 Prezident \u0130lham \u018fliyev Erm\u0259nistan\u0131n dan\u0131\u015f\u0131qlar\u0131 pozmaq m\u0259qs\u0259dil\u0259 t\u00f6r\u0259tdiyi t\u0259xribatlardan dan\u0131\u015fark\u0259n bildirib.<\/p>\n<div id=\"AdviadNativeVideo0\" class=\"AdviadNativeVideo\"><\/div>\n<p>D\u00f6vl\u0259timizin ba\u015f\u00e7\u0131s\u0131 deyib: \u201cBir ne\u00e7\u0259 g\u00fcn davam ed\u0259n Aprel d\u00f6y\u00fc\u015fl\u0259ri ki\u00e7ik d\u0259 olsa, bizim q\u0259l\u0259b\u0259mizl\u0259 n\u0259tic\u0259l\u0259ndi. Erm\u0259nistan m\u0259cbur oldu, yerin\u0259 oturduldu, torpaqlar\u0131m\u0131z\u0131n bir hiss\u0259sini i\u015f\u011fal\u00e7\u0131lardan azad etdik, g\u00f6st\u0259rdik ki, bizi he\u00e7 kim v\u0259 he\u00e7 n\u0259 yolumuzdan d\u00f6nd\u0259r\u0259 bilm\u0259z, \u00e7\u0259kindir\u0259 bilm\u0259z. Amma d\u0259rs olmad\u0131 onlara. Aprel d\u00f6y\u00fc\u015fl\u0259rind\u0259n sonra Erm\u0259nistan\u0131n o vaxtk\u0131 r\u0259hb\u0259rliyi dem\u0259k olar, s\u00f6z vermi\u015fdi ki, i\u015f\u011fal edilmi\u015f torpaqlardan \u00e7\u0131xacaq. Bu, h\u0259qiq\u0259tdir. Amma sonra orada ya \u00f6zl\u0259ri t\u0259\u015fkil etmi\u015fdil\u0259r, ya do\u011frudan da bel\u0259 hadis\u0259 ba\u015f verdi, polis b\u00f6lm\u0259si z\u0259bt edildi, terror\u00e7u qrup orada terror akt\u0131 t\u00f6r\u0259tdi v\u0259 ondan sonra Erm\u0259nistan r\u0259hb\u0259rliyi dedi ki, g\u00f6r\u00fcrs\u00fcn\u00fcz, burada v\u0259ziyy\u0259t g\u0259rgindir, biz bunu ed\u0259 bilmirik. Bizi aldatd\u0131lar\u201d.<\/p>\n<p>Prezident qeyd edib ki, 2018-ci ild\u0259 G\u00fcnn\u00fct \u0259m\u0259liyyat\u0131 &#8211; Nax\u00e7\u0131van \u0259m\u0259liyyat\u0131 da bizim u\u011furlu \u0259m\u0259liyyat\u0131m\u0131z idi. \u201cBiz b\u00f6y\u00fck \u0259razini g\u00f6t\u00fcrd\u00fck, i\u015f\u011faldan azad etdik v\u0259 strateji y\u00fcks\u0259klikl\u0259ri z\u0259bt etdik. Yen\u0259 d\u0259 d\u0259rs olmad\u0131. Y\u0259ni, biz onlara \u015fans verirdik. 2018-ci ild\u0259 Erm\u0259nistanda, &#8211; indi b\u0259zil\u0259ri buna inqilab deyir, b\u0259zil\u0259ri \u00e7evrili\u015f deyir, \u00f6zl\u0259ri bil\u0259rl\u0259r, &#8211; d\u0259yi\u015fiklik ba\u015f verdi, \u00fcmidl\u0259r oyand\u0131 v\u0259 bu \u00fcmidl\u0259r \u0259sass\u0131z deyildi. M\u0259n d\u0259rin\u0259 getm\u0259k ist\u0259mir\u0259m. Biz \u00fcmid edirdik ki, yeni r\u0259hb\u0259rlik ke\u00e7mi\u015f s\u0259hvl\u0259rd\u0259n t\u0259mizl\u0259n\u0259c\u0259k v\u0259 bu m\u0259s\u0259l\u0259 \u00f6z h\u0259llini tapacaq. Amma bu da ba\u015f verm\u0259di. Dem\u0259k olar ki, bir ild\u0259n sonra biz\u0259 qar\u015f\u0131 q\u0259buledilm\u0259z add\u0131mlar at\u0131ld\u0131, bizi faktiki olaraq aldatd\u0131lar, \u00f6z daxili probleml\u0259rini h\u0259ll etm\u0259k, daxili m\u00fcxalif\u0259ti \u0259zm\u0259k, h\u0259bs etm\u0259k \u00fc\u00e7\u00fcn vaxt uddular. Ondan sonra n\u0259 oldu, Az\u0259rbaycan xalq\u0131 yax\u015f\u0131 bilir. Q\u0259buledilm\u0259z b\u0259yanatlar, Az\u0259rbaycan xalq\u0131n\u0131n t\u0259hqir edilm\u0259si, yersiz h\u0259r\u0259k\u0259tl\u0259r, biab\u0131r\u00e7\u0131 add\u0131mlar, b\u0259yanatlar v\u0259 t\u0259xribat xarakterli h\u0259rbi \u0259m\u0259liyyatlar &#8211; iyul ay\u0131nda, avqust ay\u0131nda v\u0259 n\u0259hay\u0259t, sentyabr\u0131n 27-d\u0259. M\u0259n dedim yet\u0259r art\u0131q, ir\u0259li! 44 g\u00fcn \u0259rzind\u0259 d\u00fc\u015fm\u0259nin ordusu m\u0259hv edildi. Bu g\u00fcn Erm\u0259nistan ordusu yoxdur\u201d, \u2013 dey\u0259 Az\u0259rbaycan Prezidenti \u0259lav\u0259 edib.<\/p>\n","protected":false},"excerpt":{"rendered":"<p>\u201cSon ill\u0259rd\u0259 v\u0259ziyy\u0259t g\u0259rginl\u0259\u015fm\u0259y\u0259 ba\u015flam\u0131\u015fd\u0131. Art\u0131q Erm\u0259nistan da \u00f6z niyy\u0259tini gizl\u0259d\u0259 bilmirdi. \u00c7\u00fcnki dan\u0131\u015f\u0131qlar\u0131n m\u0259nas\u0131 art\u0131q faktiki olaraq itmi\u015fdi. Erm\u0259nistan i\u015f\u011fal edilmi\u015f torpaqlarda m\u00fcnt\u0259z\u0259m olaraq h\u0259rbi t\u0259liml\u0259r ke\u00e7irirdi. Erm\u0259nistan r\u0259hb\u0259rliyinin s\u00f6zl\u0259rin\u0259 g\u00f6r\u0259, bu t\u0259liml\u0259rd\u0259 10 minl\u0259rl\u0259 canl\u0131 q\u00fcvv\u0259 i\u015ftirak edirdi. Bizim m\u00f6vqel\u0259rimiz\u0259 qar\u015f\u0131 h\u00fccum t\u0259\u015fkil edilirdi. H\u0259rbi vertolyot h\u00fccum etmi\u015fdi v\u0259 o vertolyot vuruldu. Bu da Erm\u0259nistana imkan verdi ki, bunu b\u0259han\u0259 g\u0259tir\u0259r\u0259k desin, b\u0259li, Az\u0259rbaycan bizim vertolyotumuzu vurdu, indi dan\u0131\u015f\u0131qlar dayanmal\u0131d\u0131r. H\u0259r d\u0259f\u0259 m\u00fc\u0259yy\u0259n ir\u0259lil\u0259yi\u015f\u0259 imkan yarand\u0131qca, bel\u0259 t\u0259xribatlara \u0259l at\u0131rd\u0131lar\u201d. Bu bar\u0259d\u0259 Prezident \u0130lham \u018fliyev Erm\u0259nistan\u0131n dan\u0131\u015f\u0131qlar\u0131 pozmaq&hellip;<\/p>\n","protected":false},"author":2,"featured_media":264032,"comment_status":"closed","ping_status":"closed","sticky":false,"template":"","format":"standard","meta":{"om_disable_all_campaigns":false,"_monsterinsights_skip_tracking":false,"_monsterinsights_sitenote_active":false,"_monsterinsights_sitenote_note":"","_monsterinsights_sitenote_category":0},"categories":[4],"tags":[],"aioseo_notices":[],"gutentor_comment":0,"rttpg_featured_image_url":{"full":["https:\/\/arantv.az\/wp-content\/uploads\/2021\/01\/16094486743481010802_1000x669.jpg",605,465,false],"landscape":["https:\/\/arantv.az\/wp-content\/uploads\/2021\/01\/16094486743481010802_1000x669.jpg",605,465,false],"portraits":["https:\/\/arantv.az\/wp-content\/uploads\/2021\/01\/16094486743481010802_1000x669.jpg",605,465,false],"thumbnail":["https:\/\/arantv.az\/wp-content\/uploads\/2021\/01\/16094486743481010802_1000x669-150x150.jpg",150,150,true],"medium":["https:\/\/arantv.az\/wp-content\/uploads\/2021\/01\/16094486743481010802_1000x669-300x231.jpg",300,231,true],"large":["https:\/\/arantv.az\/wp-content\/uploads\/2021\/01\/16094486743481010802_1000x669.jpg",605,465,false],"1536x1536":["https:\/\/arantv.az\/wp-content\/uploads\/2021\/01\/16094486743481010802_1000x669.jpg",605,465,false],"2048x2048":["https:\/\/arantv.az\/wp-content\/uploads\/2021\/01\/16094486743481010802_1000x669.jpg",605,465,false],"post-thumbnail":["https:\/\/arantv.az\/wp-content\/uploads\/2021\/01\/16094486743481010802_1000x669-240x172.jpg",240,172,true],"advps-thumb-one":["https:\/\/arantv.az\/wp-content\/uploads\/2021\/01\/16094486743481010802_1000x669.jpg",605,465,false]},"rttpg_author":{"display_name":"V\u00fcsal Rafiqo\u011flu","author_link":"https:\/\/arantv.az\/?author=2"},"rttpg_comment":0,"rttpg_category":"<a href=\"https:\/\/arantv.az\/?cat=4\" rel=\"category\">Siyas\u0259t<\/a>","rttpg_excerpt":"\u201cSon ill\u0259rd\u0259 v\u0259ziyy\u0259t g\u0259rginl\u0259\u015fm\u0259y\u0259 ba\u015flam\u0131\u015fd\u0131. Art\u0131q Erm\u0259nistan da \u00f6z niyy\u0259tini gizl\u0259d\u0259 bilmirdi. \u00c7\u00fcnki dan\u0131\u015f\u0131qlar\u0131n m\u0259nas\u0131 art\u0131q faktiki olaraq itmi\u015fdi. Erm\u0259nistan i\u015f\u011fal edilmi\u015f torpaqlarda m\u00fcnt\u0259z\u0259m olaraq h\u0259rbi t\u0259liml\u0259r ke\u00e7irirdi. Erm\u0259nistan r\u0259hb\u0259rliyinin s\u00f6zl\u0259rin\u0259 g\u00f6r\u0259, bu t\u0259liml\u0259rd\u0259 10 minl\u0259rl\u0259 canl\u0131 q\u00fcvv\u0259 i\u015ftirak edirdi. Bizim m\u00f6vqel\u0259rimiz\u0259 qar\u015f\u0131 h\u00fccum t\u0259\u015fkil edilirdi. H\u0259rbi vertolyot h\u00fccum etmi\u015fdi v\u0259 o vertolyot vuruldu. Bu&hellip;","_links":{"self":[{"href":"https:\/\/arantv.az\/index.php?rest_route=\/wp\/v2\/posts\/264031"}],"collection":[{"href":"https:\/\/arantv.az\/index.php?rest_route=\/wp\/v2\/posts"}],"about":[{"href":"https:\/\/arantv.az\/index.php?rest_route=\/wp\/v2\/types\/post"}],"author":[{"embeddable":true,"href":"https:\/\/arantv.az\/index.php?rest_route=\/wp\/v2\/users\/2"}],"replies":[{"embeddable":true,"href":"https:\/\/arantv.az\/index.php?rest_route=%2Fwp%2Fv2%2Fcomments&post=264031"}],"version-history":[{"count":0,"href":"https:\/\/arantv.az\/index.php?rest_route=\/wp\/v2\/posts\/264031\/revisions"}],"wp:featuredmedia":[{"embeddable":true,"href":"https:\/\/arantv.az\/index.php?rest_route=\/wp\/v2\/media\/264032"}],"wp:attachment":[{"href":"https:\/\/arantv.az\/index.php?rest_route=%2Fwp%2Fv2%2Fmedia&parent=264031"}],"wp:term":[{"taxonomy":"category","embeddable":true,"href":"https:\/\/arantv.az\/index.php?rest_route=%2Fwp%2Fv2%2Fcategories&post=264031"},{"taxonomy":"post_tag","embeddable":true,"href":"https:\/\/arantv.az\/index.php?rest_route=%2Fwp%2Fv2%2Ftags&post=264031"}],"curies":[{"name":"wp","href":"https:\/\/api.w.org\/{rel}","templated":true}]}}