{"id":264035,"date":"2021-01-01T06:26:40","date_gmt":"2021-01-01T03:26:40","guid":{"rendered":"http:\/\/arantv.az\/?p=264035"},"modified":"2021-01-01T06:26:40","modified_gmt":"2021-01-01T03:26:40","slug":"d%c9%99rb%c9%99ndd%c9%99-qurulan-n%c9%99h%c9%99ng-yolka-alisib-yandi-anbaan-video","status":"publish","type":"post","link":"https:\/\/arantv.az\/?p=264035","title":{"rendered":"D\u0259rb\u0259ndd\u0259 qurulan n\u0259h\u0259ng yolka al\u0131\u015f\u0131b yand\u0131 \u2013 ANBAAN V\u0130DEO"},"content":{"rendered":"<article class=\"news\">\n<div class=\"news-inner\">\n<p>Rusiya Federasiyas\u0131n\u0131n D\u0259rb\u0259nd \u015f\u0259h\u0259rind\u0259 qura\u015fd\u0131r\u0131lan n\u0259h\u0259ng yolka Yeni il \u015f\u0259nliyinin ke\u00e7irildiyi zaman\u00a0yanma\u011fa ba\u015flay\u0131b.<\/p>\n<p>REN TV x\u0259b\u0259r verir ki, haz\u0131rda hadis\u0259 yerind\u0259 yan\u011f\u0131ns\u00f6nd\u00fcr\u0259n briqadalar i\u015fl\u0259yir.<\/p>\n<div id=\"AdviadNativeVideo0\" class=\"AdviadNativeVideo\"><\/div>\n<p>\u0130lkin m\u0259lumata g\u00f6r\u0259, yan\u011f\u0131n n\u0259tic\u0259sind\u0259 he\u00e7 kim z\u0259r\u0259r g\u00f6rm\u0259yib.<\/p>\n<p>Xat\u0131rladaq ki, Da\u011f\u0131stan Respublikas\u0131n\u0131n paytaxt\u0131nda qura\u015fd\u0131r\u0131lan Yeni il yolkas\u0131n\u0131n h\u00fcnd\u00fcrl\u00fcy\u00fc 43 metrdir.<\/p>\n<div><iframe loading=\"lazy\" src=\"https:\/\/player.baku.tv\/embed\/31213\" width=\"560\" height=\"315\" frameborder=\"0\" allowfullscreen=\"allowfullscreen\" data-mce-fragment=\"1\"><\/iframe><\/div>\n<\/div>\n<\/article>\n<h2 class=\"news-share-title\"><\/h2>\n","protected":false},"excerpt":{"rendered":"<p>Rusiya Federasiyas\u0131n\u0131n D\u0259rb\u0259nd \u015f\u0259h\u0259rind\u0259 qura\u015fd\u0131r\u0131lan n\u0259h\u0259ng yolka Yeni il \u015f\u0259nliyinin ke\u00e7irildiyi zaman\u00a0yanma\u011fa ba\u015flay\u0131b. REN TV x\u0259b\u0259r verir ki, haz\u0131rda hadis\u0259 yerind\u0259 yan\u011f\u0131ns\u00f6nd\u00fcr\u0259n briqadalar i\u015fl\u0259yir. \u0130lkin m\u0259lumata g\u00f6r\u0259, yan\u011f\u0131n n\u0259tic\u0259sind\u0259 he\u00e7 kim z\u0259r\u0259r g\u00f6rm\u0259yib. Xat\u0131rladaq ki, Da\u011f\u0131stan Respublikas\u0131n\u0131n paytaxt\u0131nda qura\u015fd\u0131r\u0131lan Yeni il yolkas\u0131n\u0131n h\u00fcnd\u00fcrl\u00fcy\u00fc 43 metrdir.<\/p>\n","protected":false},"author":2,"featured_media":264036,"comment_status":"closed","ping_status":"closed","sticky":false,"template":"","format":"standard","meta":{"om_disable_all_campaigns":false,"_monsterinsights_skip_tracking":false,"_monsterinsights_sitenote_active":false,"_monsterinsights_sitenote_note":"","_monsterinsights_sitenote_category":0},"categories":[7],"tags":[],"aioseo_notices":[],"gutentor_comment":0,"rttpg_featured_image_url":{"full":["https:\/\/arantv.az\/wp-content\/uploads\/2021\/01\/134793908_1153903705024419_8416101178644836801_n.jpg",620,349,false],"landscape":["https:\/\/arantv.az\/wp-content\/uploads\/2021\/01\/134793908_1153903705024419_8416101178644836801_n.jpg",620,349,false],"portraits":["https:\/\/arantv.az\/wp-content\/uploads\/2021\/01\/134793908_1153903705024419_8416101178644836801_n.jpg",620,349,false],"thumbnail":["https:\/\/arantv.az\/wp-content\/uploads\/2021\/01\/134793908_1153903705024419_8416101178644836801_n-150x150.jpg",150,150,true],"medium":["https:\/\/arantv.az\/wp-content\/uploads\/2021\/01\/134793908_1153903705024419_8416101178644836801_n-300x169.jpg",300,169,true],"large":["https:\/\/arantv.az\/wp-content\/uploads\/2021\/01\/134793908_1153903705024419_8416101178644836801_n.jpg",620,349,false],"1536x1536":["https:\/\/arantv.az\/wp-content\/uploads\/2021\/01\/134793908_1153903705024419_8416101178644836801_n.jpg",620,349,false],"2048x2048":["https:\/\/arantv.az\/wp-content\/uploads\/2021\/01\/134793908_1153903705024419_8416101178644836801_n.jpg",620,349,false],"post-thumbnail":["https:\/\/arantv.az\/wp-content\/uploads\/2021\/01\/134793908_1153903705024419_8416101178644836801_n-240x172.jpg",240,172,true],"advps-thumb-one":["https:\/\/arantv.az\/wp-content\/uploads\/2021\/01\/134793908_1153903705024419_8416101178644836801_n.jpg",620,349,false]},"rttpg_author":{"display_name":"V\u00fcsal Rafiqo\u011flu","author_link":"https:\/\/arantv.az\/?author=2"},"rttpg_comment":0,"rttpg_category":"<a href=\"https:\/\/arantv.az\/?cat=7\" rel=\"category\">D\u00fcnya<\/a>","rttpg_excerpt":"Rusiya Federasiyas\u0131n\u0131n D\u0259rb\u0259nd \u015f\u0259h\u0259rind\u0259 qura\u015fd\u0131r\u0131lan n\u0259h\u0259ng yolka Yeni il \u015f\u0259nliyinin ke\u00e7irildiyi zaman\u00a0yanma\u011fa ba\u015flay\u0131b. REN TV x\u0259b\u0259r verir ki, haz\u0131rda hadis\u0259 yerind\u0259 yan\u011f\u0131ns\u00f6nd\u00fcr\u0259n briqadalar i\u015fl\u0259yir. \u0130lkin m\u0259lumata g\u00f6r\u0259, yan\u011f\u0131n n\u0259tic\u0259sind\u0259 he\u00e7 kim z\u0259r\u0259r g\u00f6rm\u0259yib. Xat\u0131rladaq ki, Da\u011f\u0131stan Respublikas\u0131n\u0131n paytaxt\u0131nda qura\u015fd\u0131r\u0131lan Yeni il yolkas\u0131n\u0131n h\u00fcnd\u00fcrl\u00fcy\u00fc 43 metrdir.","_links":{"self":[{"href":"https:\/\/arantv.az\/index.php?rest_route=\/wp\/v2\/posts\/264035"}],"collection":[{"href":"https:\/\/arantv.az\/index.php?rest_route=\/wp\/v2\/posts"}],"about":[{"href":"https:\/\/arantv.az\/index.php?rest_route=\/wp\/v2\/types\/post"}],"author":[{"embeddable":true,"href":"https:\/\/arantv.az\/index.php?rest_route=\/wp\/v2\/users\/2"}],"replies":[{"embeddable":true,"href":"https:\/\/arantv.az\/index.php?rest_route=%2Fwp%2Fv2%2Fcomments&post=264035"}],"version-history":[{"count":0,"href":"https:\/\/arantv.az\/index.php?rest_route=\/wp\/v2\/posts\/264035\/revisions"}],"wp:featuredmedia":[{"embeddable":true,"href":"https:\/\/arantv.az\/index.php?rest_route=\/wp\/v2\/media\/264036"}],"wp:attachment":[{"href":"https:\/\/arantv.az\/index.php?rest_route=%2Fwp%2Fv2%2Fmedia&parent=264035"}],"wp:term":[{"taxonomy":"category","embeddable":true,"href":"https:\/\/arantv.az\/index.php?rest_route=%2Fwp%2Fv2%2Fcategories&post=264035"},{"taxonomy":"post_tag","embeddable":true,"href":"https:\/\/arantv.az\/index.php?rest_route=%2Fwp%2Fv2%2Ftags&post=264035"}],"curies":[{"name":"wp","href":"https:\/\/api.w.org\/{rel}","templated":true}]}}