{"id":26404,"date":"2018-12-05T16:06:43","date_gmt":"2018-12-05T13:06:43","guid":{"rendered":"http:\/\/arantv.az\/?p=26404"},"modified":"2018-12-05T16:06:43","modified_gmt":"2018-12-05T13:06:43","slug":"elsad-ibrahimov-namiz%c9%99dliyim-erm%c9%99nil%c9%99ri-cox-%c9%99s%c9%99bil%c9%99sdirdi","status":"publish","type":"post","link":"https:\/\/arantv.az\/?p=26404","title":{"rendered":"El\u015fad \u0130brahimov: Namiz\u0259dliyim erm\u0259nil\u0259ri \u00e7ox \u0259s\u0259bil\u0259\u015fdirdi"},"content":{"rendered":"<p>Bu g\u00fcnl\u0259rd\u0259 m\u0259lum oldu ki, h\u0259myerlimiz\u00a0<strong>El\u015fad \u0130brahimov<\/strong>\u00a0Ukrayna Milli Kikboksinq Federasiyas\u0131na vitse-prezident postuna se\u00e7ilib.<\/p>\n<p><b>ARANTV.AZ\u00a0<\/b>Media.Az-a istinad\u0259n x\u0259b\u0259r verir ki, ixtisasca h\u00fcquq\u015f\u00fcnas olan El\u015fad \u0130brahimov Bak\u0131 D\u00f6vl\u0259t Universitetini bitirib.<\/p>\n<p>Kiyev D\u00f6vl\u0259t Universitetind\u0259 magistraturaya daxil olan \u0130brahimov t\u0259hsilini Ukraynada davam etdirib. Haz\u0131rda E.\u0130brahimov aspirantd\u0131r. 2011-ci ild\u0259n Ukraynada ya\u015fay\u0131r. Bu m\u00fcdd\u0259t \u0259rzind\u0259 o, \u00f6z\u00fcn\u00fc biznesin tikinti v\u0259 da\u015f\u0131nmaz \u0259mlak kimi m\u00fcxt\u0259lif sah\u0259l\u0259rind\u0259 s\u0131nay\u0131b. Ukrayna Az\u0259rbaycanl\u0131lar\u0131 Birl\u0259\u015fmi\u015f Diasporu t\u0259\u015fkilat\u0131n\u0131n s\u0259dr m\u00fcavinidir.<\/p>\n<div id=\"AdributorNativeVideo0\" class=\"AdributorNativeVideo\"><\/div>\n<p>\u201c\u00dcr\u0259yim Az\u0259rbaycanla birg\u0259 d\u00f6y\u00fcn\u00fcr. M\u0259nim \u00fc\u00e7\u00fcn q\u00fcrb\u0259td\u0259 \u00f6lk\u0259min u\u011furuna nail olmaq \u015f\u0259r\u0259fdir. Kiyevd\u0259 ya\u015fayan zaman m\u0259n Ukraynadak\u0131 Az\u0259rbaycanl\u0131lar\u0131 Birl\u0259\u015fmi\u015f Diasporu il\u0259 \u0259m\u0259kda\u015fl\u0131\u011fa ba\u015flad\u0131m. \u018fm\u0259kda\u015fl\u0131q m\u00fcdd\u0259timizd\u0259 \u00e7oxlu t\u0259dbirl\u0259r ke\u00e7irdik. M\u0259n Ukraynada Az\u0259rbaycan m\u0259kt\u0259bl\u0259rinin a\u00e7\u0131l\u0131\u015f\u0131 m\u0259s\u0259l\u0259sind\u0259 f\u0259al i\u015ftirak etmi\u015f\u0259m\u201d, &#8211; E.\u0130brahimov bildirib.<\/p>\n<p>Onun s\u00f6zl\u0259rin\u0259 g\u00f6r\u0259, Ukrayna Milli Kikboksinq Federasiyas\u0131 45 mind\u0259n \u00e7ox idman\u00e7\u0131n\u0131 \u00f6z bayra\u011f\u0131 alt\u0131na toplay\u0131b:<\/p>\n<p>\u201cDiasporumuz federasiya il\u0259 \u0259laq\u0259l\u0259ri d\u0259st\u0259kl\u0259yirdi. Biz Ukrayna bayra\u011f\u0131 alt\u0131nda \u00e7\u0131x\u0131\u015f ed\u0259n az\u0259rbaycanl\u0131 idman\u00e7\u0131lara da k\u00f6m\u0259k edirdik. Biz h\u0259r zaman Kikboksinq Federasiyas\u0131n\u0131n yan\u0131nda olmu\u015fuq v\u0259 onlara bacard\u0131\u011f\u0131m\u0131z q\u0259d\u0259r d\u0259st\u0259k g\u00f6st\u0259rmi\u015fik. V\u0259 federasiya bizim s\u0259yl\u0259rimizi d\u0259y\u0259rl\u0259ndir\u0259r\u0259k, daxili iclasda q\u0259rar verdi ki, m\u0259n vitse-prezident se\u00e7kil\u0259rind\u0259 i\u015ftirak ed\u0259 bil\u0259r\u0259m.<\/p>\n<p>Yolda\u015flar\u0131mla m\u0259sl\u0259h\u0259tl\u0259\u015fdikd\u0259n sonra q\u0259rar verdim ki, namiz\u0259dliyimi ir\u0259li s\u00fcr\u00fcm. Noyabr\u0131n 30-da \u00c7ernovts\u0131 \u015f\u0259h\u0259rind\u0259 federasiyan\u0131n iclas\u0131 ke\u00e7irilirdi. M\u0259n d\u0259 orada i\u015ftirak edirdim. \u00d6nc\u0259d\u0259n deyim ki, Federasiyada vitse-prezident postu bir deyil. N\u0259tic\u0259l\u0259r\u0259 \u0259sas\u0259n, m\u0259n \u00fc\u00e7 vitse-prezidentd\u0259n biri oldum\u201d.<\/p>\n<p>E.\u0130brahimovun s\u00f6zl\u0259rin\u0259 g\u00f6r\u0259, r\u0259qibi\u00a0milliy\u0259tc\u0259 erm\u0259ni olub.<\/p>\n<p>\u201cA\u00e7\u0131q deyim ki, m\u0259n namiz\u0259dliyim federasiyan\u0131n milliy\u0259tc\u0259 erm\u0259ni olan \u00fczvl\u0259rini \u00e7ox q\u0259z\u0259bl\u0259ndirdi. B\u0259zil\u0259ri h\u0259tta a\u00e7\u0131q \u015f\u0259kild\u0259 etiraz etdil\u0259r. M\u0259n federasiyas\u0131n\u0131n inki\u015faf proqram\u0131n\u0131 a\u00e7\u0131qlad\u0131m. V\u0259 g\u00f6r\u00fcn\u00fcr ki, bu da t\u0259\u015fkilat komit\u0259sinin xo\u015funa g\u0259lib. M\u0259nim v\u0259zif\u0259m Ukrayna kikboksinqini xaricd\u0259 tan\u0131tmaqd\u0131r. \u018flb\u0259tt\u0259 ki, biz Az\u0259rbaycanla \u0259m\u0259kda\u015fl\u0131q etm\u0259y\u0259 \u00e7al\u0131\u015faca\u011f\u0131q.<\/p>\n<p>Art\u0131q n\u00f6vb\u0259ti ilin mart\u0131nda az\u0259rbaycanl\u0131 idman\u00e7\u0131lar Kiyevd\u0259 ke\u00e7iril\u0259n turnird\u0259 i\u015ftirak ed\u0259c\u0259kl\u0259r. Bu da Ukrayna v\u0259 Az\u0259rbaycan xalqlar\u0131 v\u0259 idman\u00e7\u0131lar\u0131 aras\u0131nda dostlu\u011fu m\u00f6hk\u0259ml\u0259ndir\u0259c\u0259k\u201d, &#8211; El\u015fad \u0130brahimov \u0259lav\u0259 edib.<\/p>\n","protected":false},"excerpt":{"rendered":"<p>Bu g\u00fcnl\u0259rd\u0259 m\u0259lum oldu ki, h\u0259myerlimiz\u00a0El\u015fad \u0130brahimov\u00a0Ukrayna Milli Kikboksinq Federasiyas\u0131na vitse-prezident postuna se\u00e7ilib. ARANTV.AZ\u00a0Media.Az-a istinad\u0259n x\u0259b\u0259r verir ki, ixtisasca h\u00fcquq\u015f\u00fcnas olan El\u015fad \u0130brahimov Bak\u0131 D\u00f6vl\u0259t Universitetini bitirib. Kiyev D\u00f6vl\u0259t Universitetind\u0259 magistraturaya daxil olan \u0130brahimov t\u0259hsilini Ukraynada davam etdirib. Haz\u0131rda E.\u0130brahimov aspirantd\u0131r. 2011-ci ild\u0259n Ukraynada ya\u015fay\u0131r. Bu m\u00fcdd\u0259t \u0259rzind\u0259 o, \u00f6z\u00fcn\u00fc biznesin tikinti v\u0259 da\u015f\u0131nmaz \u0259mlak kimi m\u00fcxt\u0259lif sah\u0259l\u0259rind\u0259 s\u0131nay\u0131b. Ukrayna Az\u0259rbaycanl\u0131lar\u0131 Birl\u0259\u015fmi\u015f Diasporu t\u0259\u015fkilat\u0131n\u0131n s\u0259dr m\u00fcavinidir. \u201c\u00dcr\u0259yim Az\u0259rbaycanla birg\u0259 d\u00f6y\u00fcn\u00fcr. M\u0259nim \u00fc\u00e7\u00fcn q\u00fcrb\u0259td\u0259 \u00f6lk\u0259min u\u011furuna nail olmaq \u015f\u0259r\u0259fdir. Kiyevd\u0259 ya\u015fayan zaman m\u0259n Ukraynadak\u0131 Az\u0259rbaycanl\u0131lar\u0131 Birl\u0259\u015fmi\u015f Diasporu il\u0259 \u0259m\u0259kda\u015fl\u0131\u011fa ba\u015flad\u0131m. \u018fm\u0259kda\u015fl\u0131q&hellip;<\/p>\n","protected":false},"author":2,"featured_media":26405,"comment_status":"closed","ping_status":"closed","sticky":false,"template":"","format":"standard","meta":{"om_disable_all_campaigns":false,"_monsterinsights_skip_tracking":false,"_monsterinsights_sitenote_active":false,"_monsterinsights_sitenote_note":"","_monsterinsights_sitenote_category":0},"categories":[1],"tags":[],"aioseo_notices":[],"gutentor_comment":0,"rttpg_featured_image_url":{"full":["https:\/\/arantv.az\/wp-content\/uploads\/2018\/12\/elsad.jpg",620,331,false],"landscape":["https:\/\/arantv.az\/wp-content\/uploads\/2018\/12\/elsad.jpg",620,331,false],"portraits":["https:\/\/arantv.az\/wp-content\/uploads\/2018\/12\/elsad.jpg",620,331,false],"thumbnail":["https:\/\/arantv.az\/wp-content\/uploads\/2018\/12\/elsad-150x150.jpg",150,150,true],"medium":["https:\/\/arantv.az\/wp-content\/uploads\/2018\/12\/elsad-300x160.jpg",300,160,true],"large":["https:\/\/arantv.az\/wp-content\/uploads\/2018\/12\/elsad.jpg",620,331,false],"1536x1536":["https:\/\/arantv.az\/wp-content\/uploads\/2018\/12\/elsad.jpg",620,331,false],"2048x2048":["https:\/\/arantv.az\/wp-content\/uploads\/2018\/12\/elsad.jpg",620,331,false],"post-thumbnail":["https:\/\/arantv.az\/wp-content\/uploads\/2018\/12\/elsad-240x172.jpg",240,172,true],"advps-thumb-one":["https:\/\/arantv.az\/wp-content\/uploads\/2018\/12\/elsad.jpg",620,331,false]},"rttpg_author":{"display_name":"V\u00fcsal Rafiqo\u011flu","author_link":"https:\/\/arantv.az\/?author=2"},"rttpg_comment":0,"rttpg_category":"<a href=\"https:\/\/arantv.az\/?cat=1\" rel=\"category\">C\u0259miyy\u0259t<\/a>","rttpg_excerpt":"Bu g\u00fcnl\u0259rd\u0259 m\u0259lum oldu ki, h\u0259myerlimiz\u00a0El\u015fad \u0130brahimov\u00a0Ukrayna Milli Kikboksinq Federasiyas\u0131na vitse-prezident postuna se\u00e7ilib. ARANTV.AZ\u00a0Media.Az-a istinad\u0259n x\u0259b\u0259r verir ki, ixtisasca h\u00fcquq\u015f\u00fcnas olan El\u015fad \u0130brahimov Bak\u0131 D\u00f6vl\u0259t Universitetini bitirib. Kiyev D\u00f6vl\u0259t Universitetind\u0259 magistraturaya daxil olan \u0130brahimov t\u0259hsilini Ukraynada davam etdirib. Haz\u0131rda E.\u0130brahimov aspirantd\u0131r. 2011-ci ild\u0259n Ukraynada ya\u015fay\u0131r. Bu m\u00fcdd\u0259t \u0259rzind\u0259 o, \u00f6z\u00fcn\u00fc biznesin tikinti v\u0259 da\u015f\u0131nmaz \u0259mlak&hellip;","_links":{"self":[{"href":"https:\/\/arantv.az\/index.php?rest_route=\/wp\/v2\/posts\/26404"}],"collection":[{"href":"https:\/\/arantv.az\/index.php?rest_route=\/wp\/v2\/posts"}],"about":[{"href":"https:\/\/arantv.az\/index.php?rest_route=\/wp\/v2\/types\/post"}],"author":[{"embeddable":true,"href":"https:\/\/arantv.az\/index.php?rest_route=\/wp\/v2\/users\/2"}],"replies":[{"embeddable":true,"href":"https:\/\/arantv.az\/index.php?rest_route=%2Fwp%2Fv2%2Fcomments&post=26404"}],"version-history":[{"count":0,"href":"https:\/\/arantv.az\/index.php?rest_route=\/wp\/v2\/posts\/26404\/revisions"}],"wp:featuredmedia":[{"embeddable":true,"href":"https:\/\/arantv.az\/index.php?rest_route=\/wp\/v2\/media\/26405"}],"wp:attachment":[{"href":"https:\/\/arantv.az\/index.php?rest_route=%2Fwp%2Fv2%2Fmedia&parent=26404"}],"wp:term":[{"taxonomy":"category","embeddable":true,"href":"https:\/\/arantv.az\/index.php?rest_route=%2Fwp%2Fv2%2Fcategories&post=26404"},{"taxonomy":"post_tag","embeddable":true,"href":"https:\/\/arantv.az\/index.php?rest_route=%2Fwp%2Fv2%2Ftags&post=26404"}],"curies":[{"name":"wp","href":"https:\/\/api.w.org\/{rel}","templated":true}]}}