{"id":264112,"date":"2021-01-01T13:57:24","date_gmt":"2021-01-01T10:57:24","guid":{"rendered":"http:\/\/arantv.az\/?p=264112"},"modified":"2021-01-01T13:57:24","modified_gmt":"2021-01-01T10:57:24","slug":"isvecd%c9%99-v%c9%99t%c9%99n-muharib%c9%99si-s%c9%99hidl%c9%99rinin-xatir%c9%99si-yad-olunub","status":"publish","type":"post","link":"https:\/\/arantv.az\/?p=264112","title":{"rendered":"\u0130sve\u00e7d\u0259 V\u0259t\u0259n m\u00fcharib\u0259si \u015f\u0259hidl\u0259rinin xatir\u0259si yad olunub"},"content":{"rendered":"<div class=\"content lead font-weight-normal\">\n<p>31 dekabr-D\u00fcnya Az\u0259rbaycanl\u0131lar\u0131n\u0131n H\u0259mr\u0259yliyi G\u00fcn\u00fc m\u00fcnasib\u0259til\u0259 \u0130sve\u00e7d\u0259 ya\u015fayan az\u0259rbaycanl\u0131lar V\u0259t\u0259n m\u00fcharib\u0259sind\u0259 \u015f\u0259hid olan soyda\u015flar\u0131m\u0131z\u0131n xatir\u0259sini yad etm\u0259k \u00fc\u00e7\u00fcn \u00f6lk\u0259mizin \u0130sve\u00e7r\u0259d\u0259ki s\u0259firliyinin \u00f6n\u00fcnd\u0259 topla\u015f\u0131blar.<\/p>\n<p><strong>ARANTV.AZ<\/strong> x\u0259b\u0259r verir ki, Az\u0259rbaycan Respublikas\u0131n\u0131n himninin s\u0259sl\u0259nm\u0259si v\u0259 V\u0259t\u0259n m\u00fcharib\u0259sind\u0259 \u015f\u0259hid olanlar\u0131n xatir\u0259sinin bir d\u0259qiq\u0259lik s\u00fckutla yad edilm\u0259si il\u0259 ba\u015flayan an\u0131m m\u0259rasimind\u0259 i\u015ftirak ed\u0259n h\u0259myerlil\u0259rimiz \u00fcr\u0259k s\u00f6zl\u0259ri il\u0259 \u00e7\u0131x\u0131\u015f edibl\u0259r.<\/p>\n<p>\u00c7\u0131x\u0131\u015f\u00e7\u0131lar bildirib ki, Az\u0259rbaycan Ordusunun z\u0259f\u0259r y\u00fcr\u00fc\u015f\u00fc il\u0259 bu il tarixi ad\u0259l\u0259tsizliy\u0259 son qoyulub v\u0259 \u00f6lk\u0259mizin uzun ill\u0259r i\u015f\u011fal alt\u0131nda olan b\u00f6y\u00fck \u0259razil\u0259ri azad olunub. \u00d6lk\u0259mizin azadl\u0131\u011f\u0131 v\u0259 b\u00fct\u00f6vl\u00fcy\u00fc u\u011frunda h\u0259yat\u0131ndan ke\u00e7ib \u015f\u0259hidlik zirv\u0259sin\u0259 ucalan v\u0259t\u0259n \u00f6vladlar\u0131n \u015f\u00fccay\u0259tliyind\u0259n dan\u0131\u015fan diaspor f\u0259allar\u0131, \u015f\u0259hidl\u0259rimiz\u0259 Allahdan r\u0259hm\u0259t v\u0259 ail\u0259l\u0259rin\u0259 s\u0259br dil\u0259yibl\u0259r.<\/p>\n<p>T\u0259dbir \u0259snas\u0131nda, \u201cBiz \u015f\u0259hidl\u0259rimiz\u0259 \u00f6m\u00fcr boyu borclu olaca\u011f\u0131q\u201d, \u201cV\u0259t\u0259n sa\u011f olsun\u201d, \u201c\u015e\u0259hidl\u0259r \u00f6lm\u0259z, V\u0259t\u0259n b\u00f6l\u00fcnm\u0259z\u201d \u015f\u00fcarlar\u0131 s\u0259sl\u0259ndirilib.<\/p>\n<div class=\"clearfix\"><\/div>\n<\/div>\n<div class=\"fotorama--hidden\"><\/div>\n<div id=\"galleryList\" class=\"fotorama fotorama1609498542475\" data-nav=\"thumbs\" data-width=\"100%\" data-thumbwidth=\"90\" data-thumbheight=\"60\" data-allowfullscreen=\"true\" data-autoplay=\"3000\" data-ratio=\"1.5\" data-keyboard=\"true\" data-fit=\"contain\">\n<div class=\"fotorama__wrap fotorama__wrap--css3 fotorama__wrap--slide fotorama__wrap--toggle-arrows fotorama__wrap--no-controls\">\n<div class=\"fotorama__stage fotorama__pointer\">\n<div class=\"fotorama__fullscreen-icon\" tabindex=\"0\" role=\"button\"><\/div>\n<div class=\"fotorama__stage__shaft\">\n<div class=\"fotorama__stage__frame fotorama__loaded fotorama__loaded--img fotorama__active\"><img class=\"fotorama__img\" src=\"https:\/\/ikisahil.az\/photo\/0x0_2\/upload\/gallery\/2021\/01\/01\/-ef2a4be5160947615082154441010053010.jpg\" \/><\/div>\n<div class=\"fotorama__stage__frame fotorama__loaded fotorama__loaded--img\"><img class=\"fotorama__img\" src=\"https:\/\/ikisahil.az\/photo\/0x0_2\/upload\/gallery\/2021\/01\/01\/-31917677160947614578002833610916393.jpg\" \/><\/div>\n<div class=\"fotorama__stage__frame fotorama__loaded fotorama__loaded--img\"><img class=\"fotorama__img\" src=\"https:\/\/ikisahil.az\/photo\/0x0_2\/upload\/gallery\/2021\/01\/01\/-4a3fd911160947615139583519210331509.jpg\" \/><\/div>\n<\/div>\n<div class=\"fotorama__arr fotorama__arr--prev\" tabindex=\"0\" role=\"button\"><\/div>\n<div class=\"fotorama__arr fotorama__arr--next\" tabindex=\"0\" role=\"button\"><\/div>\n<div class=\"fotorama__video-close\"><\/div>\n<\/div>\n<div class=\"fotorama__nav-wrap\">\n<div class=\"fotorama__nav fotorama__nav--thumbs\">\n<div class=\"fotorama__nav__shaft\">\n<div class=\"fotorama__thumb-border\"><\/div>\n<div class=\"fotorama__nav__frame fotorama__nav__frame--thumb\" tabindex=\"0\" role=\"button\">\n<div class=\"fotorama__thumb fotorama__loaded fotorama__loaded--img\"><img class=\"fotorama__img\" src=\"https:\/\/ikisahil.az\/photo\/150x100_2\/upload\/gallery\/2021\/01\/01\/-31917677160947614578002833610916393.jpg\" \/><\/div>\n<\/div>\n<div class=\"fotorama__nav__frame fotorama__nav__frame--thumb fotorama__active\" tabindex=\"0\" role=\"button\">\n<div class=\"fotorama__thumb fotorama__loaded fotorama__loaded--img\"><img class=\"fotorama__img\" src=\"https:\/\/ikisahil.az\/photo\/150x100_2\/upload\/gallery\/2021\/01\/01\/-ef2a4be5160947615082154441010053010.jpg\" \/><\/div>\n<\/div>\n<div class=\"fotorama__nav__frame fotorama__nav__frame--thumb\" tabindex=\"0\" role=\"button\">\n<div class=\"fotorama__thumb fotorama__loaded fotorama__loaded--img\"><img class=\"fotorama__img\" src=\"https:\/\/ikisahil.az\/photo\/150x100_2\/upload\/gallery\/2021\/01\/01\/-4a3fd911160947615139583519210331509.jpg\" \/><\/div>\n<\/div>\n<\/div>\n<\/div>\n<\/div>\n<\/div>\n<\/div>\n<div class=\"sharing my-2 row no-gutters d-print-none\">\n<div class=\"col-md-4\"><\/div>\n<\/div>\n","protected":false},"excerpt":{"rendered":"<p>31 dekabr-D\u00fcnya Az\u0259rbaycanl\u0131lar\u0131n\u0131n H\u0259mr\u0259yliyi G\u00fcn\u00fc m\u00fcnasib\u0259til\u0259 \u0130sve\u00e7d\u0259 ya\u015fayan az\u0259rbaycanl\u0131lar V\u0259t\u0259n m\u00fcharib\u0259sind\u0259 \u015f\u0259hid olan soyda\u015flar\u0131m\u0131z\u0131n xatir\u0259sini yad etm\u0259k \u00fc\u00e7\u00fcn \u00f6lk\u0259mizin \u0130sve\u00e7r\u0259d\u0259ki s\u0259firliyinin \u00f6n\u00fcnd\u0259 topla\u015f\u0131blar. ARANTV.AZ x\u0259b\u0259r verir ki, Az\u0259rbaycan Respublikas\u0131n\u0131n himninin s\u0259sl\u0259nm\u0259si v\u0259 V\u0259t\u0259n m\u00fcharib\u0259sind\u0259 \u015f\u0259hid olanlar\u0131n xatir\u0259sinin bir d\u0259qiq\u0259lik s\u00fckutla yad edilm\u0259si il\u0259 ba\u015flayan an\u0131m m\u0259rasimind\u0259 i\u015ftirak ed\u0259n h\u0259myerlil\u0259rimiz \u00fcr\u0259k s\u00f6zl\u0259ri il\u0259 \u00e7\u0131x\u0131\u015f edibl\u0259r. \u00c7\u0131x\u0131\u015f\u00e7\u0131lar bildirib ki, Az\u0259rbaycan Ordusunun z\u0259f\u0259r y\u00fcr\u00fc\u015f\u00fc il\u0259 bu il tarixi ad\u0259l\u0259tsizliy\u0259 son qoyulub v\u0259 \u00f6lk\u0259mizin uzun ill\u0259r i\u015f\u011fal alt\u0131nda olan b\u00f6y\u00fck \u0259razil\u0259ri azad olunub. \u00d6lk\u0259mizin azadl\u0131\u011f\u0131 v\u0259 b\u00fct\u00f6vl\u00fcy\u00fc u\u011frunda h\u0259yat\u0131ndan ke\u00e7ib \u015f\u0259hidlik zirv\u0259sin\u0259 ucalan v\u0259t\u0259n&hellip;<\/p>\n","protected":false},"author":2,"featured_media":264113,"comment_status":"closed","ping_status":"closed","sticky":false,"template":"","format":"standard","meta":{"om_disable_all_campaigns":false,"_monsterinsights_skip_tracking":false,"_monsterinsights_sitenote_active":false,"_monsterinsights_sitenote_note":"","_monsterinsights_sitenote_category":0},"categories":[4],"tags":[],"aioseo_notices":[],"gutentor_comment":0,"rttpg_featured_image_url":{"full":["https:\/\/arantv.az\/wp-content\/uploads\/2021\/01\/fdbd31f2160947613150531529410057409.jpg",975,540,false],"landscape":["https:\/\/arantv.az\/wp-content\/uploads\/2021\/01\/fdbd31f2160947613150531529410057409.jpg",975,540,false],"portraits":["https:\/\/arantv.az\/wp-content\/uploads\/2021\/01\/fdbd31f2160947613150531529410057409.jpg",975,540,false],"thumbnail":["https:\/\/arantv.az\/wp-content\/uploads\/2021\/01\/fdbd31f2160947613150531529410057409-150x150.jpg",150,150,true],"medium":["https:\/\/arantv.az\/wp-content\/uploads\/2021\/01\/fdbd31f2160947613150531529410057409-300x166.jpg",300,166,true],"large":["https:\/\/arantv.az\/wp-content\/uploads\/2021\/01\/fdbd31f2160947613150531529410057409.jpg",640,354,false],"1536x1536":["https:\/\/arantv.az\/wp-content\/uploads\/2021\/01\/fdbd31f2160947613150531529410057409.jpg",975,540,false],"2048x2048":["https:\/\/arantv.az\/wp-content\/uploads\/2021\/01\/fdbd31f2160947613150531529410057409.jpg",975,540,false],"post-thumbnail":["https:\/\/arantv.az\/wp-content\/uploads\/2021\/01\/fdbd31f2160947613150531529410057409-240x172.jpg",240,172,true],"advps-thumb-one":["https:\/\/arantv.az\/wp-content\/uploads\/2021\/01\/fdbd31f2160947613150531529410057409.jpg",975,540,false]},"rttpg_author":{"display_name":"V\u00fcsal Rafiqo\u011flu","author_link":"https:\/\/arantv.az\/?author=2"},"rttpg_comment":0,"rttpg_category":"<a href=\"https:\/\/arantv.az\/?cat=4\" rel=\"category\">Siyas\u0259t<\/a>","rttpg_excerpt":"31 dekabr-D\u00fcnya Az\u0259rbaycanl\u0131lar\u0131n\u0131n H\u0259mr\u0259yliyi G\u00fcn\u00fc m\u00fcnasib\u0259til\u0259 \u0130sve\u00e7d\u0259 ya\u015fayan az\u0259rbaycanl\u0131lar V\u0259t\u0259n m\u00fcharib\u0259sind\u0259 \u015f\u0259hid olan soyda\u015flar\u0131m\u0131z\u0131n xatir\u0259sini yad etm\u0259k \u00fc\u00e7\u00fcn \u00f6lk\u0259mizin \u0130sve\u00e7r\u0259d\u0259ki s\u0259firliyinin \u00f6n\u00fcnd\u0259 topla\u015f\u0131blar. ARANTV.AZ x\u0259b\u0259r verir ki, Az\u0259rbaycan Respublikas\u0131n\u0131n himninin s\u0259sl\u0259nm\u0259si v\u0259 V\u0259t\u0259n m\u00fcharib\u0259sind\u0259 \u015f\u0259hid olanlar\u0131n xatir\u0259sinin bir d\u0259qiq\u0259lik s\u00fckutla yad edilm\u0259si il\u0259 ba\u015flayan an\u0131m m\u0259rasimind\u0259 i\u015ftirak ed\u0259n h\u0259myerlil\u0259rimiz \u00fcr\u0259k s\u00f6zl\u0259ri il\u0259 \u00e7\u0131x\u0131\u015f edibl\u0259r. \u00c7\u0131x\u0131\u015f\u00e7\u0131lar&hellip;","_links":{"self":[{"href":"https:\/\/arantv.az\/index.php?rest_route=\/wp\/v2\/posts\/264112"}],"collection":[{"href":"https:\/\/arantv.az\/index.php?rest_route=\/wp\/v2\/posts"}],"about":[{"href":"https:\/\/arantv.az\/index.php?rest_route=\/wp\/v2\/types\/post"}],"author":[{"embeddable":true,"href":"https:\/\/arantv.az\/index.php?rest_route=\/wp\/v2\/users\/2"}],"replies":[{"embeddable":true,"href":"https:\/\/arantv.az\/index.php?rest_route=%2Fwp%2Fv2%2Fcomments&post=264112"}],"version-history":[{"count":0,"href":"https:\/\/arantv.az\/index.php?rest_route=\/wp\/v2\/posts\/264112\/revisions"}],"wp:featuredmedia":[{"embeddable":true,"href":"https:\/\/arantv.az\/index.php?rest_route=\/wp\/v2\/media\/264113"}],"wp:attachment":[{"href":"https:\/\/arantv.az\/index.php?rest_route=%2Fwp%2Fv2%2Fmedia&parent=264112"}],"wp:term":[{"taxonomy":"category","embeddable":true,"href":"https:\/\/arantv.az\/index.php?rest_route=%2Fwp%2Fv2%2Fcategories&post=264112"},{"taxonomy":"post_tag","embeddable":true,"href":"https:\/\/arantv.az\/index.php?rest_route=%2Fwp%2Fv2%2Ftags&post=264112"}],"curies":[{"name":"wp","href":"https:\/\/api.w.org\/{rel}","templated":true}]}}