{"id":264116,"date":"2021-01-01T14:01:32","date_gmt":"2021-01-01T11:01:32","guid":{"rendered":"http:\/\/arantv.az\/?p=264116"},"modified":"2021-01-01T14:01:32","modified_gmt":"2021-01-01T11:01:32","slug":"rayonlarda-bayram-qeyd-edilirmi-video","status":"publish","type":"post","link":"https:\/\/arantv.az\/?p=264116","title":{"rendered":"Rayonlarda bayram qeyd edilirmi? &#8211; V\u0130DEO"},"content":{"rendered":"<article class=\"news\">\n<div class=\"news-inner\">\n<p>\u015eamax\u0131 rayonunda Yeni il bayram\u0131 il\u0259 ba\u011fl\u0131 maraql\u0131 sor\u011fu ke\u00e7irilib.<\/p>\n<p>Baku TV-nin haz\u0131rlad\u0131\u011f\u0131 sor\u011fuda \u201cBu il bayram\u0131 qeyd edirsinizmi?\u201d sual\u0131 verilib.<\/p>\n<div id=\"AdviadNativeVideo0\" class=\"AdviadNativeVideo\"><\/div>\n<p>Sor\u011fuda i\u015ftirak ed\u0259n sakinl\u0259rin \u0259ks\u0259riyy\u0259ti \u015f\u0259hidl\u0259rin ruhuna say\u011f\u0131 il\u0259 yana\u015faraq, bayram\u0131 qeyd etm\u0259dikl\u0259rini bildiribl\u0259r.<\/p>\n<p>\u018ftrafl\u0131 sor\u011funu t\u0259qdim edirik:<\/p>\n<div><iframe loading=\"lazy\" src=\"https:\/\/www.youtube.com\/embed\/aTMmxj_7UUk\" width=\"560\" height=\"315\" frameborder=\"0\" allowfullscreen=\"allowfullscreen\" data-mce-fragment=\"1\"><\/iframe><\/div>\n<\/div>\n<\/article>\n<h2 class=\"news-share-title\"><\/h2>\n","protected":false},"excerpt":{"rendered":"<p>\u015eamax\u0131 rayonunda Yeni il bayram\u0131 il\u0259 ba\u011fl\u0131 maraql\u0131 sor\u011fu ke\u00e7irilib. Baku TV-nin haz\u0131rlad\u0131\u011f\u0131 sor\u011fuda \u201cBu il bayram\u0131 qeyd edirsinizmi?\u201d sual\u0131 verilib. Sor\u011fuda i\u015ftirak ed\u0259n sakinl\u0259rin \u0259ks\u0259riyy\u0259ti \u015f\u0259hidl\u0259rin ruhuna say\u011f\u0131 il\u0259 yana\u015faraq, bayram\u0131 qeyd etm\u0259dikl\u0259rini bildiribl\u0259r. \u018ftrafl\u0131 sor\u011funu t\u0259qdim edirik:<\/p>\n","protected":false},"author":2,"featured_media":264117,"comment_status":"closed","ping_status":"closed","sticky":false,"template":"","format":"standard","meta":{"om_disable_all_campaigns":false,"_monsterinsights_skip_tracking":false,"_monsterinsights_sitenote_active":false,"_monsterinsights_sitenote_note":"","_monsterinsights_sitenote_category":0},"categories":[26],"tags":[],"aioseo_notices":[],"gutentor_comment":0,"rttpg_featured_image_url":{"full":["https:\/\/arantv.az\/wp-content\/uploads\/2021\/01\/samaxi.jpg",475,300,false],"landscape":["https:\/\/arantv.az\/wp-content\/uploads\/2021\/01\/samaxi.jpg",475,300,false],"portraits":["https:\/\/arantv.az\/wp-content\/uploads\/2021\/01\/samaxi.jpg",475,300,false],"thumbnail":["https:\/\/arantv.az\/wp-content\/uploads\/2021\/01\/samaxi-150x150.jpg",150,150,true],"medium":["https:\/\/arantv.az\/wp-content\/uploads\/2021\/01\/samaxi-300x189.jpg",300,189,true],"large":["https:\/\/arantv.az\/wp-content\/uploads\/2021\/01\/samaxi.jpg",475,300,false],"1536x1536":["https:\/\/arantv.az\/wp-content\/uploads\/2021\/01\/samaxi.jpg",475,300,false],"2048x2048":["https:\/\/arantv.az\/wp-content\/uploads\/2021\/01\/samaxi.jpg",475,300,false],"post-thumbnail":["https:\/\/arantv.az\/wp-content\/uploads\/2021\/01\/samaxi-240x172.jpg",240,172,true],"advps-thumb-one":["https:\/\/arantv.az\/wp-content\/uploads\/2021\/01\/samaxi.jpg",475,300,false]},"rttpg_author":{"display_name":"V\u00fcsal Rafiqo\u011flu","author_link":"https:\/\/arantv.az\/?author=2"},"rttpg_comment":0,"rttpg_category":"<a href=\"https:\/\/arantv.az\/?cat=26\" rel=\"category\">Sosial<\/a>","rttpg_excerpt":"\u015eamax\u0131 rayonunda Yeni il bayram\u0131 il\u0259 ba\u011fl\u0131 maraql\u0131 sor\u011fu ke\u00e7irilib. Baku TV-nin haz\u0131rlad\u0131\u011f\u0131 sor\u011fuda \u201cBu il bayram\u0131 qeyd edirsinizmi?\u201d sual\u0131 verilib. Sor\u011fuda i\u015ftirak ed\u0259n sakinl\u0259rin \u0259ks\u0259riyy\u0259ti \u015f\u0259hidl\u0259rin ruhuna say\u011f\u0131 il\u0259 yana\u015faraq, bayram\u0131 qeyd etm\u0259dikl\u0259rini bildiribl\u0259r. \u018ftrafl\u0131 sor\u011funu t\u0259qdim edirik:","_links":{"self":[{"href":"https:\/\/arantv.az\/index.php?rest_route=\/wp\/v2\/posts\/264116"}],"collection":[{"href":"https:\/\/arantv.az\/index.php?rest_route=\/wp\/v2\/posts"}],"about":[{"href":"https:\/\/arantv.az\/index.php?rest_route=\/wp\/v2\/types\/post"}],"author":[{"embeddable":true,"href":"https:\/\/arantv.az\/index.php?rest_route=\/wp\/v2\/users\/2"}],"replies":[{"embeddable":true,"href":"https:\/\/arantv.az\/index.php?rest_route=%2Fwp%2Fv2%2Fcomments&post=264116"}],"version-history":[{"count":0,"href":"https:\/\/arantv.az\/index.php?rest_route=\/wp\/v2\/posts\/264116\/revisions"}],"wp:featuredmedia":[{"embeddable":true,"href":"https:\/\/arantv.az\/index.php?rest_route=\/wp\/v2\/media\/264117"}],"wp:attachment":[{"href":"https:\/\/arantv.az\/index.php?rest_route=%2Fwp%2Fv2%2Fmedia&parent=264116"}],"wp:term":[{"taxonomy":"category","embeddable":true,"href":"https:\/\/arantv.az\/index.php?rest_route=%2Fwp%2Fv2%2Fcategories&post=264116"},{"taxonomy":"post_tag","embeddable":true,"href":"https:\/\/arantv.az\/index.php?rest_route=%2Fwp%2Fv2%2Ftags&post=264116"}],"curies":[{"name":"wp","href":"https:\/\/api.w.org\/{rel}","templated":true}]}}