{"id":264120,"date":"2021-01-01T14:03:49","date_gmt":"2021-01-01T11:03:49","guid":{"rendered":"http:\/\/arantv.az\/?p=264120"},"modified":"2021-01-01T14:03:49","modified_gmt":"2021-01-01T11:03:49","slug":"son-d%c9%99qiq%c9%99-fuzulid%c9%99-mina-partladi-iki-ayagini-itirdi","status":"publish","type":"post","link":"https:\/\/arantv.az\/?p=264120","title":{"rendered":"SON D\u018fQ\u0130Q\u018f: F\u00fczulid\u0259 mina partlad\u0131, iki aya\u011f\u0131n\u0131 itirdi"},"content":{"rendered":"<p><strong>01 yanvar 2021-ci il tarixd\u0259 s\u0259h\u0259r saatlar\u0131nda\u00a0<a class=\"kw-link\" title=\"Az\u0259rbaycan x\u0259b\u0259rl\u0259ri\" href=\"https:\/\/metbuat.az\/news\/search?q=az%C9%99rbaycan\" target=\"_blank\" rel=\"noopener\">Az\u0259rbaycan<\/a>\u00a0Respublikas\u0131n\u0131n v\u0259t\u0259ndas\u0327\u0131 1981-ci il t\u0259v\u0259llu\u0308dlu\u0308 Babayev Zabil Qabil og\u0306lu Fu\u0308zuli rayonunun is\u0327g\u0306aldan azad olunmus\u0327 \u0259razisind\u0259 olark\u0259n piyada \u0259leyhin\u0259 minaya du\u0308s\u0327\u00fcb, n\u0259tic\u0259d\u0259 ag\u0306\u0131r d\u0259r\u0259c\u0259li b\u0259d\u0259n x\u0259sar\u0259ti alaraq h\u0259r iki aya\u011f\u0131 travmatik amputasiya olunub.<\/strong><\/p>\n<p><strong>ARANTV.AZ<\/strong> x\u0259b\u0259r verir ki, bu bar\u0259d\u0259 Az\u0259rbaycan Respublikas\u0131n\u0131n Ba\u015f Prokurorlu\u011fu, Az\u0259rbaycan Respublikas\u0131 Daxili \u0130\u015fl\u0259r Nazirliyi v\u0259 Az\u0259rbaycan Respublikas\u0131 \u018frazil\u0259rinin Minalardan T\u0259mizl\u0259nm\u0259si \u00fczr\u0259 Milli Agentliyin (ANAMA) birg\u0259 m\u0259lumat\u0131nda deyilir.<\/p>\n<p>Prokurorluq v\u0259 polis \u0259m\u0259kdas\u0327lar\u0131 t\u0259r\u0259find\u0259n hadis\u0259 yerin\u0259 bax\u0131s\u0327 kec\u0327irilmis\u0327, m\u0259hk\u0259m\u0259-tibb ekspertizas\u0131 t\u0259yin edilib, dig\u0259r prosessual h\u0259r\u0259k\u0259tl\u0259r yerin\u0259 yetirilib.<\/p>\n<p>Haz\u0131rda faktla ba\u011fl\u0131\u00a0<a class=\"kw-link\" title=\"F\u00fczuli x\u0259b\u0259rl\u0259ri\" href=\"https:\/\/metbuat.az\/news\/search?q=f%C3%BCzuli\" target=\"_blank\" rel=\"noopener\">F\u00fczuli<\/a>\u00a0rayon prokurorlu\u011funda ara\u015fd\u0131rma apar\u0131l\u0131r.<\/p>\n<p>&#8220;D\u00f6vl\u0259t qurumlar\u0131 t\u0259r\u0259find\u0259n d\u0259f\u0259l\u0259rl\u0259 x\u0259b\u0259rdarl\u0131q edilm\u0259sin\u0259 baxmayaraq, v\u0259t\u0259nda\u015flar postlardan yay\u0131naraq i\u015f\u011faldan azad olunmu\u015f \u0259razil\u0259r\u0259 daxil olur v\u0259 bunun n\u0259tic\u0259sind\u0259 mina v\u0259 partlamam\u0131\u015f h\u0259rbi sursat t\u0259hl\u00fck\u0259si riskin\u0259 m\u0259ruz qal\u0131rlar. X\u00fcsusi il\u0259 qeyd edilm\u0259lidir ki, haz\u0131rda bu \u0259razil\u0259rd\u0259 mina v\u0259 partlamam\u0131\u015f h\u0259rbi sursatlar\u0131n t\u0259mizl\u0259nm\u0259si \u0259m\u0259liyyat\u0131 h\u0259yata ke\u00e7irilir.<\/p>\n<p>Ba\u015f Prokurorluq, D\u0130N v\u0259 ANAMA bir daha \u0259haliy\u0259 x\u0259b\u0259rdarl\u0131q ed\u0259r\u0259k, x\u00fcsusi icaz\u0259 olmadan is\u0327g\u0306aldan azad olunmus\u0327 \u0259razil\u0259rin minalardan v\u0259 dig\u0259r partlay\u0131c\u0131 vasit\u0259l\u0259rd\u0259n tam t\u0259mizl\u0259n\u0259n\u0259d\u0259k h\u0259min bo\u0308lg\u0259l\u0259r\u0259 s\u0259f\u0259r etm\u0259m\u0259l\u0259rini xahis\u0327 edir&#8221;, &#8211; birg\u0259 a\u00e7\u0131qlamada bildirilib.Metbuat.az<\/p>\n","protected":false},"excerpt":{"rendered":"<p>01 yanvar 2021-ci il tarixd\u0259 s\u0259h\u0259r saatlar\u0131nda\u00a0Az\u0259rbaycan\u00a0Respublikas\u0131n\u0131n v\u0259t\u0259ndas\u0327\u0131 1981-ci il t\u0259v\u0259llu\u0308dlu\u0308 Babayev Zabil Qabil og\u0306lu Fu\u0308zuli rayonunun is\u0327g\u0306aldan azad olunmus\u0327 \u0259razisind\u0259 olark\u0259n piyada \u0259leyhin\u0259 minaya du\u0308s\u0327\u00fcb, n\u0259tic\u0259d\u0259 ag\u0306\u0131r d\u0259r\u0259c\u0259li b\u0259d\u0259n x\u0259sar\u0259ti alaraq h\u0259r iki aya\u011f\u0131 travmatik amputasiya olunub. ARANTV.AZ x\u0259b\u0259r verir ki, bu bar\u0259d\u0259 Az\u0259rbaycan Respublikas\u0131n\u0131n Ba\u015f Prokurorlu\u011fu, Az\u0259rbaycan Respublikas\u0131 Daxili \u0130\u015fl\u0259r Nazirliyi v\u0259 Az\u0259rbaycan Respublikas\u0131 \u018frazil\u0259rinin Minalardan T\u0259mizl\u0259nm\u0259si \u00fczr\u0259 Milli Agentliyin (ANAMA) birg\u0259 m\u0259lumat\u0131nda deyilir. Prokurorluq v\u0259 polis \u0259m\u0259kdas\u0327lar\u0131 t\u0259r\u0259find\u0259n hadis\u0259 yerin\u0259 bax\u0131s\u0327 kec\u0327irilmis\u0327, m\u0259hk\u0259m\u0259-tibb ekspertizas\u0131 t\u0259yin edilib, dig\u0259r prosessual h\u0259r\u0259k\u0259tl\u0259r yerin\u0259 yetirilib. Haz\u0131rda faktla ba\u011fl\u0131\u00a0F\u00fczuli\u00a0rayon prokurorlu\u011funda ara\u015fd\u0131rma apar\u0131l\u0131r.&hellip;<\/p>\n","protected":false},"author":2,"featured_media":264121,"comment_status":"closed","ping_status":"closed","sticky":false,"template":"","format":"standard","meta":{"om_disable_all_campaigns":false,"_monsterinsights_skip_tracking":false,"_monsterinsights_sitenote_active":false,"_monsterinsights_sitenote_note":"","_monsterinsights_sitenote_category":0},"categories":[5],"tags":[],"aioseo_notices":[],"gutentor_comment":0,"rttpg_featured_image_url":{"full":["https:\/\/arantv.az\/wp-content\/uploads\/2021\/01\/1397138.jpg",734,494,false],"landscape":["https:\/\/arantv.az\/wp-content\/uploads\/2021\/01\/1397138.jpg",734,494,false],"portraits":["https:\/\/arantv.az\/wp-content\/uploads\/2021\/01\/1397138.jpg",734,494,false],"thumbnail":["https:\/\/arantv.az\/wp-content\/uploads\/2021\/01\/1397138-150x150.jpg",150,150,true],"medium":["https:\/\/arantv.az\/wp-content\/uploads\/2021\/01\/1397138-300x202.jpg",300,202,true],"large":["https:\/\/arantv.az\/wp-content\/uploads\/2021\/01\/1397138.jpg",640,431,false],"1536x1536":["https:\/\/arantv.az\/wp-content\/uploads\/2021\/01\/1397138.jpg",734,494,false],"2048x2048":["https:\/\/arantv.az\/wp-content\/uploads\/2021\/01\/1397138.jpg",734,494,false],"post-thumbnail":["https:\/\/arantv.az\/wp-content\/uploads\/2021\/01\/1397138-240x172.jpg",240,172,true],"advps-thumb-one":["https:\/\/arantv.az\/wp-content\/uploads\/2021\/01\/1397138.jpg",734,494,false]},"rttpg_author":{"display_name":"V\u00fcsal Rafiqo\u011flu","author_link":"https:\/\/arantv.az\/?author=2"},"rttpg_comment":0,"rttpg_category":"<a href=\"https:\/\/arantv.az\/?cat=5\" rel=\"category\">Hadis\u0259<\/a>","rttpg_excerpt":"01 yanvar 2021-ci il tarixd\u0259 s\u0259h\u0259r saatlar\u0131nda\u00a0Az\u0259rbaycan\u00a0Respublikas\u0131n\u0131n v\u0259t\u0259ndas\u0327\u0131 1981-ci il t\u0259v\u0259llu\u0308dlu\u0308 Babayev Zabil Qabil og\u0306lu Fu\u0308zuli rayonunun is\u0327g\u0306aldan azad olunmus\u0327 \u0259razisind\u0259 olark\u0259n piyada \u0259leyhin\u0259 minaya du\u0308s\u0327\u00fcb, n\u0259tic\u0259d\u0259 ag\u0306\u0131r d\u0259r\u0259c\u0259li b\u0259d\u0259n x\u0259sar\u0259ti alaraq h\u0259r iki aya\u011f\u0131 travmatik amputasiya olunub. ARANTV.AZ x\u0259b\u0259r verir ki, bu bar\u0259d\u0259 Az\u0259rbaycan Respublikas\u0131n\u0131n Ba\u015f Prokurorlu\u011fu, Az\u0259rbaycan Respublikas\u0131 Daxili \u0130\u015fl\u0259r Nazirliyi v\u0259 Az\u0259rbaycan&hellip;","_links":{"self":[{"href":"https:\/\/arantv.az\/index.php?rest_route=\/wp\/v2\/posts\/264120"}],"collection":[{"href":"https:\/\/arantv.az\/index.php?rest_route=\/wp\/v2\/posts"}],"about":[{"href":"https:\/\/arantv.az\/index.php?rest_route=\/wp\/v2\/types\/post"}],"author":[{"embeddable":true,"href":"https:\/\/arantv.az\/index.php?rest_route=\/wp\/v2\/users\/2"}],"replies":[{"embeddable":true,"href":"https:\/\/arantv.az\/index.php?rest_route=%2Fwp%2Fv2%2Fcomments&post=264120"}],"version-history":[{"count":0,"href":"https:\/\/arantv.az\/index.php?rest_route=\/wp\/v2\/posts\/264120\/revisions"}],"wp:featuredmedia":[{"embeddable":true,"href":"https:\/\/arantv.az\/index.php?rest_route=\/wp\/v2\/media\/264121"}],"wp:attachment":[{"href":"https:\/\/arantv.az\/index.php?rest_route=%2Fwp%2Fv2%2Fmedia&parent=264120"}],"wp:term":[{"taxonomy":"category","embeddable":true,"href":"https:\/\/arantv.az\/index.php?rest_route=%2Fwp%2Fv2%2Fcategories&post=264120"},{"taxonomy":"post_tag","embeddable":true,"href":"https:\/\/arantv.az\/index.php?rest_route=%2Fwp%2Fv2%2Ftags&post=264120"}],"curies":[{"name":"wp","href":"https:\/\/api.w.org\/{rel}","templated":true}]}}