{"id":264131,"date":"2021-01-01T19:18:11","date_gmt":"2021-01-01T16:18:11","guid":{"rendered":"http:\/\/arantv.az\/?p=264131"},"modified":"2021-01-01T19:18:11","modified_gmt":"2021-01-01T16:18:11","slug":"%c9%99rdogan-turkdilli-olk%c9%99l%c9%99rin-liderl%c9%99rini-t%c9%99brik-etdi","status":"publish","type":"post","link":"https:\/\/arantv.az\/?p=264131","title":{"rendered":"\u018frdo\u011fan t\u00fcrkdilli \u00f6lk\u0259l\u0259rin liderl\u0259rini t\u0259brik etdi"},"content":{"rendered":"<p>T\u00fcrkiy\u0259 Prezidenti R\u0259c\u0259b Tayyib \u018frdo\u011fanla Az\u0259rbaycan Prezidenti \u0130lham \u018fliyev, Qazax\u0131stan Prezidenti Kas\u0131m-Jomart Tokayev, T\u00fcrkm\u0259nistan Prezidenti Qurbanqulu Berdim\u0259h\u0259mm\u0259dov, \u00d6zb\u0259kistan Prezidenti \u015eavkat Mirziyoyev v\u0259 \u015eimali Kipr T\u00fcrk Respublikas\u0131n\u0131n Prezidenti Ersin Tatar aras\u0131nda telefon dan\u0131\u015f\u0131\u011f\u0131 ba\u015f tutub.<\/p>\n<p>Bu bar\u0259d\u0259 \u201cHaber Global\u201d m\u0259lumat yay\u0131b.<\/p>\n<div id=\"AdviadNativeVideo0\" class=\"AdviadNativeVideo\"><\/div>\n<p>S\u00f6hb\u0259t zaman\u0131 liderl\u0259r aras\u0131nda qar\u015f\u0131l\u0131ql\u0131 yeni il t\u0259brikl\u0259ri olub.<\/p>\n<p>Liderl\u0259rin telefon dan\u0131\u015f\u011f\u0131nda yeni ild\u0259 ikit\u0259r\u0259fli m\u00fcnasib\u0259tl\u0259rin inki\u015faf etdirilm\u0259si v\u0259 regional m\u0259s\u0259l\u0259l\u0259rd\u0259 \u0259m\u0259kda\u015fl\u0131\u011f\u0131n g\u00fccl\u0259ndirilm\u0259sind\u0259 q\u0259rarl\u0131l\u0131q vur\u011fulan\u0131b.<\/p>\n","protected":false},"excerpt":{"rendered":"<p>T\u00fcrkiy\u0259 Prezidenti R\u0259c\u0259b Tayyib \u018frdo\u011fanla Az\u0259rbaycan Prezidenti \u0130lham \u018fliyev, Qazax\u0131stan Prezidenti Kas\u0131m-Jomart Tokayev, T\u00fcrkm\u0259nistan Prezidenti Qurbanqulu Berdim\u0259h\u0259mm\u0259dov, \u00d6zb\u0259kistan Prezidenti \u015eavkat Mirziyoyev v\u0259 \u015eimali Kipr T\u00fcrk Respublikas\u0131n\u0131n Prezidenti Ersin Tatar aras\u0131nda telefon dan\u0131\u015f\u0131\u011f\u0131 ba\u015f tutub. Bu bar\u0259d\u0259 \u201cHaber Global\u201d m\u0259lumat yay\u0131b. S\u00f6hb\u0259t zaman\u0131 liderl\u0259r aras\u0131nda qar\u015f\u0131l\u0131ql\u0131 yeni il t\u0259brikl\u0259ri olub. Liderl\u0259rin telefon dan\u0131\u015f\u011f\u0131nda yeni ild\u0259 ikit\u0259r\u0259fli m\u00fcnasib\u0259tl\u0259rin inki\u015faf etdirilm\u0259si v\u0259 regional m\u0259s\u0259l\u0259l\u0259rd\u0259 \u0259m\u0259kda\u015fl\u0131\u011f\u0131n g\u00fccl\u0259ndirilm\u0259sind\u0259 q\u0259rarl\u0131l\u0131q vur\u011fulan\u0131b.<\/p>\n","protected":false},"author":2,"featured_media":264132,"comment_status":"closed","ping_status":"closed","sticky":false,"template":"","format":"standard","meta":{"om_disable_all_campaigns":false,"_monsterinsights_skip_tracking":false,"_monsterinsights_sitenote_active":false,"_monsterinsights_sitenote_note":"","_monsterinsights_sitenote_category":0},"categories":[4],"tags":[],"aioseo_notices":[],"gutentor_comment":0,"rttpg_featured_image_url":{"full":["https:\/\/arantv.az\/wp-content\/uploads\/2021\/01\/RTE.jpg",620,351,false],"landscape":["https:\/\/arantv.az\/wp-content\/uploads\/2021\/01\/RTE.jpg",620,351,false],"portraits":["https:\/\/arantv.az\/wp-content\/uploads\/2021\/01\/RTE.jpg",620,351,false],"thumbnail":["https:\/\/arantv.az\/wp-content\/uploads\/2021\/01\/RTE-150x150.jpg",150,150,true],"medium":["https:\/\/arantv.az\/wp-content\/uploads\/2021\/01\/RTE-300x170.jpg",300,170,true],"large":["https:\/\/arantv.az\/wp-content\/uploads\/2021\/01\/RTE.jpg",620,351,false],"1536x1536":["https:\/\/arantv.az\/wp-content\/uploads\/2021\/01\/RTE.jpg",620,351,false],"2048x2048":["https:\/\/arantv.az\/wp-content\/uploads\/2021\/01\/RTE.jpg",620,351,false],"post-thumbnail":["https:\/\/arantv.az\/wp-content\/uploads\/2021\/01\/RTE-240x172.jpg",240,172,true],"advps-thumb-one":["https:\/\/arantv.az\/wp-content\/uploads\/2021\/01\/RTE.jpg",620,351,false]},"rttpg_author":{"display_name":"V\u00fcsal Rafiqo\u011flu","author_link":"https:\/\/arantv.az\/?author=2"},"rttpg_comment":0,"rttpg_category":"<a href=\"https:\/\/arantv.az\/?cat=4\" rel=\"category\">Siyas\u0259t<\/a>","rttpg_excerpt":"T\u00fcrkiy\u0259 Prezidenti R\u0259c\u0259b Tayyib \u018frdo\u011fanla Az\u0259rbaycan Prezidenti \u0130lham \u018fliyev, Qazax\u0131stan Prezidenti Kas\u0131m-Jomart Tokayev, T\u00fcrkm\u0259nistan Prezidenti Qurbanqulu Berdim\u0259h\u0259mm\u0259dov, \u00d6zb\u0259kistan Prezidenti \u015eavkat Mirziyoyev v\u0259 \u015eimali Kipr T\u00fcrk Respublikas\u0131n\u0131n Prezidenti Ersin Tatar aras\u0131nda telefon dan\u0131\u015f\u0131\u011f\u0131 ba\u015f tutub. Bu bar\u0259d\u0259 \u201cHaber Global\u201d m\u0259lumat yay\u0131b. S\u00f6hb\u0259t zaman\u0131 liderl\u0259r aras\u0131nda qar\u015f\u0131l\u0131ql\u0131 yeni il t\u0259brikl\u0259ri olub. Liderl\u0259rin telefon dan\u0131\u015f\u011f\u0131nda yeni ild\u0259 ikit\u0259r\u0259fli&hellip;","_links":{"self":[{"href":"https:\/\/arantv.az\/index.php?rest_route=\/wp\/v2\/posts\/264131"}],"collection":[{"href":"https:\/\/arantv.az\/index.php?rest_route=\/wp\/v2\/posts"}],"about":[{"href":"https:\/\/arantv.az\/index.php?rest_route=\/wp\/v2\/types\/post"}],"author":[{"embeddable":true,"href":"https:\/\/arantv.az\/index.php?rest_route=\/wp\/v2\/users\/2"}],"replies":[{"embeddable":true,"href":"https:\/\/arantv.az\/index.php?rest_route=%2Fwp%2Fv2%2Fcomments&post=264131"}],"version-history":[{"count":0,"href":"https:\/\/arantv.az\/index.php?rest_route=\/wp\/v2\/posts\/264131\/revisions"}],"wp:featuredmedia":[{"embeddable":true,"href":"https:\/\/arantv.az\/index.php?rest_route=\/wp\/v2\/media\/264132"}],"wp:attachment":[{"href":"https:\/\/arantv.az\/index.php?rest_route=%2Fwp%2Fv2%2Fmedia&parent=264131"}],"wp:term":[{"taxonomy":"category","embeddable":true,"href":"https:\/\/arantv.az\/index.php?rest_route=%2Fwp%2Fv2%2Fcategories&post=264131"},{"taxonomy":"post_tag","embeddable":true,"href":"https:\/\/arantv.az\/index.php?rest_route=%2Fwp%2Fv2%2Ftags&post=264131"}],"curies":[{"name":"wp","href":"https:\/\/api.w.org\/{rel}","templated":true}]}}